{"id":110406,"date":"2019-10-29T14:04:06","date_gmt":"2019-10-29T18:04:06","guid":{"rendered":"http:\/\/www.bibula.com\/?p=110406"},"modified":"2019-10-31T14:44:34","modified_gmt":"2019-10-31T18:44:34","slug":"usa-ksiadz-odmawia-komunii-kandydatowi-na-prezydenta-powodem-proaborcyjne-zapowiedzi","status":"publish","type":"post","link":"https:\/\/www.bibula.com\/?p=110406","title":{"rendered":"USA: ksi\u0105dz odmawia Komunii kandydatowi na prezydenta. Powodem proaborcyjne zapowiedzi"},"content":{"rendered":"<p><strong>Ksi\u0105dz Robert E. Morey, proboszcz parafii \u015bw. Antoniego w diecezji Charleston w Karolinie Po\u0142udniowej, odm\u00f3wi\u0142 &nbsp;udzielenia Komunii \u015awi\u0119tej Joe Bidenowi. Kandydat na prezydenta z Partii Demokratycznej prowadzi\u0142 w weekend swoj\u0105 kampani\u0119 w Karolinie Po\u0142udniowej.<\/strong><\/p>\r\n<p>W wydanym o\u015bwiadczeniu ks. Morey stwierdzi\u0142: \u201eZe smutkiem musia\u0142em w zesz\u0142\u0105 niedziel\u0119 odm\u00f3wi\u0107 Komunii \u015awi\u0119tej by\u0142emu wiceprezydentowi Joe Bidenowi. Komunia \u015awi\u0119ta oznacza, \u017ce jeste\u015bmy w jedno\u015bci z Bogiem, ze sob\u0105 nawzajem i Ko\u015bcio\u0142em. Nasze dzia\u0142ania powinny to odzwierciedla\u0107. Ka\u017cda posta\u0107 publiczna, kt\u00f3ra popiera aborcj\u0119, sytuuje si\u0119 poza nauk\u0105 Ko\u015bcio\u0142a. Moj\u0105 odpowiedzialno\u015bci\u0105 jako ksi\u0119dza jest pe\u0142nienie obowi\u0105zk\u00f3w duszpasterskich wobec tych dusz, kt\u00f3re zosta\u0142y powierzone mej opiece i musz\u0119 tak post\u0119powa\u0107 nawet w najtrudniejszych sytuacjach. B\u0119d\u0119 pami\u0119ta\u0142 o panu Bidenie w swoich modlitwach\u201d.<\/p>\r\n<p>Joe Biden obieca\u0142 w lecie tego roku \u201ewyeliminowa\u0107 wszystkie zmiany\u201d w programach planowania rodziny, jakie wprowadzi\u0142 prezydent Trump, oraz zwi\u0119kszy\u0107 finansowanie najwi\u0119kszej organizacji aborcyjnej, Planned Parenthood. Wycofa\u0142 si\u0119 r\u00f3wnie\u017c z obietnicy ochrony podatnik\u00f3w przed finansowaniem aborcji.<\/p>\r\n<p>Kanon 915 <em>Kodeksu prawa kanonicznego<\/em> m\u00f3wi m.in.: \u201eDo Komunii \u015awi\u0119tej nie nale\u017cy dopuszcza\u0107 (&#8230;) os\u00f3b trwaj\u0105cych z uporem w jawnym grzechu ci\u0119\u017ckim\u201d. Jak przypomina Catholic News Agency, kardyna\u0142 Ratzinger w roku 2004 napisa\u0142 memorandum do katolickich biskup\u00f3w USA na temat zastosowania tego kanonu. Wyja\u015bni\u0142 w nim, \u017ce polityk promuj\u0105cy aborcj\u0119 i prawo do eutanazji to osoba, kt\u00f3ra wsp\u00f3\u0142uczestniczy \u201ew jawnym grzechu ci\u0119\u017ckim\u201d. W\u00f3wczas duszpasterz takiego polityka \u201epowinien si\u0119 z nim spotka\u0107, pouczaj\u0105c go o nauce Ko\u015bcio\u0142a, informuj\u0105c, \u017ce nie powinien przyst\u0119powa\u0107 do Komunii, dop\u00f3ki nie zako\u0144czy obiektywnej sytuacji grzechu, oraz ostrzec go, \u017ce w innym przypadku Eucharystia zostanie mu odm\u00f3wiona\u201d.<\/p>\r\n<p>\u0179r\u00f3d\u0142o: wpde.com\/catholicnewsagency.com<\/p>\r\n<p>jjf<\/p>\r\n<p class=\"zrodlo\">Za: <a href=\"https:\/\/www.pch24.pl\/usa--ksiadz-odmawia-komunii-kandydatowi-na-prezydenta--powodem-proaborcyjne-zapowiedzi,71783,i.html\">PoloniaChristiana &#8211; pch24.pl (2019-10-29)<\/a><\/p>\r\n<h4>&nbsp;<\/h4>\r\n<hr style=\"background-color: #000000; border-width: 0; color: #000000; height: 2px; line-height: 0; text-align: center; width: 100%;\">\r\n<h4>&nbsp;<\/h4>\r\n<h2>\u201eTen, kto wspiera aborcj\u0119 stawia si\u0119 poza Ko\u015bcio\u0142em\u201d. Ksi\u0105dz odpowiada dlaczego nie udzieli\u0142 Komunii \u015aw. Bidenowi<\/h2>\r\n<p><strong>Odmowa udzielenia Komunii \u015bw. by\u0142emu wiceprezydentowi USA Joe Bidenowi by\u0142a zgodna z ko\u015bcielnymi przepisami &#8211; odpowiedzia\u0142 lewicowym krytykom ksi\u0105dz Robert Morey, kt\u00f3ry nie udzieli\u0142 sakramentu Eucharystii ameryka\u0144skiemu politykowi. Biden, kt\u00f3ry chce walczy\u0107 o urz\u0105d prezydenta w wyborach w 2020 r. od lat wspiera aborcj\u0119.<\/strong><\/p>\r\n<p>W niedziel\u0119 27 pa\u017adziernika Joe Biden uczestniczy\u0142 w Mszy \u015bw. w ko\u015bciele \u015bw. Antoniego we Florence w stanie Karolina Po\u0142udniowa. Gdy chcia\u0142 przyj\u0105\u0107 Komuni\u0119, ks. Robert Morey odm\u00f3wi\u0142 mu jej udzielenia. Zrobi\u0142 to zgodnie z obowi\u0105zuj\u0105cymi od 2004 r. zasadami miejscowej diecezji Charleston, stanowi\u0105cymi, \u017ce politykom wspieraj\u0105cym aborcj\u0119 nale\u017cy odm\u00f3wi\u0107 Komunii, gdy\u017c w ten spos\u00f3b \u201epublicznie wsp\u00f3\u0142pracuj\u0105 ze z\u0142em\u201d. Ma to na celu zar\u00f3wno \u201eochron\u0119 \u015bwi\u0119tej godno\u015bci sakramentu o\u0142tarza\u201d, jak i trosk\u0119 o \u201ezbawienie grzesznik\u00f3w\u201d.<\/p>\r\n<p>Przepis ten oparty jest na kanonie 915 Kodeksu Prawa Kanonicznego, kt\u00f3ry stanowi, \u017ce nie wolno dopu\u015bci\u0107 do komunii \u201eos\u00f3b trwaj\u0105cych z uporem w jawnym grzechu ci\u0119\u017ckim\u201d.<\/p>\r\n<p>&#8211; Komunia \u015bwi\u0119ta oznacza, \u017ce jeste\u015bmy zjednoczeni z Bogiem, mi\u0119dzy sob\u0105 i z Ko\u015bcio\u0142em. Nasze dzia\u0142ania powinny to odzwierciedla\u0107 &#8211; napisa\u0142 ks. Morey w o\u015bwiadczeniu przes\u0142anym agencji CNA. Doda\u0142, \u017ce ka\u017cdy, kto popiera aborcj\u0119 \u201estawia si\u0119 poza nauczaniem Ko\u015bcio\u0142a\u201d.<\/p>\r\n<p>Sam Biden nie skomentowa\u0142 faktu odmowy udzielenia mu Komunii \u015bw. O\u015bwiadczy\u0142 jedynie, \u017ce jest praktykuj\u0105cym katolikiem, \u017ce opiera si\u0119 na nauczaniu Ko\u015bcio\u0142a, ale zamierza nikomu narzuca\u0107 swych religijnych przekona\u0144.<\/p>\r\n<p>\u0179r\u00f3d\u0142o: KAI<\/p>\r\n<p>ged<\/p>\r\n<p class=\"zrodlo\">Za: <a href=\"https:\/\/www.pch24.pl\/ten--kto-wspiera-aborcje-stawia-sie-poza-kosciolem--ksiadz-odpowiada-dlaczego-nie-udzielil-komunii-sw--bidenowi,71848,i.html\">PoloniaChristiana &#8211; pch24.pl (2019-10-31)<\/a><\/p>\r\n<h4>&nbsp;<\/h4>\r\n<hr style=\"background-color: #000000; border-width: 0; color: #000000; height: 2px; line-height: 0; text-align: center; width: 100%;\">\r\n<h4>&nbsp;<\/h4>","protected":false},"excerpt":{"rendered":"Ksi\u0105dz Robert E. Morey, proboszcz parafii \u015bw. Antoniego w diecezji Charleston w Karolinie Po\u0142udniowej, odm\u00f3wi\u0142 &nbsp;udzielenia Komunii \u015awi\u0119tej Joe Bidenowi. Kandydat na prezydenta z Partii Demokratycznej prowadzi\u0142 w weekend swoj\u0105 kampani\u0119 w Karolinie Po\u0142udniowej. W wydanym o\u015bwiadczeniu ks. Morey stwierdzi\u0142: \u201eZe smutkiem musia\u0142em w zesz\u0142\u0105 niedziel\u0119 odm\u00f3wi\u0107 Komunii \u015awi\u0119tej by\u0142emu wiceprezydentowi Joe Bidenowi. Komunia \u015awi\u0119ta [&hellip;]","protected":false},"author":1,"featured_media":0,"comment_status":"closed","ping_status":"closed","sticky":false,"template":"","format":"standard","meta":{"_acf_changed":false,"_monsterinsights_skip_tracking":false,"ngg_post_thumbnail":0,"footnotes":"","_wp_rev_ctl_limit":""},"categories":[4],"tags":[94,119,221],"acf":[],"_links":{"self":[{"href":"https:\/\/www.bibula.com\/index.php?rest_route=\/wp\/v2\/posts\/110406"}],"collection":[{"href":"https:\/\/www.bibula.com\/index.php?rest_route=\/wp\/v2\/posts"}],"about":[{"href":"https:\/\/www.bibula.com\/index.php?rest_route=\/wp\/v2\/types\/post"}],"author":[{"embeddable":true,"href":"https:\/\/www.bibula.com\/index.php?rest_route=\/wp\/v2\/users\/1"}],"replies":[{"embeddable":true,"href":"https:\/\/www.bibula.com\/index.php?rest_route=%2Fwp%2Fv2%2Fcomments&post=110406"}],"version-history":[{"count":0,"href":"https:\/\/www.bibula.com\/index.php?rest_route=\/wp\/v2\/posts\/110406\/revisions"}],"wp:attachment":[{"href":"https:\/\/www.bibula.com\/index.php?rest_route=%2Fwp%2Fv2%2Fmedia&parent=110406"}],"wp:term":[{"taxonomy":"category","embeddable":true,"href":"https:\/\/www.bibula.com\/index.php?rest_route=%2Fwp%2Fv2%2Fcategories&post=110406"},{"taxonomy":"post_tag","embeddable":true,"href":"https:\/\/www.bibula.com\/index.php?rest_route=%2Fwp%2Fv2%2Ftags&post=110406"}],"curies":[{"name":"wp","href":"https:\/\/api.w.org\/{rel}","templated":true}]}}