{"id":110325,"date":"2019-10-24T11:33:35","date_gmt":"2019-10-24T15:33:35","guid":{"rendered":"http:\/\/www.bibula.com\/?p=110325"},"modified":"2019-10-24T11:33:35","modified_gmt":"2019-10-24T15:33:35","slug":"krakowska-huta-wygasi-piec-przez-walke-z-globalnym-ociepleniem","status":"publish","type":"post","link":"https:\/\/www.bibula.com\/?p=110325","title":{"rendered":"Krakowska huta wygasi piec przez walk\u0119 z globalnym ociepleniem"},"content":{"rendered":"<p><strong>Krakowska Huta S\u0119dzimira, nale\u017c\u0105ca do koncernu ArcelorMittal wkr\u00f3tce najprawdopodobniej wygasi sw\u00f3j piec. Polski zak\u0142ad z powodu unijnych op\u0142at za emisje CO2 nie wytrzymuje konkurencji ze stal\u0105 spoza UE.<\/strong><\/p>\r\n<p>Dawna Huta im. Lenina, przemianowana nast\u0119pnie na Hut\u0119 S\u0119dzimira, nale\u017cy obecnie do polskiego holdingu ArcelorMittal Poland. Ju\u017c w maju w\u0142adze holdingu podj\u0119\u0142y decyzj\u0119 o wygaszeniu wielkiego pieca, kt\u00f3ry jest niezb\u0119dny do produkcji stali. Podano wtedy, \u017ce nast\u0105pi to we wrze\u015bniu. Na skutek protest\u00f3w zwi\u0105zkowc\u00f3w i obietnicach wsparcia ze strony miasta termin ten jednak przesuni\u0119to na nieokre\u015blon\u0105 przysz\u0142o\u015b\u0107. Portal Briefz.pl informuje, \u017ce nast\u0105pi to ju\u017c jutro.<\/p>\r\n<p>W\u0142adze holdingu poda\u0142y trzy przyczyny podj\u0119cia takiej decyzji. Pierwsz\u0105 z nich by\u0142o ograniczenie popytu na stal na europejskich rynkach. Fachowcy zwracaj\u0105 jednak uwag\u0119, \u017ce ten spadek wed\u0142ug unijnych prognoz b\u0119dzie wynosi\u0142 zaledwie 0,4 procenta &#8211; za ma\u0142o, \u017ceby produkcja mia\u0142a sta\u0107 si\u0119 mniej op\u0142acalna.<\/p>\r\n<p>Dwa pozosta\u0142e powody s\u0105 ze sob\u0105 powi\u0105zane i maj\u0105 zwi\u0105zek z unijn\u0105 walk\u0105 ze zmianami klimatu. Chc\u0105c zach\u0119ci\u0107 firmy do ograniczania emisji CO2 Unia wprowadzi\u0142a bowiem system handlu emisjami CO2. Polega na tym, \u017ce firmy kt\u00f3re emituj\u0105 go za du\u017co, musz\u0105 za to zap\u0142aci\u0107.<br>\r\nOd lat ceny za emisj\u0119 CO2 utrzymywa\u0142y si\u0119 na poziomie 4-8 euro za ton\u0119. Na pocz\u0105tku 2018 roku rozpocz\u0105\u0142 si\u0119 jednak gwa\u0142towny wzrost cen. W ci\u0105gu kilku miesi\u0119cy cena za ton\u0119 dwutlenku w\u0119gla skoczy\u0142a do kilkunastu euro, ostatecznie si\u0119gaj\u0105 niemal 30 euro w wakacje 2019. Ten wzrost cen dotkn\u0105\u0142 szczeg\u00f3lnie ci\u0119\u017cko polskie huty gdy\u017c te nie tylko same wytwarzaj\u0105 du\u017co dwutlenku w\u0119gla ale i wykorzystuj\u0105 ogromne ilo\u015bci pr\u0105du. Polska sie\u0107 elektryczna oparta jest na elektrowniach w\u0119glowych i wzrost op\u0142at spowodowa\u0142 wzrost cen pr\u0105du, co r\u00f3wnie\u017c dotkn\u0119\u0142o tak du\u017cych konsument\u00f3w jak huty.<\/p>\r\n<p>Nieuniknion\u0105 konsekwencj\u0105 wzrostu op\u0142at by\u0142o to, \u017ce wzros\u0142a cena produkt\u00f3w polskiego przemys\u0142u stalowego. Sprawi\u0142o to, \u017ce ro\u015bnie r\u00f3wnie\u017c import ta\u0144szej stali z pa\u0144stw poza UE, jak Rosja, Chiny, Ukraina czy Turcja. W powszechnej opinii produkty polskich hut s\u0105 lepsze jako\u015bciowo a importerzy musz\u0105 p\u0142aci\u0107 c\u0142a, ale r\u00f3\u017cnica cen nadal jest tak znaczna, \u017ce polscy i unijni producenci wyrob\u00f3w stalowych nie mog\u0105 za bardzo konkurowa\u0107 z importem spoza UE.<\/p>\r\n<p>Prezes Europejskiego Stowarzyszenia Producent\u00f3w Stali EUROFER ostrzega\u0142 nawet jaki\u015b czas temu, \u017ce polityka klimatyczna UE doprowadzi europejski przemys\u0142 stalowy do bankructwa. <strong>\u201eChc\u0119 powiedzie\u0107 jasno: wyzwania te mog\u0105 doprowadzi\u0107 do wymazania przemys\u0142u stalowego z Europy\u201d- <\/strong>stwierdzi\u0142. Jak zauwa\u017ca Briefz.pl polityka UE nie tylko pozbawi tysi\u0105ce europejskich robotnik\u00f3w pracy, ale de facto zwi\u0119kszy emisj\u0119 CO2. Popyt na stal, kt\u00f3rego nie zaspokoj\u0105 unijne huty, b\u0119dzie bowiem musia\u0142 by\u0107 zaspokojony przez huty spoza UE, a te stosuj\u0105 du\u017co bardziej emisyjne metody produkcji od swoich unijnych odpowiednik\u00f3w. Trudno si\u0119 jednak spodziewa\u0107, \u017ce w najbli\u017cszym czasie w unijnej polityce klimatycznej nast\u0105pi inna zmiana ni\u017c na gorsze.<\/p>\r\n<p>Szefowie ArcelorMital na razie nie potwierdzili, \u017ce piec zostanie wygaszony jutro. \u201eNie ma jeszcze ostatecznych decyzji w tym zakresie\u201d &#8211; poinformowa\u0142a rzecznik prasowa Sylwia Winiarek. Konsorcjum wys\u0142a\u0142o r\u00f3wnie\u017c par\u0119 dni temu list do prezydenta Krakowa Jacka Majchrowskiego w kt\u00f3rym zapewniaj\u0105 go, \u017ce nic nie jest jeszcze pewne.<\/p>\r\n<p>\u0179r\u00f3d\u0142o: Briefz.plAutor: WM<\/p>","protected":false},"excerpt":{"rendered":"Krakowska Huta S\u0119dzimira, nale\u017c\u0105ca do koncernu ArcelorMittal wkr\u00f3tce najprawdopodobniej wygasi sw\u00f3j piec. Polski zak\u0142ad z powodu unijnych op\u0142at za emisje CO2 nie wytrzymuje konkurencji ze stal\u0105 spoza UE. Dawna Huta im. Lenina, przemianowana nast\u0119pnie na Hut\u0119 S\u0119dzimira, nale\u017cy obecnie do polskiego holdingu ArcelorMittal Poland. Ju\u017c w maju w\u0142adze holdingu podj\u0119\u0142y decyzj\u0119 o wygaszeniu wielkiego pieca, [&hellip;]","protected":false},"author":1,"featured_media":0,"comment_status":"closed","ping_status":"closed","sticky":false,"template":"","format":"standard","meta":{"_acf_changed":false,"_monsterinsights_skip_tracking":false,"_monsterinsights_sitenote_active":false,"_monsterinsights_sitenote_note":"","_monsterinsights_sitenote_category":0,"ngg_post_thumbnail":0,"footnotes":"","_wp_rev_ctl_limit":""},"categories":[8],"tags":[89,93,98,52],"acf":[],"_links":{"self":[{"href":"https:\/\/www.bibula.com\/index.php?rest_route=\/wp\/v2\/posts\/110325"}],"collection":[{"href":"https:\/\/www.bibula.com\/index.php?rest_route=\/wp\/v2\/posts"}],"about":[{"href":"https:\/\/www.bibula.com\/index.php?rest_route=\/wp\/v2\/types\/post"}],"author":[{"embeddable":true,"href":"https:\/\/www.bibula.com\/index.php?rest_route=\/wp\/v2\/users\/1"}],"replies":[{"embeddable":true,"href":"https:\/\/www.bibula.com\/index.php?rest_route=%2Fwp%2Fv2%2Fcomments&post=110325"}],"version-history":[{"count":0,"href":"https:\/\/www.bibula.com\/index.php?rest_route=\/wp\/v2\/posts\/110325\/revisions"}],"wp:attachment":[{"href":"https:\/\/www.bibula.com\/index.php?rest_route=%2Fwp%2Fv2%2Fmedia&parent=110325"}],"wp:term":[{"taxonomy":"category","embeddable":true,"href":"https:\/\/www.bibula.com\/index.php?rest_route=%2Fwp%2Fv2%2Fcategories&post=110325"},{"taxonomy":"post_tag","embeddable":true,"href":"https:\/\/www.bibula.com\/index.php?rest_route=%2Fwp%2Fv2%2Ftags&post=110325"}],"curies":[{"name":"wp","href":"https:\/\/api.w.org\/{rel}","templated":true}]}}