{"id":110286,"date":"2019-10-20T10:43:01","date_gmt":"2019-10-20T14:43:01","guid":{"rendered":"http:\/\/www.bibula.com\/?p=110286"},"modified":"2019-10-20T10:43:01","modified_gmt":"2019-10-20T14:43:01","slug":"warszawo-co-sie-z-toba-dzieje-z-urzedu-stanu-cywilnego-w-bialolece-usunieto-krzyz","status":"publish","type":"post","link":"https:\/\/www.bibula.com\/?p=110286","title":{"rendered":"Warszawo, co si\u0119 z tob\u0105 dzieje? Z Urz\u0119du Stanu Cywilnego w Bia\u0142o\u0142\u0119ce usuni\u0119to krzy\u017c"},"content":{"rendered":"<p>Po interwencji warszawskiej radnej Agaty Diduszko-Zyglewskiej z tzw. sali \u015blub\u00f3w urz\u0119du stanu cywilnego na Bia\u0142o\u0142\u0119ce znikn\u0105\u0142 krzy\u017c.<\/p>\r\n<p>Mieszka\u0144cy dzielnicy zaapelowali do swojej przedstawicielki na pocz\u0105tku pa\u017adziernika. &#8211; To by\u0142a sytuacja wyj\u0105tkowa, poniewa\u017c w innych warszawskich urz\u0119dach stanu cywilnego krzy\u017cy ju\u017c nie zobaczymy &#8211; m\u00f3wi\u0142a w\u00f3wczas w rozmowie z tvnwarszawa.pl Diduszko-Zyglewska.<\/p>\r\n<p>Radna Koalicji Obywatelskiej napisa\u0142a w tej sprawie do prezydenta Warszawy Rafa\u0142a Trzaskowskiego. Ratusz jeszcze nie odpowiedzia\u0142 na interpelacj\u0119, ale w\u0142adze bia\u0142o\u0142\u0119ckiego urz\u0119du gminy zd\u0105\u017cy\u0142y same usun\u0105\u0107 krzy\u017c.<\/p>\r\n<p>&#8211; W urz\u0119dzie stanu cywilnego na Bia\u0142o\u0142\u0119ce krzy\u017c zosta\u0142 zdj\u0119ty. W innych salach USC w Warszawie nie ma symboli religijnych, wi\u0119c sprawa ich nie dotyczy &#8211; m\u00f3wi zast\u0119pczyni rzecznika warszawskiego ratusza Ewa Rogala.<\/p>\r\n<p>Diduszko-Zyglewska og\u0142osi\u0142a sukces w po\u015bcie na Facebooku. \u201ePolska jest wci\u0105\u017c jeszcze teoretycznie krajem wolno\u015bci religijnej &#8211; t\u0119 wolno\u015b\u0107 zapewnia nam art. 53 Konstytucji (a tak\u017ce 25 i 32). Zgodnie z prawem nasza religia lub bezwyznaniowo\u015b\u0107 to nasza prywatna sprawa i nikt nie ma prawa pyta\u0107 nas o wyznanie. Jednak gwarantem wolno\u015bci ka\u017cdego i ka\u017cdej z nas jest to, \u017ce w\u0142adza i jej narz\u0119dzia czyli urz\u0119dy, szko\u0142y, ministerstwa itp. pozostan\u0105 bezstronne religijnie\u201d &#8211; napisa\u0142a radna.<\/p>\r\n<p>https:\/\/www.facebook.com\/diduszkozyglewska\/posts\/431361474237953<\/p>\r\n<p>\u0179r\u00f3d\u0142o: polskieradio24.pl<\/p>\r\n<p>TK<\/p>","protected":false},"excerpt":{"rendered":"Po interwencji warszawskiej radnej Agaty Diduszko-Zyglewskiej z tzw. sali \u015blub\u00f3w urz\u0119du stanu cywilnego na Bia\u0142o\u0142\u0119ce znikn\u0105\u0142 krzy\u017c. Mieszka\u0144cy dzielnicy zaapelowali do swojej przedstawicielki na pocz\u0105tku pa\u017adziernika. &#8211; To by\u0142a sytuacja wyj\u0105tkowa, poniewa\u017c w innych warszawskich urz\u0119dach stanu cywilnego krzy\u017cy ju\u017c nie zobaczymy &#8211; m\u00f3wi\u0142a w\u00f3wczas w rozmowie z tvnwarszawa.pl Diduszko-Zyglewska. Radna Koalicji Obywatelskiej napisa\u0142a w [&hellip;]","protected":false},"author":1,"featured_media":0,"comment_status":"closed","ping_status":"closed","sticky":false,"template":"","format":"standard","meta":{"_acf_changed":false,"_monsterinsights_skip_tracking":false,"_monsterinsights_sitenote_active":false,"_monsterinsights_sitenote_note":"","_monsterinsights_sitenote_category":0,"ngg_post_thumbnail":0,"footnotes":"","_wp_rev_ctl_limit":""},"categories":[8],"tags":[132,98],"acf":[],"_links":{"self":[{"href":"https:\/\/www.bibula.com\/index.php?rest_route=\/wp\/v2\/posts\/110286"}],"collection":[{"href":"https:\/\/www.bibula.com\/index.php?rest_route=\/wp\/v2\/posts"}],"about":[{"href":"https:\/\/www.bibula.com\/index.php?rest_route=\/wp\/v2\/types\/post"}],"author":[{"embeddable":true,"href":"https:\/\/www.bibula.com\/index.php?rest_route=\/wp\/v2\/users\/1"}],"replies":[{"embeddable":true,"href":"https:\/\/www.bibula.com\/index.php?rest_route=%2Fwp%2Fv2%2Fcomments&post=110286"}],"version-history":[{"count":0,"href":"https:\/\/www.bibula.com\/index.php?rest_route=\/wp\/v2\/posts\/110286\/revisions"}],"wp:attachment":[{"href":"https:\/\/www.bibula.com\/index.php?rest_route=%2Fwp%2Fv2%2Fmedia&parent=110286"}],"wp:term":[{"taxonomy":"category","embeddable":true,"href":"https:\/\/www.bibula.com\/index.php?rest_route=%2Fwp%2Fv2%2Fcategories&post=110286"},{"taxonomy":"post_tag","embeddable":true,"href":"https:\/\/www.bibula.com\/index.php?rest_route=%2Fwp%2Fv2%2Ftags&post=110286"}],"curies":[{"name":"wp","href":"https:\/\/api.w.org\/{rel}","templated":true}]}}