{"id":110172,"date":"2019-10-09T21:28:42","date_gmt":"2019-10-10T01:28:42","guid":{"rendered":"http:\/\/www.bibula.com\/?p=110172"},"modified":"2019-10-09T21:28:42","modified_gmt":"2019-10-10T01:28:42","slug":"wielkie-zamieszanie-z-powodu-operacji-tureckiej-nowy-zwrot-w-wojnie-syryjskiej","status":"publish","type":"post","link":"https:\/\/www.bibula.com\/?p=110172","title":{"rendered":"Wielkie zamieszanie z powodu operacji tureckiej. Nowy zwrot w wojnie syryjskiej?"},"content":{"rendered":"<p><strong>Operacja tureckich si\u0142 w p\u00f3\u0142nocnej cz\u0119\u015bci Syrii wywo\u0142a\u0142a wielkie poruszenie tak w USA, jak i na arenie mi\u0119dzynarodowej. Mo\u017ce doj\u015b\u0107 do kolejnego zwrotu w wojnie syryjskiej, je\u015bli wojska tureckie uwolni\u0105 tysi\u0105ce d\u017cihadyst\u00f3w przetrzymywanych w strefie przygranicznej. Stawia to tak\u017ce pod znakiem zapytania ewentualn\u0105 wsp\u00f3\u0142prac\u0119 ameryka\u0144skich wojskowych z najbardziej skutecznymi w walce z ISIS boj\u00f3wkami kurdyjskimi.<\/strong><\/p>\r\n<p>Willie Geist z MSNBC ujawni\u0142 pow\u00f3d porzucenia przez prezydenta Donalda Trumpa kurdyjskich sojusznik\u00f3w, kt\u00f3rych narazi\u0142 na etniczne czystki.<\/p>\r\n<p>Bia\u0142y Dom nagle og\u0142osi\u0142, \u017ce wojska USA nie b\u0119d\u0105 ju\u017c wspiera\u0107 Kurd\u00f3w w p\u00f3\u0142nocnej Syrii, otwieraj\u0105c drzwi do d\u0142ugo planowanej operacji tureckiej. Prezydent Donald Trump w rozmowie telefonicznej z przyw\u00f3dc\u0105 Turcji Recepem Tayyipem Erdo\u00c4\u0178anem mia\u0142 zgodzi\u0107 si\u0119 na ograniczon\u0105 operacj\u0119, by \u201eoczy\u015bci\u0107\u201d stref\u0119 buforow\u0105 mi\u0119dzy Syri\u0105 a Turcj\u0105 z \u201eekstremist\u00f3w\u201d.<\/p>\r\n<p>Wcze\u015bniej NBC News poda\u0142o, \u017ce Trump zniewa\u017cy\u0142 Erdo\u00c4\u0178ana podczas szczytu ONZ w Nowym Jorku. Po prostu nawet si\u0119 z nim nie spotka\u0142. Turecki przyw\u00f3dca mia\u0142 by\u0107 w\u015bciek\u0142y i ameryka\u0144ski prezydent, by roz\u0142adowa\u0107 sytuacj\u0119 zaprosi\u0142 Erdo\u00c4\u0178ana na specjaln\u0105 wizyt\u0119 do Bia\u0142ego Domu.<\/p>\r\n<p>Turecki prezydent chcia\u0142 si\u0119 skonsultowa\u0107 z Trumpem w zwi\u0105zku z d\u0142ugo planowan\u0105 operacj\u0105 w p\u00f3\u0142nocnej Syrii. W rozmowie telefonicznej, Trump w ko\u0144cu zgodzi\u0142 si\u0119 zaakceptowa\u0107 \u201eumiarkowane\u201d wtargni\u0119cie wojsk tureckich na obszary Syrii, by oczy\u015bci\u0107 je z \u201eekstremist\u00f3w\u201d. Prezydent USA mia\u0142 ostrzega\u0107 Ankar\u0119, \u017ce wojska USA wycofaj\u0105 si\u0119 ca\u0142kowicie z Syrii, je\u015bli Turcja rozpocznie powa\u017cn\u0105 operacje bojow\u0105.<\/p>\r\n<p>Decyzja Trumpa o ewakuacji ameryka\u0144skich \u017co\u0142nierzy zaskoczy\u0142a Kurd\u00f3w i wywo\u0142a\u0142a pop\u0142och w\u015br\u00f3d wojskowych, a tak\u017ce dyplomat\u00f3w ameryka\u0144skich, przeciwnych takiemu postawieniu sprawy.<\/p>\r\n<p>Gor\u0105co jest w Kongresie. Senatorowie Lindsey Graham (R-S.C.) i Christopher Coons (D-Del.) domagali si\u0119 od administracji Trumpa natychmiastowego poinformowania wszystkich senator\u00f3w o przyczynach decyzji prezydenta Trumpa dot. wycofaniu wojsk ameryka\u0144skich z kluczowych stanowisk w p\u00f3\u0142nocnej Syrii.<\/p>\r\n<p><strong>&nbsp;<\/strong><\/p>\r\n<p><strong>Zamieszanie na Kapitolu. Sprzeciw wojskowych i dyplomat\u00f3w <\/strong><\/p>\r\n<p>\u201eObawiamy si\u0119, \u017ce by\u0142a to nag\u0142a decyzja podj\u0119ta w obliczu doniesie\u0144 o sprzeciwie ze strony doradc\u00f3w wojskowych i dyplomatycznych. Tysi\u0105ce zatwardzia\u0142ych bojownik\u00f3w ISIS i tysi\u0105ce innych jego sympatyk\u00f3w obecnie przetrzymywanych, mo\u017ce zosta\u0107 uwolnionych i ponownie stan\u0105\u0107 do walki, gdy ich kurdyjscy stra\u017cnicy b\u0119d\u0105 musieli zaanga\u017cowa\u0107 si\u0119 w obron\u0119 przed najazdem tureckim\u201d &#8211; napisali Graham i Coons w li\u015bcie do przyw\u00f3dcy wi\u0119kszo\u015bci senackiej Mitcha McConnella (R-Ky.) i senackiego lidera Demokrat\u00f3w Charlesa Schumera (NY).<\/p>\r\n<p>Decyzja Trumpa, og\u0142oszona w poniedzia\u0142ek rano w serii tweed\u00f3w, zaskoczy\u0142a ustawodawc\u00f3w i wydaje si\u0119, \u017ce daje Turcji swobod\u0119 dzia\u0142ania przeciwko si\u0142om kurdyjskim.<\/p>\r\n<p>\u201eWstrzymywa\u0142em t\u0119 walk\u0119 przez prawie 3 lata, ale nadszed\u0142 czas, aby\u015bmy wydostali si\u0119 z tych absurdalnych nieko\u0144cz\u0105cych si\u0119 wojen, wielu z nich plemiennych, i zabrali naszych \u017co\u0142nierzy do domu\u201d &#8211; napisa\u0142 Trump na Twitterze. Doda\u0142: \u201eB\u0119dziemy walczy\u0107, gdzie b\u0119dziemy mieli korzy\u015bci i gdzie b\u0119dziemy mogli wygra\u0107. Turcja, Europa, Syria, Iran, Irak, Rosja i Kurdowie b\u0119d\u0105 musieli rozwi\u0105za\u0107 problem.\u201d<\/p>\r\n<p>Graham, przewodnicz\u0105cy panelu ds. operacji zagranicznych komisji spraw zagranicznych i Coons, cz\u0142onek komisji spraw zagranicznych ostrzegli we wtorkowym li\u015bcie, \u017ce \u201eten ruch daje Turcji zielone \u015bwiat\u0142o, aby uda\u0107 si\u0119 do p\u00f3\u0142nocno-wschodniej Syrii pod pozorem radzenia sobie z ci\u0105g\u0142ym zagro\u017ceniem ISIS\u201d.<\/p>\r\n<p>Ostrzegli, \u017ce decyzje Trumpa \u201eb\u0119d\u0105 mia\u0142y powa\u017cne konsekwencje dla naszych strategicznych interes\u00f3w narodowych i zmniejsz\u0105 wp\u0142ywy ameryka\u0144skie w regionie, wzmacniaj\u0105c jednocze\u015bnie Turcj\u0119, Rosj\u0119 i Iran\u201d.<\/p>\r\n<p>Senatorowie zapewnili r\u00f3wnie\u017c, \u017ce niespodziewany ruch Trumpa zwi\u0119kszy zagro\u017cenie, przed kt\u00f3rym stoj\u0105 kurdyjscy sojusznicy i zaszkodzi zdolno\u015bci Stan\u00f3w Zjednoczonych do budowania strategicznych sojuszy w przysz\u0142o\u015bci.<\/p>\r\n<p>\u201eUwa\u017camy, \u017ce konieczne jest, aby Departament Obrony, Departament Stanu i Wsp\u00f3lnota Wywiadowcza jak najszybciej przedstawili wszystkim cz\u0142onkom tajne informacje na temat tej decyzji\u201d &#8211; napisali.<\/p>\r\n<p><strong>&nbsp;<\/strong><\/p>\r\n<p><strong>Powt\u00f3rka z 2015 r. i nowa fala uchod\u017ac\u00f3w do Europy&nbsp; <\/strong><\/p>\r\n<p>Jednocze\u015bnie we wtorek urz\u0119dnicy UE wyrazili obawy z powodu mo\u017cliwo\u015bci powt\u00f3rzenia sytuacji sprzed lat i spowodowania przez Turcj\u0119 nowej fali uchod\u017ac\u00f3w do Europy.<\/p>\r\n<p>Ministrowie spraw wewn\u0119trznych pa\u0144stw UE, kt\u00f3rzy spotkali si\u0119 w Luksemburgu zauwa\u017cyli, \u017ce tzw. wschodni szlak \u015br\u00f3dziemnomorski z Turcji do Grecji po raz kolejny stanie si\u0119 g\u0142\u00f3wnym kana\u0142em dla os\u00f3b ubiegaj\u0105cych si\u0119 o azyl w krajach europejskich.<\/p>\r\n<p>Od maja do dzi\u015b i tak nast\u0105pi\u0142 wzrost liczby przybyszy w Grecji o 240 procent. &#8211; <em>Mo\u017cna sobie wyobrazi\u0107 skal\u0119 wyzwania<\/em> &#8211; m\u00f3wi\u0142 zast\u0119pca greckiego ministra ds. migracji, Giorgios Koumoutsakos.<\/p>\r\n<p>Podczas spotkania Grecja, Bu\u0142garia i Cypr wyda\u0142y wsp\u00f3lne o\u015bwiadczenie, w kt\u00f3rym zwr\u00f3ci\u0142y uwag\u0119 na \u201ewschodni szlak \u015br\u00f3dziemnomorski\u201d.<\/p>\r\n<p>\u201eCzynniki geopolityczne, w tym konflikty na szerszym obszarze, szczeg\u00f3lnie w Syrii, oznaczaj\u0105, \u017ce najprawdopodobniej b\u0119dziemy \u015bwiadkami kontynuacji tego niepokoj\u0105cego trendu w perspektywie kr\u00f3tko- i \u015brednioterminowej\u201d &#8211; napisali.<\/p>\r\n<p>Turcja oznajmi\u0142a w weekend, \u017ce \u201d\u2039\u201d\u2039przygotowuje si\u0119 do operacji wojskowej w p\u00f3\u0142nocnej Syrii przeciwko bojownikom kurdyjskim, kt\u00f3rych uwa\u017ca za \u201eterroryst\u00f3w\u201d i zamierza rozmie\u015bci\u0107 pojazdy pancerne na granicy.<\/p>\r\n<p>Droga do operacji w p\u00f3\u0142nocno-wschodniej Syrii zosta\u0142a oczyszczona przez prezydenta USA Donalda Trumpa w poniedzia\u0142ek, kt\u00f3ry rozkaza\u0142 wojskom ameryka\u0144skim opu\u015bci\u0107 t\u0119 stref\u0119.<\/p>\r\n<p>Urz\u0119dnicy unijni ubolewali, \u017ce je\u015bli Turcja zaatakuje cz\u0119\u015b\u0107 Syrii, wielu z czterech milion\u00f3w uchod\u017ac\u00f3w, kt\u00f3rych Turcja przyj\u0119\u0142a &#8211; wi\u0119kszo\u015b\u0107 z nich to Syryjczycy &#8211; mo\u017ce zdecydowa\u0107 si\u0119 uda\u0107 do Europy, aby unikn\u0105\u0107 przymusowego zepchni\u0119cia z powrotem do niestabilnej ojczyzny. <em>&#8211; Mam nadziej\u0119, \u017ce nie dojdzie do \u017cadnej operacji<\/em> &#8211; m\u00f3wi\u0142 dziennikarzom minister spraw zagranicznych Luksemburga, Jean Asselborn.<\/p>\r\n<p>Na konferencji prasowej unijny komisarz ds. migracji Dimitris Avramopoulos zaznaczy\u0142, \u017ce \u201eUnia Europejska pozostaje zaanga\u017cowana w jedno\u015b\u0107, suwerenno\u015b\u0107 i integralno\u015b\u0107 terytorialn\u0105 pa\u0144stwa syryjskiego\u201d. Doda\u0142, \u017ce Bruksela wezwa\u0142a do \u201ezaprzestania dzia\u0142a\u0144 wojennych, ochrony ludno\u015bci cywilnej oraz nieskr\u0119powanego, bezpiecznego i trwa\u0142ego dost\u0119pu pomocy humanitarnej do ca\u0142ej Syrii\u201d.<\/p>\r\n<p><strong>&nbsp;<\/strong><\/p>\r\n<p><strong>Francja, Niemcy, Wielka Brytania, Belgia i inne kraje nie zabra\u0142y swoich bojownik\u00f3w mimo usilnych pr\u00f3\u015bb Waszyngtonu <\/strong><\/p>\r\n<p>Jednocze\u015bnie Julian King, komisarz ds. bezpiecze\u0144stwa UE spytany o krytyk\u0119 Trumpa za to, \u017ce \u201d\u2039\u201d\u2039kraje europejskie \u201eodm\u00f3wi\u0142y\u201d przyj\u0119cia swoich zradykalizowanych obywateli, kt\u00f3rzy walczyli po stronie ISIS i obecnie s\u0105 przetrzymywani w obozach kurdyjskich, odpowiedzia\u0142, \u017ce kwestia ta \u201enale\u017cy do w\u0142adz krajowych\u201d.<\/p>\r\n<p>Zauwa\u017cy\u0142, \u017ce agencje UE by\u0142y gotowe pom\u00f3c w gromadzeniu i przetwarzaniu dowod\u00f3w zbrodni pope\u0142nionych przez by\u0142ych bojownik\u00f3w, gdyby kiedykolwiek zostali repatriowani w celu odpowiadania przed s\u0105dem.<\/p>\r\n<p>Amerykanie od wielu miesi\u0119cy zwracali si\u0119 do kraj\u00f3w UE z \u017c\u0105daniem ,by zabra\u0142y z oboz\u00f3w w p\u00f3\u0142nocno-wschodniej Syrii swoich d\u017cihadyst\u00f3w i ich rodziny schwytanych przez Kurd\u00f3w. Trump jeszcze w poniedzia\u0142ek m\u00f3wi\u0142, \u017ce USA nie zamierzaj\u0105 ich wi\u0119zi\u0107 w Zatoce Guantanamo.<em>&nbsp;<\/em><\/p>\r\n<p><em>&#8211; Nie przywieziemy 50, 60, 70 &#8211; a nawet 10 000 os\u00f3b do Zatoki Guantanamo na Kubie<\/em> &#8211; m\u00f3wi\u0142 Trump dziennikarzom w Bia\u0142ym Domu. <em>&#8211; Nie b\u0119dziemy im p\u0142aci\u0107 przez nast\u0119pne 50 lat ani za opiek\u0119 nad nimi<\/em> &#8211; doda\u0142.<\/p>\r\n<p>Scharakteryzowa\u0142 europejsk\u0105 reakcj\u0119 na apele Waszyngtonu jako kolejny przyk\u0142ad wykorzystywania Ameryki przez sojusznik\u00f3w, kt\u00f3rzy traktuj\u0105 j\u0105 jak \u201efrajera, g\u0142upka\u201d.<\/p>\r\n<p>Wiele tysi\u0119cy schwytanych bojownik\u00f3w i ich rodzin przebywa w obozie dla przesiedle\u0144c\u00f3w Al-Hol w p\u00f3\u0142nocnej Syrii. W kwietniu by\u0142o tam 73 tys. os\u00f3b.<\/p>\r\n<p>W swoim o\u015bwiadczeniu w niedziel\u0119 Bia\u0142y Dom poinformowa\u0142, \u017ce USA naciska\u0142y na narody europejskie, aby zabra\u0142y bojownik\u00f3w, ale one odm\u00f3wi\u0142y. Zaznaczy\u0142, \u017ce \u201eStany Zjednoczone nie b\u0119d\u0105 ich utrzymywa\u0107 przez wiele lat na koszt swoich podatnik\u00f3w\u201d.<\/p>\r\n<p>Trump obarczy\u0142 tak\u017ce odpowiedzialno\u015bci\u0105 za ewentualne ich uwolnienie Turcj\u0119. Ameryka\u0144ski przyw\u00f3dca zaznaczy\u0142, \u017ce USA wykona\u0142y \u201e\u015bwietn\u0105 s\u0142u\u017cb\u0119\u201d dla \u015bwiata i Europy, w szczeg\u00f3lno\u015bci kieruj\u0105c wysi\u0142kami na rzecz pokonania ISIS, ale niestety Europejczycy i inni \u201ewykorzystuj\u0105\u201d Ameryk\u0119.<\/p>\r\n<p>Ostrzeg\u0142, \u017ce Waszyngton b\u0119dzie obserwowa\u0107 Turcj\u0119 i wyrazi\u0142 nadziej\u0119, \u017ce Turcy, Europejczycy i inni zrobi\u0105 \u201ewszystko, co powinni z tymi schwytanymi bojownikami i rodzinami ISIS\u201d.<\/p>\r\n<p>Rz\u0105dy europejskie, zw\u0142aszcza Francja, Wielka Brytania i Niemcy nie chc\u0105 repatriowa\u0107 swoich obywateli, kt\u00f3rzy do\u0142\u0105czyli do ISIS, bo obawiaj\u0105 si\u0119, i\u017c z powodu braku wystarczaj\u0105cych dowod\u00f3w pope\u0142nienia przest\u0119pstwa przez poszczeg\u00f3lne osoby, podejrzani unikn\u0105 skazania i zostan\u0105 zwolnieni, trafiaj\u0105c do spo\u0142ecze\u0144stwa.<\/p>\r\n<p>We Francji opinia publiczna zdecydowanie sprzeciwia si\u0119 repatriacji d\u017cihadyst\u00f3w, chocia\u017c istnieje znaczne poparcie dla umo\u017cliwienia \u017conom i dzieciom bojownik\u00f3w powrotu do domu.<\/p>\r\n<p>UE i poszczeg\u00f3lne rz\u0105dy generalnie chc\u0105, aby podejrzani byli s\u0105dzeni w krajach, w kt\u00f3rych pope\u0142niono domniemane przest\u0119pstwa. Niekt\u00f3rzy zagraniczni d\u017cihady\u015bci, w tym obywatele francuscy, zostali postawieni przed s\u0105dem w Iraku. Wydano na nich wyroki \u015bmierci.<\/p>\r\n<p>Raport wywiadu opracowany dla francuskich ustawodawc\u00f3w w zesz\u0142ym roku szacowa\u0142, \u017ce oko\u0142o 5000 obywateli UE przyby\u0142o do \u201d\u2039\u201d\u2039regionu, aby do\u0142\u0105czy\u0107 do ISIS, w tym ponad 1300 os\u00f3b z Francji, 800 z Niemiec, 800 z Wielkiej Brytanii, 500 z Belgii, 250 z Hiszpanii i 100 z W\u0142och.<\/p>\r\n<p>Spoza UE przyby\u0142o te\u017c oko\u0142o 4000-4500 d\u017cihadyst\u00f3w, g\u0142\u00f3wnie z Rosji lub kraj\u00f3w rosyjskoj\u0119zycznych w Azji \u015arodkowej i na Kaukazie, 2000-3000 z Tunezji, 1600-1700 z Maroka, 700 z Indonezji, 600 z Egiptu i 200 -300 z Algierii. Wielu z nich zosta\u0142o zabitych podczas walk.<\/p>\r\n<p>Jeszcze przed upadkiem ostatniego przycz\u00f3\u0142ku kalifatu ISIS w marcu we wschodniej Syrii, USA zach\u0119ca\u0142y zagraniczne rz\u0105dy do zabrania swoich obywateli.<\/p>\r\n<p>\u201eRepatriacja zagranicznych bojownik\u00f3w terrorystycznych do ich kraj\u00f3w pochodzenia, upewnienie si\u0119, \u017ce s\u0105 \u015bcigani i przetrzymywani &#8211; to najlepsze rozwi\u0105zanie, aby zapobiec ich powrotowi na pole bitwy\u201d &#8211; stanowi\u0142 lutowy komunikat Departamentu Stanu. \u201eUwa\u017camy tych bojownik\u00f3w za globalne zagro\u017cenie i szukamy globalnej wsp\u00f3\u0142pracy w celu rozwi\u0105zania tego zagro\u017cenia\u201d &#8211; dodano.<\/p>\r\n<p><strong>&nbsp;<\/strong><\/p>\r\n<p><strong>Turcja: zgoda parlamentu na rozszerzenie operacji na Irak <\/strong><\/p>\r\n<p>Turecki parlament we wtorek ratyfikowa\u0142 wniosek rozszerzaj\u0105cy uprawnienia w\u0142adzy w celu prowadzenia transgranicznych operacji wojskowych w Syrii i Iraku.<\/p>\r\n<p>Rz\u0105dz\u0105ca Partia Sprawiedliwo\u015bci i Rozwoju (AK), g\u0142\u00f3wna opozycyjna Republika\u0144ska Partia Ludowa (CHP) i dwie inne partie opozycyjne, Partia Ruchu Nacjonalistycznego (MHP) i Partia IYI popar\u0142y ten wniosek. Partia Demokratyczna (HDP) by\u0142a przeciw.<\/p>\r\n<p>Wniosek z\u0142o\u017cony przez rz\u0105d prezydenta Turcji Recepa Tayyipa Erdogana wcze\u015bniej pozwala\u0142 tureckiej armii na przeprowadzanie operacji transgranicznych od 30 pa\u017adziernika 2018 r. do 30 pa\u017adziernika 2019 r.<\/p>\r\n<p>We wniosku stwierdzono, \u017ce Turcja przywi\u0105zuje du\u017c\u0105 wag\u0119 do ochrony integralno\u015bci terytorialnej Iraku, jedno\u015bci narodowej i stabilno\u015bci. \u201eJednak istnienie PKK i Daesh w Iraku stanowi bezpo\u015brednie zagro\u017cenie dla regionalnego pokoju, stabilno\u015bci i bezpiecze\u0144stwa naszego kraju\u201d &#8211; dodano.<\/p>\r\n<p>We wniosku stwierdzono r\u00f3wnie\u017c, \u017ce Turcja kontynuuje dzia\u0142ania w zakresie bezpiecze\u0144stwa na wsch\u00f3d od rzeki Eufrat, zgodnie ze swoim uzasadnionym interesem bezpiecze\u0144stwa.<\/p>\r\n<p>Zaznaczono, \u017ce od 2016 r. Operacje Tarcza Eufratu i Ga\u0142\u0105zka Oliwna w p\u00f3\u0142nocno-zachodniej Syrii uwolni\u0142y ten region od terroryst\u00f3w YPG \/ PKK i Daesh, umo\u017cliwiaj\u0105c Syryjczykom uciekaj\u0105cym przed przemoc\u0105, powr\u00f3t do domu.<\/p>\r\n<p>Turcja od dawna pot\u0119pia zagro\u017cenie ze strony terroryst\u00f3w na wsch\u00f3d od rzeki Eufrat w p\u00f3\u0142nocnej Syrii, zobowi\u0105zuj\u0105c si\u0119 do dzia\u0142a\u0144 wojskowych, aby zapobiec powstaniu tam \u201ekorytarza terrorystycznego\u201d &#8211; t\u0142umaczono<\/p>\r\n<p>W trwaj\u0105cej ponad 30 lat kampanii PKK przeciwko Turcji &#8211; uznawanej jako organizacja terrorystyczna przez Turcj\u0119, USA i UE &#8211; \u015bmier\u0107 ponios\u0142o oko\u0142o 40 tys. os\u00f3b, w tym kobiety, dzieci i niemowl\u0119ta. YPG zdaniem Turk\u00f3w jest syryjskim oddzia\u0142em organizacji terrorystycznej PKK.<\/p>\r\n<p>Kurdyjskie Powszechne Jednostki Ochrony (YPG) tworz\u0105 filar Syryjskich Si\u0142 Demokratycznych (SDF) sprzymierzonych z USA w walce z ISIS i odnosz\u0105 najwi\u0119ksze sukcesy.<\/p>\r\n<p><strong>&nbsp;<\/strong><\/p>\r\n<p><strong>Przyw\u00f3dca Hezbollahu ostrzega\u0142 Kurd\u00f3w przed \u201ezdrad\u0105\u201d Ameryki <\/strong><\/p>\r\n<p>W zwi\u0105zku z decyzj\u0105 Trumpa, ira\u0144skie media przypominaj\u0105 ostrze\u017cenia przyw\u00f3dcy Hezbollahu z 26 sierpnia ub. roku, kt\u00f3ry pochwali\u0142 w\u00f3wczas syryjskich Kurd\u00f3w za czujno\u015b\u0107 i rozpocz\u0119cie negocjacji z rz\u0105dem syryjskim. Kurdowie rozpocz\u0119li rozmowy po tym, jak sceptycznie podchodzili do lojalno\u015bci Stan\u00f3w Zjednoczonych i nie byli pewni, kiedy rz\u0105d USA ich opu\u015bci.<\/p>\r\n<p>\u201eWiemy, \u017ce Pentagon przeznaczy\u0142 750 milion\u00f3w dolar\u00f3w na ochron\u0119 Kurd\u00f3w. Czy chodzi o ustanowienie demokracji w Syrii, czy o wsparcie dla Kurd\u00f3w, kt\u00f3rzy z do\u015bwiadczenia musz\u0105 wiedzie\u0107, \u017ce Stany Zjednoczone wykorzystaj\u0105 ich &nbsp;jako \u015brodek do realizacji w\u0142asnych plan\u00f3w, atak\u00f3w czy to w Syrii, czy przeciwko Republice Islamskiej, czy Rosji czy przeciwko Osi Oporu\u201d &#8211; powiedzia\u0142 w\u00f3wczas Hasan Nasr Allah.<\/p>\r\n<p>Ostrzeg\u0142 Kurd\u00f3w, \u017ce \u201eoni (Amerykanie) ostatecznie pomy\u015bl\u0105 tylko o swoich w\u0142asnych interesach i zostawi\u0105 was, sprzedadz\u0105 jak niewolnik\u00f3w na rynku\u201d.<\/p>\r\n<p>Kurdyjskie media donosz\u0105, \u017ce \u201eTo by\u0142a prawid\u0142owa ocena i prognoza przyw\u00f3dcy Hezbollahu, kt\u00f3ra si\u0119 sprawdzi\u0142a.\u201d<\/p>\r\n<p>Nieoczekiwana decyzja prezydenta Trumpa o usuni\u0119ciu ameryka\u0144skich \u017co\u0142nierzy w Syrii, by zrobi\u0107 miejsce dla wojsk tureckich, zosta\u0142a uznana przez Kurd\u00f3w za zdrad\u0119 zaufania ustanowionego podczas walki, kt\u00f3ra kosztowa\u0142a \u017cycie ponad 12 tys. cz\u0142onk\u00f3w SDF.<\/p>\r\n<p><strong>&nbsp;<\/strong><\/p>\r\n<p><strong>Trump: czas zako\u0144czy\u0107 \u201enieko\u0144cz\u0105ce si\u0119 wojny\u201d <\/strong><\/p>\r\n<p>Donald Trump w zwi\u0105zku z nerwow\u0105 atmosfer\u0105 w\u015br\u00f3d doradc\u00f3w i polityk\u00f3w w kraju powtarza, \u017ce wygra\u0142 prezydentur\u0119, przysi\u0119gaj\u0105c przyj\u0105\u0107 nowe podej\u015bcie do \u015bwiatowej sceny i zako\u0144czy\u0107 ameryka\u0144skie \u201enieko\u0144cz\u0105ce si\u0119 wojny\u201d.<\/p>\r\n<p>Wg doniesie\u0144 medialnych, syryjscy Kurdowie wydali w \u015brod\u0119 nakaz \u201epowszechnej mobilizacji\u201d w p\u00f3\u0142nocno-wschodniej Syrii wzd\u0142u\u017c granicy z Turcj\u0105. Syryjska grupa monitoruj\u0105ca wojn\u0119, Brytyjskie Obserwatorium Praw Cz\u0142owieka w Syrii poinformowa\u0142o w \u015brod\u0119, \u017ce ludzie uciekali z przygranicznego miasta Tal Abyad, kt\u00f3re Turcja ma zaatakowa\u0107 jako pierwsze.<\/p>\r\n<p>Wysoki rang\u0105 urz\u0119dnik turecki m\u00f3wi\u0142 w \u015brod\u0119, \u017ce wojska Turcji \u201ewkr\u00f3tce\u201d wkrocz\u0105 do Syrii wraz z sojuszniczymi syryjskimi si\u0142ami rebeliant\u00f3w, by walczy\u0107 z kurdyjskimi bojownikami, a tak\u017ce z grup\u0105 Pa\u0144stwa Islamskiego.<\/p>\r\n<p>Fahrettin Altun, dyrektor ds. komunikacji prezydencji tureckiej, wezwa\u0142 spo\u0142eczno\u015b\u0107 mi\u0119dzynarodow\u0105 w opublikowanym w \u015brod\u0119 artykule w \u201eWashington Post\u201d \u201edo opowiedzenia si\u0119 po stronie Ankary\u201d, kt\u00f3ra przejmuje r\u00f3wnie\u017c odpowiedzialno\u015b\u0107 za walk\u0119 z ISIS. Turcja d\u0105\u017cy do \u201ezneutralizowania\u201d syryjskich kurdyjskich bojownik\u00f3w w p\u00f3\u0142nocno-wschodniej Syrii\u201d i \u201ewyzwolenia lokalnej ludno\u015bci z jarzma zbrojnych zbir\u00f3w\u201d, napisa\u0142 Altun.<\/p>\r\n<p>W swoim wezwaniu do mobilizacji lokalna cywilna w\u0142adza kurdyjska znana jako Autonomiczna Administracja P\u00f3\u0142nocnej i Wschodniej Syrii wezwa\u0142a r\u00f3wnie\u017c spo\u0142eczno\u015b\u0107 mi\u0119dzynarodow\u0105 do wywi\u0105zania si\u0119 ze swoich zobowi\u0105za\u0144 w zwi\u0105zku z tym, \u017ce \u201ekatastrofa humanitarna mo\u017ce dotkn\u0105\u0107 ich lud\u201d w regionie.<\/p>\r\n<p>\u201eWzywamy naszych ludzi, ze wszystkich grup etnicznych do przemieszczania si\u0119 w pobli\u017ce granicy z Turcj\u0105 w celu przeprowadzenia akt\u00f3w oporu w tym wra\u017cliwym okresie historycznym\u201d &#8211; wyja\u015bniono. Kurdowie powiedzieli r\u00f3wnie\u017c, \u017ce chc\u0105, aby koalicja kierowana przez USA ustanowi\u0142a stref\u0119 zakazu lot\u00f3w w p\u00f3\u0142nocno-wschodniej Syrii, by chroni\u0107 ludno\u015b\u0107 cywiln\u0105 przed tureckimi atakami powietrznymi.<\/p>\r\n<p><strong>&nbsp;<\/strong><\/p>\r\n<p><strong>\u0141awrow oskar\u017ca USA: \u201ebardzo niebezpieczna gra\u201d<\/strong><\/p>\r\n<p>Tymczasem rosyjski minister spraw zagranicznych Siergiej \u0141awrow oskar\u017cy\u0142 Waszyngton o granie w \u201ebardzo niebezpieczn\u0105 gr\u0119\u201d z syryjskimi Kurdami, m\u00f3wi\u0105c, \u017ce USA po raz pierwszy wspar\u0142y syryjskie kurdyjskie \u201equasi pa\u0144stwo\u201d w p\u00f3\u0142nocno-wschodniej Syrii, a teraz wycofuj\u0105 si\u0119.<em>&nbsp;<\/em><\/p>\r\n<p><em>&#8211; Takie lekkomy\u015blne podej\u015bcie do tego bardzo wra\u017cliwego tematu mo\u017ce podpali\u0107 ca\u0142y region i musimy za wszelk\u0105 cen\u0119 unikn\u0105\u0107 takiej sytuacji<\/em> &#8211; zaznaczy\u0142 \u0141awrow podczas wizyty w Kazachstanie. To stanowisko przekazano r\u00f3wnie\u017c w formie noty dyplomatycznej Waszyngtonowi.<\/p>\r\n<p>Wcze\u015bniej w \u015brod\u0119 bojownicy ISIS przeprowadzili trzy zamachy na cele kurdyjskie w Rakce, kt\u00f3ra kiedy\u015b by\u0142a de facto stolic\u0105 kalifatu ISIS u szczytu pot\u0119gi bojownik\u00f3w w regionie.<\/p>\r\n<p>W \u015brod\u0119 ira\u0144ska telewizja pa\u0144stwowa poinformowa\u0142a o niespodziewanych manewrach wojskowych ze specjalnymi si\u0142ami operacyjnymi w pobli\u017cu granicy kraju z Turcj\u0105.<strong>&nbsp;<\/strong><\/p>\r\n<p><em><strong>Agnieszka Stelmach<\/strong><\/em><\/p>\r\n<p class=\"zrodlo\">Za: <a href=\"https:\/\/www.pch24.pl\/wielkie-zamieszanie-z-powodu-operacji-tureckiej--nowy-zwrot-w-wojnie-syryjskiej-,71344,i.html\">PoloniaChristiana &#8211; pch24.pl (2019-10-09)<\/a><\/p>\r\n<h4>&nbsp;<\/h4>\r\n<hr style=\"background-color: #000000; border-width: 0; color: #000000; height: 2px; line-height: 0; text-align: center; width: 100%;\">\r\n<h4>&nbsp;<\/h4>\r\n<h2>Hasan Nasrallah: Ufanie USA drog\u0105 do przepa\u015bci<\/h2>\r\n<p>Sekretarz generalny szyickiego ruchu Hezbollah Hasan Nasrallah wezwa\u0142 mieszka\u0144c\u00f3w regionu nie ufa\u0107 w ameryka\u0144skie gwarancje.<\/p>\r\n<p><span class=\"pullquote\"><!-- '...Z do\u015bwiadczenia wiemy, \u017ce Stany Zjednoczone nie s\u0105 godne zaufania, albowiem one nie respektuj\u0105 swoich um\u00f3w ani sojusznik\u00f3w...' --><\/span><\/p>\r\n<p>W cotygodniowym kazaniu w Centrum im. Mistrza M\u0119czennik\u00f3w w po\u0142udniowej dzielnicy Bejrutu Hasan Nasrallah powiedzia\u0142, \u017ce najnowsze wydarzenia w Syrii na wsch\u00f3d od rzeki Eufrat zawieraj\u0105 przes\u0142anie dla wszystkich mieszka\u0144c\u00f3w regionu. Wed\u0142ug przyw\u00f3dcy ruchu oporu, tym przes\u0142aniem jest decyzja USA o wycofaniu swoich wojsk z P\u00f3\u0142nocnej Syrii, co umo\u017cliwi\u0142o tureck\u0105 ofensyw\u0119 przeciwko Kurdom, sojusznikom jankes\u00f3w w regionie.<\/p>\r\n<p>\u201eJest to przes\u0142anie do mieszka\u0144c\u00f3w naszego regionu i ka\u017cdego, kto stawia na Amerykan\u00f3w. Najwy\u017cszy czas, by si\u0119 rozejrze\u0107 za innymi opcjami i zrozumie\u0107, \u017ce stawianie na Amerykan\u00f3w nie przynosi nic, poza kl\u0119skami\u201d &#8211; powiedzia\u0142 Nasrallah &#8211; \u201eNikt nie mo\u017ce ufa\u0107 gwarancjom ameryka\u0144skim. Amerykanie \u0142ami\u0105 swoje obietnice i porzucaj\u0105 tych, kt\u00f3rzy im zaufali\u201d.<\/p>\r\n<p>W tym kontek\u015bcie Hasan Nasrallah przypomnia\u0142 stanowisko og\u0142oszone przez Najwy\u017cszego Przyw\u00f3dc\u0119 Rewolucji Islamskiej w Iranie Aliego Chamenei dotycz\u0105ce relacji z Waszyngtonem:<\/p>\r\n<p>\u201eAjatollah Chamenei odrzuci\u0142 jakiekolwiek negocjacje z USA. Z do\u015bwiadczenia wiemy, \u017ce Stany Zjednoczone nie s\u0105 godne zaufania, albowiem one nie respektuj\u0105 swoich um\u00f3w ani sojusznik\u00f3w\u201d.<\/p>\r\n<p>W niedziel\u0119 Bia\u0142y Dom poinformowa\u0142, \u017ce po rozmowie telefonicznej mi\u0119dzy prezydentem USA Donaldem Trumpem a prezydentem Turcji Recepem Erdoganem, wojska USA nie b\u0119d\u0105 przeszkadza\u0107 tureckiej ofensywie na tereny, kontrolowane przez Kurd\u00f3w. Tego samego dnia jankesi zacz\u0119li wycofywa\u0107 swoje wojska z granicy syryjsko-tureckiej. Rzecznik si\u0142 kurdyjskich nazwa\u0142 dzia\u0142ania USA \u201eno\u017cem w plecy\u201d.<\/p>\r\n<p>(<em>na podst. Al-Manar\/opr. Eugeniusz Onufryjuk<\/em>)<\/p>\r\n<p class=\"zrodlo\">Za: <a href=\"http:\/\/xportal.pl\/?p=35490\">xPortal.pl (9 pa\u017adziernika 2019)<\/a><\/p>\r\n<h4>&nbsp;<\/h4>\r\n<hr style=\"background-color: #000000; border-width: 0; color: #000000; height: 2px; line-height: 0; text-align: center; width: 100%;\">\r\n<h4>&nbsp;<\/h4>\r\n<h2>Jak USA wystawi\u0142y Kurd\u00f3w do wiatru, czyli nigdy nie polegaj tylko na jednym sojuszniku!<\/h2>\r\n<p><b>Kurdowie pomagali USA w walce z ISIS. Dziesi\u0105tki tysi\u0119cy kurdyjskich wojownik\u00f3w &#8211; w tym tysi\u0105ce kobiet &#8211; walczy\u0142o w Syrii pod dow\u00f3dztwem Amerykan\u00f3w w ramach koalicji anty-ISIS. Kiedy Pa\u0144stwo Islamskie zosta\u0142o ostatecznie pokonane, to nagle Kurdowie przestali by\u0107 USA potrzebni. W poniedzia\u0142ek rano dow\u00f3dca si\u0142 kurdyjskich w Syrii zosta\u0142 poinformowany, \u017ce ameryka\u0144skie wojska nie b\u0119d\u0105 ju\u017c broni\u0107 Kurd\u00f3w przed atakami nienawidz\u0105cych ich Turk\u00f3w, za\u015b sam Trump stwierdzi\u0142, \u017ce wspieranie si\u0142 kurdyjskich jest &#8222;zbyt kosztowne&#8221;. Skoro dzi\u015b zdradzili Kurd\u00f3w, to czy kiedy\u015b zdradz\u0105 Polak\u00f3w?<\/b><\/p>\r\n<p>Wczoraj na \u0142amach tego bloga wspomina\u0142em o tek\u015bcie <b> Marcina K\u0119dzierskiego<\/b> opublikowanego na KlubJagiellonski.pl. Ten badacz i komentator polityczny poczyni\u0142 ciekaw\u0105 uwag\u0119 w kontek\u015bcie <b> podmiotowo\u015bci naszego pa\u0144stwa<\/b> i powi\u0105za\u0142 j\u0105 z sytuacj\u0105 mi\u0119dzynarodow\u0105: &#8211; &#8222;Czy Polska jako kraj p\u00f3\u0142peryferyjny, le\u017c\u0105cy w strefie oddzia\u0142ywania Federacji Rosyjskiej, uzale\u017cniony od ameryka\u0144skich gwarancji wojskowych i jednocze\u015bnie b\u0119d\u0105cy cz\u0142onkiem UE, kt\u00f3ry na dodatek odzyska\u0142 formaln\u0105 suwerenno\u015b\u0107 dopiero 30 lat temu, jest dzi\u015b w og\u00f3le w stanie zbudowa\u0107 podmiotowe pa\u0144stwo? Wydaje si\u0119 to mo\u017cliwe tylko pod jednym warunkiem &#8211; <b> utrzymania PaxAmericana, w ramach kt\u00f3rego wszystkie podmioty s\u0105 w jednakowy spos\u00f3b zale\u017cne od globalnego hegemona i nie maj\u0105 zdolno\u015bci uzyskania statusu niezale\u017cnego mocarstwa regionalnego<\/b>&#8222;.<\/p>\r\n<p>Z punktu widzenia powy\u017cszego stanowiska bacznie powinni\u015bmy si\u0119 przygl\u0105da\u0107 temu, co dzieje si\u0119 na Bliskim Wschodzie. Kilka dni temu <b> prezydent USA Donald Trump zapowiedzia\u0142 wycofanie wojsk ameryka\u0144skich z sektor\u00f3w przy granicy tureckiej w p\u00f3\u0142nocnej Syrii<\/b>. Dlaczego to takie istotne? Ot\u00f3\u017c obecno\u015b\u0107 wspomnianych wojsk de facto konstytuowa\u0142a <b> quasi-pa\u0144stwo kurdyjskie (Ro\u017caw\u0119)<\/b> na terenach p\u00f3\u0142nocnej Syrii. Stan ten nie podoba\u0142 si\u0119 <b>Turcji<\/b>, kt\u00f3ra Kurd\u00f3w uwa\u017ca za \u015bmiertelne zagro\u017cenie i najch\u0119tniej rozprawi\u0142aby si\u0119 z nimi si\u0142owo.&nbsp;<br>\r\n<br>\r\nDecyzja ameryka\u0144skich w\u0142adz, \u017ce nie b\u0119d\u0105 ju\u017c d\u0142u\u017cej broni\u0107 Kurd\u00f3w przed atakami nienawidz\u0105cych ich Turk\u00f3w oraz u\u017cycie przez Trumpa s\u0142\u00f3w, \u017ce wspieranie si\u0142 kurdyjskich jest &#8222;zbyt kosztowne&#8221;, pokazuje a\u017c nazbyt dosadnie <b> jak USA traktuj\u0105 swoich sojusznik\u00f3w, gdy ci przestaj\u0105 im by\u0107 potrzebni<\/b>. Dziesi\u0105tki tysi\u0119cy kurdyjskich wojownik\u00f3w &#8211; w tym tysi\u0105ce kobiet w ramach Kobiecych Jednostek Ochrony (fenomen w skali \u015bwiata) &#8211; walczy\u0142o w Syrii pod dow\u00f3dztwem Amerykan\u00f3w w ramach <b> koalicji anty-ISIS<\/b>. Po pokonaniu barbarzy\u0144c\u00f3w z Pa\u0144stwa Islamskiego okaza\u0142o si\u0119 jednak, \u017ce <b> Kurdowie mog\u0105 by\u0107 przedmiotem jakiego\u015b niejasnego targu<\/b>. Amerykanie z jakiego\u015b powodu zdecydowali, aby odda\u0107 Kurd\u00f3w na \u0142ask\u0119 (a raczej nie\u0142ask\u0119) Turk\u00f3w. A to oznacza &#8222;zielone \u015bwiat\u0142o&#8221; nie tylko na walk\u0119 zbrojn\u0105 z Kurdami, ale r\u00f3wnie\u017c na d\u0142ugofalowe zmiany etniczne na zdominowanym obecnie przez nich terytorium (Ro\u017cawa). Wszak, jak twierdzi Jerzy Haszczy\u0144ski, bliskowschodni ekspert i znawca tamtejszych konflikt\u00f3w &#8211; <b> je\u015bli Turcy wygraj\u0105 bezpo\u015brednie starcie z Kurdami w p\u00f3\u0142nocnej Syrii (co jeste niemal pewne), to przesiedl\u0105 tam wielu Arab\u00f3w, uchod\u017ac\u00f3w syryjskich, kt\u00f3rych do tej pory go\u015bcili u siebie<\/b>.<span style=\"color: #666666; font-family: Arial; font-size: xx-small;\">&nbsp;<\/span><\/p>\r\n<p><b>Naftali Bennett<\/b> &#8211; izraelski polityk, minister, major izraelskiej armii &#8211; na wie\u015b\u0107 o decyzji USA w\/s Kurd\u00f3w napisa\u0142 na Twitterze: &#8211; &#8222;W tej chwili my, Izraelczycy, modlimy si\u0119 za Kurd\u00f3w, kt\u00f3rzy s\u0105 brutalnie atakowani przez Turk\u00f3w. Z tej historii lekcja jest prosta: <b> Izrael ZAWSZE b\u0119dzie si\u0119 broni\u0142 sam. Pa\u0144stwo \u017cydowskie nigdy nie przeka\u017ce swojego losu w r\u0119ce innych, w tym naszego wielkiego przyjaciela, USA<\/b>&#8222;.&nbsp;<br>\r\n<br>\r\nDobrze by by\u0142o, aby polscy politycy r\u00f3wnie\u017c wyci\u0105gn\u0119li wnioski z tego co Amerykanie zrobili z Kurdami. <b> Nigdy nie powinni\u015bmy liczy\u0107 tylko na jednego, znacznie silniejszego od nas sojusznika, z kt\u00f3rym \u0142\u0105cz\u0105 nas jedynie ograniczone interesy. <\/b> Tym bardziej, \u017ce sytuacja mi\u0119dzynarodowa jest dynamiczna i utrzymanie &#8222;PaxAmericana&#8221; w perspektywie kilku kolejnych lat mo\u017ce by\u0107 niemo\u017cliwe. A st\u0105d ju\u017c kr\u00f3tka pi\u0142ka do tego, aby\u015bmy zostali &#8222;przehandlowani&#8221; jak Kurdowie&#8230;<\/p>\r\n<p><b>\u0179r\u00f3d\u0142a informacji:<\/b><br>\r\n&gt; Trump zdradzi\u0142 Kurd\u00f3w. Zdradzi i Polsk\u0119? (Rp.pl)<br>\r\n&gt; Naftali Bennett (<a href=\"https:\/\/twitter.com\/naftalibennett\/status\/1181293085223002112\" target=\"_blank\" rel=\"noopener noreferrer\">Twitter.com<\/a>)<br>\r\n&gt; Bia\u0142y Dom: z p\u00f3\u0142nocy Syrii przeniesiemy od 50 do 100 naszych \u017co\u0142nierzy (<a href=\"https:\/\/stooq.pl\/n\/?f=1317554\" target=\"_blank\" rel=\"noopener noreferrer\">Stooq.pl<\/a>)<\/p>\r\n<p>[\u0179r\u00f3d\u0142o: <a href=\"http:\/\/niewygodne.info.pl\/artykul9\/Jak-USA-wystawily-Kurdow-do-wiatru.htm\">niewygodne.info.pl (9.10.2019)<\/a>]<\/p>\r\n<p class=\"zrodlo\">Za: <a href=\"http:\/\/dakowski.pl\/index.php?option=com_content&amp;task=view&amp;id=26160&amp;Itemid=47\">Strona prof. Miros\u0142awa Dakowskiego (09.10.2019)<\/a><\/p>\r\n<h4>&nbsp;<\/h4>\r\n<hr style=\"background-color: #000000; border-width: 0; color: #000000; height: 2px; line-height: 0; text-align: center; width: 100%;\">\r\n<h4>&nbsp;<\/h4>","protected":false},"excerpt":{"rendered":"Operacja tureckich si\u0142 w p\u00f3\u0142nocnej cz\u0119\u015bci Syrii wywo\u0142a\u0142a wielkie poruszenie tak w USA, jak i na arenie mi\u0119dzynarodowej. Mo\u017ce doj\u015b\u0107 do kolejnego zwrotu w wojnie syryjskiej, je\u015bli wojska tureckie uwolni\u0105 tysi\u0105ce d\u017cihadyst\u00f3w przetrzymywanych w strefie przygranicznej. Stawia to tak\u017ce pod znakiem zapytania ewentualn\u0105 wsp\u00f3\u0142prac\u0119 ameryka\u0144skich wojskowych z najbardziej skutecznymi w walce z ISIS boj\u00f3wkami kurdyjskimi. [&hellip;]","protected":false},"author":1,"featured_media":0,"comment_status":"closed","ping_status":"closed","sticky":false,"template":"","format":"standard","meta":{"_acf_changed":false,"_monsterinsights_skip_tracking":false,"_monsterinsights_sitenote_active":false,"_monsterinsights_sitenote_note":"","_monsterinsights_sitenote_category":0,"ngg_post_thumbnail":0,"footnotes":"","_wp_rev_ctl_limit":""},"categories":[6],"tags":[84,20,281,381,233,221],"acf":[],"_links":{"self":[{"href":"https:\/\/www.bibula.com\/index.php?rest_route=\/wp\/v2\/posts\/110172"}],"collection":[{"href":"https:\/\/www.bibula.com\/index.php?rest_route=\/wp\/v2\/posts"}],"about":[{"href":"https:\/\/www.bibula.com\/index.php?rest_route=\/wp\/v2\/types\/post"}],"author":[{"embeddable":true,"href":"https:\/\/www.bibula.com\/index.php?rest_route=\/wp\/v2\/users\/1"}],"replies":[{"embeddable":true,"href":"https:\/\/www.bibula.com\/index.php?rest_route=%2Fwp%2Fv2%2Fcomments&post=110172"}],"version-history":[{"count":0,"href":"https:\/\/www.bibula.com\/index.php?rest_route=\/wp\/v2\/posts\/110172\/revisions"}],"wp:attachment":[{"href":"https:\/\/www.bibula.com\/index.php?rest_route=%2Fwp%2Fv2%2Fmedia&parent=110172"}],"wp:term":[{"taxonomy":"category","embeddable":true,"href":"https:\/\/www.bibula.com\/index.php?rest_route=%2Fwp%2Fv2%2Fcategories&post=110172"},{"taxonomy":"post_tag","embeddable":true,"href":"https:\/\/www.bibula.com\/index.php?rest_route=%2Fwp%2Fv2%2Ftags&post=110172"}],"curies":[{"name":"wp","href":"https:\/\/api.w.org\/{rel}","templated":true}]}}