{"id":110167,"date":"2019-10-09T17:49:25","date_gmt":"2019-10-09T21:49:25","guid":{"rendered":"http:\/\/www.bibula.com\/?p=110167"},"modified":"2019-11-10T18:07:30","modified_gmt":"2019-11-10T23:07:30","slug":"cud","status":"publish","type":"post","link":"https:\/\/www.bibula.com\/?p=110167","title":{"rendered":"Cud ?"},"content":{"rendered":"<p>W dziesi\u0105tym miesi\u0105cu roku 1917, trzynastego dnia tego miesi\u0105ca wydarzy\u0142o si\u0119 co\u015b co by\u0142o zapowiedziane trzynastego dnia, si\u00f3dmego miesi\u0105ca tego roku. Zacz\u0119\u0142o si\u0119 wszystko trzynastego dnia, pi\u0105tego miesi\u0105ca, 102 lata temu, a dzia\u0142o si\u0119 wszystko ok. 3000 km od Polski, kt\u00f3rej zreszt\u0105 jeszcze w\u00f3wczas nie wskrzeszono, cho\u0107 mo\u017ce ju\u017c wr\u00f3ble \u0107wierka\u0142y. Mimo \u017ce pos\u0142a\u0144cy byli lichej proweniencji to nawet sceptycy i zadeklarowani atei\u015bci przybyli na miejsce zapowiadanego cudu, bo tak samo rzadko w \u017cyciu sceptyk\u00f3w co i wierz\u0105cych zdarza si\u0119 \u017ce Matka Bo\u017ca m\u00f3wi jak b\u0119dzie. Pewnie poczuli si\u0119 sprawiedliwie i racjonalnie potraktowani wi\u0119c czemu nie skorzysta\u0107, skoro podobno to ju\u017c mia\u0142 by\u0107 ostatni raz. Nic nie zaszkodzi przyjecha\u0107 w deszczowy dzie\u0144 do nikomu nie znanej dziury w \u015brodkowej Portugalii, kojarzonej co najwy\u017cej z imieniem c\u00f3rki proroka zupe\u0142nie innej religii. Swoj\u0105 drog\u0105 to swoiste poczucie humoru Matki Bo\u017cej, \u017ceby wybra\u0107 na miejsce objawie\u0144 nazw\u0119, kt\u00f3ra ma swoj\u0105 wag\u0119 w kulturze innej religii.<\/p>\r\n<p>Fatima 102 lata temu. Trzynastego pa\u017adziernika wydarzy\u0142 si\u0119 Cud S\u0142o\u0144ca. Obserwowany przez tysi\u0105ce ludzi w Fatimie i w promieniu kilku kilometr\u00f3w do Fatimy. Widziany przez wszystkich i tych twardo st\u0105paj\u0105cych po ziemi, nie poddaj\u0105cych si\u0119 uniesieniom emocji religijnych i tych kt\u00f3rzy przyszli potwierdzi\u0107 swoj\u0105 wiar\u0119 lub po prostu jej do\u015bwiadczy\u0107. Co si\u0119 sk\u0142ada\u0142o na cud \u201e<strong>ta\u0144ca s\u0142o\u0144ca<\/strong>\u201d niech ka\u017cdy sobie doczyta, w dowolnym znalezionym \u017ar\u00f3dle lub np. tutaj: <a href=\"http:\/\/www.bibula.com\/?p=97751\">http:\/\/www.bibula.com\/?p=97751<\/a> bo nie jest moim celem refleksja retro.<\/p>\r\n<p>Od kilku dni nurtuje mnie\u2026 data naszych najbli\u017cszych wybor\u00f3w parlamentarnych &#8211; 13. pa\u017adziernika. 13.10 1917 i 13.10.2019, czy po 102 latach wydarzy si\u0119 cud, przez C czy przez c ? Znamienne \u017ce ka\u017cda ze stron a nawet ka\u017cdy komitet wyborczy liczy na jaki\u015b cud. PIS \u017ce osi\u0105gnie wi\u0119kszo\u015b\u0107 konstytucyjn\u0105, PO \u017ce razem z reszt\u0105 b\u0142azn\u00f3w zarechocz\u0105 nad trumn\u0105 Dobrej Zmiany, SLD \u017ce wr\u00f3ci zwyci\u0119sko i nie b\u0119dzie tylko j\u0119zyczkiem u wagi, PSL \u017ce wejdzie w og\u00f3le do sejmu bo je\u017celi nie to ju\u017c \u017caden cud nie pomo\u017ce i Konfederaci, by\u0107 mo\u017ce cz\u0119\u015b\u0107 z nich naprawd\u0119 wierzy \u017ce Matka Boska, nie musi by\u0107 ta od \u201eiskry z Polski\u201d, \u017ce nawet ta bli\u017csza Gietrzwa\u0142dzka wystarczy i pomo\u017ce cudownie przechytrzy\u0107 wszystkie ciemne si\u0142y Kurskich do kwadratu.<\/p>\r\n<p>Czy PAD wszed\u0142 w porozumienie z Matk\u0105 Bo\u017c\u0105, kt\u00f3r\u0105kolwiek, niechby i Gietrzwa\u0142dzk\u0105, kt\u00f3ra notabene mo\u017ce poka\u017ce odrobin\u0119 humoru i wpu\u015bci do sejmu Grzegorza a zbanuje Janusza, czy PAD wszed\u0142 w konszachty z B\u0142aznem tego \u015awiata to jaki\u015b Cud si\u0119 wydarzy. I wierz\u0119 \u017ce ten cud b\u0119dzie sprawiedliwy. Jak PIS przegra to trudno. To \u017ale ale mo\u017ce ten g\u0142upi lud mi\u0119dzy Odr\u0105 a Bugiem nie zas\u0142uguje na wi\u0119cej ni\u017c 4 lata &#8222;zmiany&#8221;&nbsp;i b\u0119dzie si\u0119 dalej tu\u0142a\u0142, kolejne 40. Jak PIS wygra wi\u0119kszo\u015b\u0107 zwyk\u0142\u0105, to dobrze bo to jest logiczna konsekwencja tego&nbsp;co zrobi\u0142 przez te 4 lata. Ju\u017c w takiej sytuacji EU b\u0119dzie chcia\u0142a Nas\/PL zakopa\u0107 \u017cywcem. A co si\u0119 wydarzy gdy PIS wygra konstytucyjn\u0105? Wtedy rzeczywi\u015bcie Fatimska, Gietrzwa\u0142dzka z Cz\u0119stochowsk\u0105 na czele b\u0119d\u0105 potrzebne \u017ceby Nas ustrzec przed najazdem B\u0142azn\u00f3w z wszystkich stron \u015awiata.<\/p>\r\n<p>A mo\u017ce b\u0119dzie cud koalicji PIS i Konfederacji? A mo\u017ce cudownie \u017bydzi nas zaniechaj\u0105? \u2026 a mo\u017ce poszli do lasu? Matek Boskich u Nas w br\u00f3d, cud\u00f3w trzeba co dziennie na p\u0119czki, tylko Wiary nie ma, poza t\u0105 w 500+.<\/p>\r\n<p>13.10.2019, 102 lata po Cudzie S\u0142o\u0144ca w Fatimie. Jaki cud wydarzy si\u0119 nad Wis\u0142\u0105? Tak sobie my\u015bl\u0119.<\/p>\r\n<p><strong><em>Eukaryota<\/em><\/strong><\/p>\r\n<blockquote>\r\n<p>[<strong>Wybrane wypowiedzi internaut\u00f3w pod w\/w tekstem na stronie \u017ar\u00f3d\u0142owej:<\/strong>]<\/p>\r\n<p>cud? a ile za Kaczynskiego abortowano dzieci? Policzyles, bo Najswietsza Niepokalana Dziewica policzyla i jestem pewien, ze nie jest tym faktem zachwycona.<br>\r\nChyba, ze Pan Bog w imie sukcesu Kaczynskiego dokona cudu, przez male &#8222;c&#8221;<br>\r\n<em>organista<\/em><\/p>\r\n<p>&nbsp;<\/p>\r\n<p>ja uwazam, ze idac za art 38 obowiazujacej konstytucji powinno byc wpisane do kodeksu karnego, ze aborcja jest zabojstwem i jako taka winna byc w kazdym przypadku potencjalnie obarczona kara. Sad jednak moze sie na poszczegolnym przypadkiem pochylic i rozpatrzyc. Tak jak to czyni z zabojstwem &#8222;normalnym&#8221;<\/p>\r\n<p>Zdaje mi sie, ze Kaczynski jako jedyny w historii niosl w 2015 na sztandarze haslo wyborcze &#8222;przeciw aborcji&#8221; (popraw mnie jezeli sie myle). Po czym wrzucil Godek to zamrazarki. Siedzi tam do teraz.<\/p>\r\n<p><strong>Nie moze byc cudu, jezeli naczelnik oklamuje potencjalnego wyborce w tak waznej kwestii.<\/strong> Nie interesuje mnie 500+ albo inna mamona. Interesuje mnie tylko glebsze sprawy etyczne. I bede mieszal w to Matke Najswietsza, bo jako Matka jest tym tematem zywo zainteresowana, jak sadze.<br>\r\n<em>organista<\/em><\/p>\r\n<\/blockquote>","protected":false},"excerpt":{"rendered":"W dziesi\u0105tym miesi\u0105cu roku 1917, trzynastego dnia tego miesi\u0105ca wydarzy\u0142o si\u0119 co\u015b co by\u0142o zapowiedziane trzynastego dnia, si\u00f3dmego miesi\u0105ca tego roku. Zacz\u0119\u0142o si\u0119 wszystko trzynastego dnia, pi\u0105tego miesi\u0105ca, 102 lata temu, a dzia\u0142o si\u0119 wszystko ok. 3000 km od Polski, kt\u00f3rej zreszt\u0105 jeszcze w\u00f3wczas nie wskrzeszono, cho\u0107 mo\u017ce ju\u017c wr\u00f3ble \u0107wierka\u0142y. Mimo \u017ce pos\u0142a\u0144cy byli [&hellip;]","protected":false},"author":1,"featured_media":0,"comment_status":"closed","ping_status":"closed","sticky":false,"template":"","format":"standard","meta":{"_acf_changed":false,"_monsterinsights_skip_tracking":false,"_monsterinsights_sitenote_active":false,"_monsterinsights_sitenote_note":"","_monsterinsights_sitenote_category":0,"ngg_post_thumbnail":0,"footnotes":"","_wp_rev_ctl_limit":""},"categories":[9],"tags":[82,98],"acf":[],"_links":{"self":[{"href":"https:\/\/www.bibula.com\/index.php?rest_route=\/wp\/v2\/posts\/110167"}],"collection":[{"href":"https:\/\/www.bibula.com\/index.php?rest_route=\/wp\/v2\/posts"}],"about":[{"href":"https:\/\/www.bibula.com\/index.php?rest_route=\/wp\/v2\/types\/post"}],"author":[{"embeddable":true,"href":"https:\/\/www.bibula.com\/index.php?rest_route=\/wp\/v2\/users\/1"}],"replies":[{"embeddable":true,"href":"https:\/\/www.bibula.com\/index.php?rest_route=%2Fwp%2Fv2%2Fcomments&post=110167"}],"version-history":[{"count":0,"href":"https:\/\/www.bibula.com\/index.php?rest_route=\/wp\/v2\/posts\/110167\/revisions"}],"wp:attachment":[{"href":"https:\/\/www.bibula.com\/index.php?rest_route=%2Fwp%2Fv2%2Fmedia&parent=110167"}],"wp:term":[{"taxonomy":"category","embeddable":true,"href":"https:\/\/www.bibula.com\/index.php?rest_route=%2Fwp%2Fv2%2Fcategories&post=110167"},{"taxonomy":"post_tag","embeddable":true,"href":"https:\/\/www.bibula.com\/index.php?rest_route=%2Fwp%2Fv2%2Ftags&post=110167"}],"curies":[{"name":"wp","href":"https:\/\/api.w.org\/{rel}","templated":true}]}}