{"id":110116,"date":"2019-10-04T21:05:05","date_gmt":"2019-10-05T01:05:05","guid":{"rendered":"http:\/\/www.bibula.com\/?p=110116"},"modified":"2019-10-04T21:05:05","modified_gmt":"2019-10-05T01:05:05","slug":"kosciol-reformowany-czy-deformowany-relacja-z-konferencji-w-rzymie","status":"publish","type":"post","link":"https:\/\/www.bibula.com\/?p=110116","title":{"rendered":"Ko\u015bci\u00f3\u0142 reformowany czy deformowany? &#8211; <em>relacja z konferencji w Rzymie<\/em>"},"content":{"rendered":"<p><strong>Tu\u017c przed rozpocz\u0119ciem synodu panamazo\u0144skiego przedstawiciele organizacji konserwatywnych katolik\u00f3w z ca\u0142ego \u015bwiata zebrali si\u0119 w Rzymie, by podzieli\u0107 si\u0119 obawami dotycz\u0105cymi tego\u017c synodu. W bardzo zdecydowanych s\u0142owach rozprawili si\u0119 z b\u0142\u0119dami i herezjami zawartymi w <em>Instrumentum laboris<\/em>. Surowo ocenili r\u00f3wnie\u017c papie\u017ca Franciszka.&nbsp;<\/strong><\/p>\r\n<p>Niezwyk\u0142\u0105 konferencj\u0119 zatytu\u0142owan\u0105: \u201eNasz Ko\u015bci\u00f3\u0142. Zreformowany czy deformowany?\u201d prowadzi\u0142 John Smeaton, szef brytyjskiego Towarzystwa Ochrony Dzieci Nienarodzonych. Przedstawiaj\u0105c uczestnik\u00f3w spotkania &#8211; wy\u0142\u0105cznie osoby \u015bwieckie &#8211; zauwa\u017cy\u0142, ze w pe\u0142ni wype\u0142niaj\u0105 oni punkt 212 Kodeksu Prawa Kanonicznego, m\u00f3wi\u0105cy i\u017c \u201estosownie do posiadanej wiedzy, kompetencji i zdolno\u015bci, jakie posiadaj\u0105, przys\u0142uguje im prawo, a niekiedy nawet obowi\u0105zek wyjawiania swojego zdania \u015bwi\u0119tym pasterzom w sprawach dotycz\u0105cych dobra Ko\u015bcio\u0142a, oraz &#8211; zachowuj\u0105c nienaruszalno\u015b\u0107 wiary i obyczaj\u00f3w, szacunek wobec pasterzy, bior\u0105c pod uwag\u0119 wsp\u00f3lny po\u017cytek i godno\u015b\u0107 osoby &#8211; podawania go do wiadomo\u015bci innym wiernym\u201d. Smeaton zauwa\u017cy\u0142 przy tym, \u017ce oto katolicy z r\u00f3\u017cnych kraj\u00f3w \u015bwiata wsp\u00f3lnie pochylaj\u0105 si\u0119 nad kryzysem mimo dziel\u0105cych ich niekiedy r\u00f3\u017cnic. Prowadz\u0105cy wyrazi\u0142 nadziej\u0119, \u017ce spotkanie to rozpocznie wsp\u00f3\u0142dzia\u0142anie w rodz\u0105cym si\u0119 na naszych oczach mi\u0119dzynarodowym ruchu oporu wobec deformacji Ko\u015bcio\u0142a.<\/p>\r\n<p>W tym, niew\u0105tpliwie historycznym wydarzeniu, udzia\u0142 wzi\u0119li mi\u0119dzy innymi szefowie ameryka\u0144skich portali <strong>Church Militant (Michael Voris) czy The Remnant (Michael Matts), szef kanadyjskiego portalu LifeSiteNews.com John Henry Westen, czy znany na ca\u0142ym \u015bwiecie watykanista Marco Tosatti<\/strong>.<\/p>\r\n<p><strong>Oskar\u017cam biskup\u00f3w o politeizm i polidemonizm!<\/strong><\/p>\r\n<p>Wsp\u00f3\u0142organizatorem konferencji by\u0142a Fundacja Lepanto, kt\u00f3rej przewodniczy <strong>s\u0142ynny historyk Ko\u015bcio\u0142a<\/strong> <strong>profesor Roberto de Mattei,<\/strong> doskonale znany czytelnikom PCh24.pl.<\/p>\r\n<p>Jego przem\u00f3wienie wywar\u0142o wielkie wra\u017cenie. &#8211; <em>Mamy w tej chwili w Ko\u015bciele de facto dwie religie, jako\u015b ze sob\u0105 wsp\u00f3\u0142istniej\u0105ce. S\u0105 w tym Ko\u015bciele bowiem zar\u00f3wno ci, kt\u00f3rzy trwaj\u0105 przy tradycyjnej wierze Ko\u015bcio\u0142a, ale tak\u017ce Ci, kt\u00f3rzy chc\u0105 zainstalowa\u0107 w nim religi\u0119 amazo\u0144sk\u0105 &#8211; nazywaj\u0105c to projektem \u201eKo\u015bcio\u0142a z amazo\u0144sk\u0105 twarz\u0105\u201d &#8211;<\/em> m\u00f3wi\u0142.<\/p>\r\n<p>&#8211; <em>W dokumencie roboczym synodu amazo\u0144skiego mamy bowiem do czynienia z reinterpretacj\u0105 ca\u0142ej wiary katolickiej &#8211; a raczej negacj\u0105 dotychczasowej nauki, z nadawaniem jej zupe\u0142nie innego kszta\u0142tu.<\/em><\/p>\r\n<p>Profesor de Mattei u\u017cy\u0142 ciekawego por\u00f3wnania. Zwr\u00f3ci\u0142 uwag\u0119, \u017ce w Credo, Wyznaniu Wiary, m\u00f3wimy: Wierz\u0119 w jednego Boga, Ojca Wszechmog\u0105cego, Stworzyciela Nieba i Ziemi. A dokument roboczy synodu zdaje si\u0119 m\u00f3wi\u0107 co innego: &#8211; <em>Dokument powtarza mantr\u0119 papie\u017ca Franciszka, wed\u0142ug kt\u00f3rej \u201ewszystko jest po\u0142\u0105czone ze sob\u0105\u201d. A przecie\u017c zgodnie z wiar\u0105 katolick\u0105 B\u00f3g jest Panem \u015bwiata i wszechrzeczy, kiedy\u015b tych kt\u00f3rzy temu zaprzeczali, otaczano anatem\u0105. Dzi\u015b miejsce Boga w duszach wielu duchownych zajmuje natura. Zamiast m\u00f3wi\u0105c, \u017ce B\u00f3g stworzy\u0142 wszystko i metafizycznie mo\u017ce by\u0107 we wszystkim, oni m\u00f3wi\u0105, \u017ce B\u00f3g jest tym wszystkim fizycznie!!! To jest w\u0142a\u015bnie Ko\u015bci\u00f3\u0142 amazo\u0144ski &#8211; <\/em>t\u0142umaczy\u0142 uczony.<\/p>\r\n<p>Historyk zwr\u00f3ci\u0142 r\u00f3wnie\u017c uwag\u0119, \u017ce z <em>Instrumentum laboris <\/em>wyczyta\u0107 mo\u017cna pochwa\u0142\u0119 politeizmu i panteizmu. Pad\u0142y bardzo zdecydowane s\u0142owa: &#8211; <em>Zachowuj\u0105c wielki szacunek dla w\u0142adz Ko\u015bcio\u0142a musz\u0119 powiedzie\u0107 wprost &#8211; oskar\u017cam wszystkich biskup\u00f3w i kardyna\u0142\u00f3w, kt\u00f3rzy potwierdzaj\u0105 tezy zawarte w Instrumentum laboris o politeizm albo nawet polidemonizm! Wzywam tych kardyna\u0142\u00f3w, kt\u00f3rzy wci\u0105\u017c s\u0105 katolikami, do interwencji. Wiemy, \u017ce anio\u0142owie s\u0105 z nami, wzywamy ich i czekamy na ich pomoc.<\/em><\/p>\r\n<p><strong>Misjonarze zmian klimatycznych, zamiast Ewangelii<\/strong><\/p>\r\n<p>Mocne przem\u00f3wienie wyg\u0142osi\u0142 r\u00f3wnie\u017c Michael Matts. Zapyta\u0142 po co Ko\u015bcio\u0142owi \u201eNowa Ewangelizacja\u201d i co by\u0142o z\u0142ego w starej?<\/p>\r\n<p>&#8211; <em>Zastanawiali\u015bcie si\u0119 Pa\u0144stwo kiedy\u015b, co to w\u0142a\u015bciwie jest ta ca\u0142a Nowa Ewangelizacja? Wiemy dobrze, czym by\u0142a stara, tradycyjna ewangelizacja. Polega\u0142a ona na organizowaniu misji w krajach poga\u0144skich i nawracaniu tamtejszych lud\u00f3w. O tej ewangelizacji powsta\u0142o wiele legend, cz\u0119sto czarnych i nieprawdziwych, ale wszyscy wykszta\u0142ceni ludzie wiedz\u0105, \u017ce polega\u0142a ona na wierno\u015bci wezwaniu Chrystusa, kt\u00f3ry powiedzia\u0142 do swych uczni\u00f3w: \u201eId\u017acie i nauczajcie wszystkie narody, w imi\u0119 Ojca i Syna i Ducha \u015awi\u0119tego\u201d &#8211; <\/em>m\u00f3wi\u0142 szef \u201eThe Remnant\u201d. &#8211; <em>W ten spos\u00f3b wszyscy mogli dosta\u0107 szans\u0119 na zbawienie!<\/em> &#8211; doda\u0142.<\/p>\r\n<p>Ale dzi\u015b Ko\u015bci\u00f3\u0142 ca\u0142kowicie zmieni\u0142 metody pracy duszpasterskiej. &#8211; <em>Dzi\u015b uwa\u017ca si\u0119 raczej, \u017ce postawy charakterystyczne dla misjonarzy to ofensywa wobec \u201epartner\u00f3w\u201d Ko\u015bcio\u0142a. Nie ma to ju\u017c nic wsp\u00f3lnego z nawracaniem, ale ma wiele wsp\u00f3lnego z dialogiem. Kulminacyjnym momentem by\u0142a deklaracja z Abu Zabi, doprawdy straszna. Czy po niej w og\u00f3le chrzest wci\u0105\u017c jest potrzebny do zbawienia? Czy Ko\u015bci\u00f3\u0142 to ju\u017c tylko co\u015b na kszta\u0142t klubu religijnego? &#8211; <\/em>pyta\u0142 Matts.<\/p>\r\n<p>Szef \u201eThe Remnant\u201d zauwa\u017cy\u0142 r\u00f3wnie\u017c, \u017ce \u201esynod mo\u017ce porzuci\u0107 misj\u0119 Ko\u015bcio\u0142a i zmieni\u0107 swych ludzi w misjonarzy klimatu czy Matki Ziemi\u201d. &#8211; <em>Prosz\u0119 Boga by do tego nie dopu\u015bci\u0142 &#8211; <\/em>zako\u0144czy\u0142.<\/p>\r\n<p><strong>Najbardziej destrukcyjna deklaracja w historii<\/strong><\/p>\r\n<p>Wspomnian\u0105 przez Mattsa deklaracj\u0119 z Abu Zabi komentowa\u0142 szeroko r\u00f3wnie\u017c watykanista Marco Tosatti. Przypomnijmy, \u017ce chodzi o dokument o \u201emi\u0119dzyludzkim braterstwie\u201d podpisany przez papie\u017ca Franciszka i jednego z islamskich duchownych. Znalaz\u0142y si\u0119 w niej i\u015bcie zaskakuj\u0105ce s\u0142owa &#8211; wed\u0142ug jej autor\u00f3w \u201eistnienie wielu religii jest wyrazem m\u0105drej woli Bo\u017cej\u201d.<\/p>\r\n<p>&#8211; <em>Takie postawienie sprawy zmusza zatem do stawiania konkretnych i do\u015b\u0107 oczywistych pyta\u0144<\/em> &#8211; m\u00f3wi\u0142 Tosatti. &#8211; <em>Je\u015bli bowiem B\u00f3g chce, by istnia\u0142o wiele religii, to znaczy, \u017ce one s\u0105 dobre i pozwalaj\u0105 zas\u0142u\u017cy\u0107 na zbawienie<\/em>. Watykanista przypomnia\u0142, \u017ce gdy papie\u017ca o t\u0119 spraw\u0119 zapyta\u0142 biskup Athanasius Schneider, Ojciec \u015awi\u0119ty wyja\u015bni\u0142, \u017ce chodzi\u0142o mu tylko o to, \u017ce B\u00f3g dopuszcza istnienie wielu religii. Ale nic w deklaracji nie zmieni\u0142.<\/p>\r\n<p>&#8211; <em>Jest przecie\u017c napisane \u201ePanu Bogu swemu b\u0119dziesz oddawa\u0142 pok\u0142on i Jemu samemu s\u0142u\u017cy\u0107 b\u0119dziesz\u201d. Jest przecie\u017c napisane \u201eJam jest Pan B\u00f3g Tw\u00f3j, kt\u00f3ry Ci\u0119 wywi\u00f3d\u0142 z ziemi egipskiej, z domu niewoli\u201d, a potem pada pierwsze przykazanie: Nie b\u0119dziesz mia\u0142 bog\u00f3w cudzych przede mn\u0105 &#8211; <\/em>przypomnia\u0142 Tosatti. &#8211; <em>A wi\u0119c wol\u0105 Bo\u017c\u0105 jest s\u0142u\u017cy\u0107 tylko temu jedynemu, prawdziwemu Bogu, to jasne. Uczy tego r\u00f3wnie\u017c Katechizm Ko\u015bcio\u0142a Katolickiego. Wi\u0119c jak mamy rozumie\u0107 s\u0142owa podpisane przez papie\u017ca? \u0179e teraz katolicy s\u0105 w jednym z wielu mo\u017cliwych Ko\u015bcio\u0142\u00f3w? Po co wi\u0119c teraz wierzy\u0107 w Ewangeli\u0119 i w Zbawiciela? O kt\u00f3rym to sam B\u00f3g Ojciec powiedzia\u0142: \u201eTo jest m\u00f3j Syn umi\u0142owany, w kt\u00f3rym mam upodobanie, Jego s\u0142uchajcie\u201d &#8211; <\/em>doda\u0142.<\/p>\r\n<p>Marco Tosatti zastanawia\u0142 si\u0119 r\u00f3wnie\u017c, po co dzi\u015b katolicy maj\u0105 by\u0107 misjonarzami, skoro deklaracja z Abu Zabi zdaje si\u0119 dzia\u0142alno\u015b\u0107 misyjn\u0105 uniewa\u017cnia\u0107? Dokument \u00f3w watykanista nazwa\u0142 \u201enajbardziej destrukcyjnym dla katolickiej wiary\u201d spo\u015br\u00f3d wszystkich dokument\u00f3w podpisanych kiedykolwiek przez papie\u017cy. &nbsp;&nbsp;<\/p>\r\n<p><strong>Potrzeba powiedzie\u0107: \u201edo\u015b\u0107!\u201d. Dla naszych dzieci<\/strong><\/p>\r\n<p>Michael Voris powiedzia\u0142 wprost, \u017ce Papie\u017c Franciszek demontuje wiar\u0119 katolick\u0105, i \u017ce jako szef portalu Church Militant oczekiwa\u0142by, by w tej sytuacji Ojciec \u015awi\u0119ty ust\u0105pi\u0142. &#8211; <em>Franciszek nie rozpoznaje swojego fundamentalnego obowi\u0105zku dbania o Ko\u015bci\u00f3\u0142. O Ko\u015bci\u00f3\u0142, kt\u00f3ry przecie\u017c nie jest jego, nie nale\u017cy do niego, ani do \u017cadnego narodu, grupy itd., ale do Chrystusa. Promuje fa\u0142szyw\u0105 teologi\u0119 i kieruje Ko\u015bcio\u0142em pos\u0142uguj\u0105c si\u0119 plotkami i wykorzystuj\u0105c skandale personalne. W dodatku wykazuje si\u0119 postaw\u0105 antyzachodni\u0105, to znaczy przedstawia siebie jako przeciwnika cywilizacji zachodniej, mocno uwypuklaj\u0105cej teocentryzm, a nie antropocentryzm. On chcia\u0142by czego\u015b przeciwnego &#8211; <\/em>stwierdzi\u0142 Voris. <em>&nbsp;&nbsp;<\/em><\/p>\r\n<p>Nazwa\u0142 Franciszka papie\u017cem politycznym. &#8211; <em>Interesuje go g\u0142\u00f3wnie socjalizm, globalizm, ochrona klimatu, itp. I Pan B\u00f3g to wszystko widzi. A przecie\u017c Franciszek jest g\u0142ow\u0105 Ko\u015bcio\u0142a katolickiego, nie Ko\u015bcio\u0142a globalistycznego. A wydaje si\u0119, \u017ce inspiruje go w dodatku wywodz\u0105ca si\u0119 z marksizmu teologia wyzwolenia &#8211; teologia, kt\u00f3ra nie jest katolicka, nie nale\u017cy do \u015bwi\u0119tego Ko\u015bcio\u0142a katolickiego<\/em> &#8211; doda\u0142.<\/p>\r\n<p>W podobnym tonie wypowiada\u0142 si\u0119 szef LifeSiteNews.com John Henry Westen.&nbsp; <em>&#8211; Rozpoczyna si\u0119 synod. Wi\u0119kszo\u015b\u0107 biskup\u00f3w i kardyna\u0142\u00f3w milczy na temat b\u0142\u0119d\u00f3w zawartych w jego dokumentach. My, \u015bwieccy nie mo\u017cemy. Dlaczego? Bo tu chodzi o los naszych dzieci! Jest naszym prawem domaga\u0107 si\u0119 s\u0142u\u017cenia Chrystusowi przez ksi\u0119\u017cy, biskup\u00f3w i papie\u017ca. Z mi\u0142o\u015bci do Chrystusa i Ko\u015bcio\u0142a, Naj\u015bwi\u0119tszej Maryi Panny i naszych dzieci, musimy powiedzie\u0107 g\u0142o\u015bno: DOSY\u00c4\u2020! &#8211; <\/em>wo\u0142a\u0142.<\/p>\r\n<p>&#8211; <em>Tak wielu ludzi zdradzi\u0142o dzi\u015b Ko\u015bci\u00f3\u0142. Promowane s\u0105 b\u0142\u0119dy pot\u0119guj\u0105ce tylko zamieszanie. Papie\u017c zaoferowa\u0142 \u015bwiatu, w imieniu Ko\u015bcio\u0142a, przyja\u017a\u0144. A co ze Zbawicielem? Co on mo\u017ce s\u0105dzi\u0107 o promowaniu heterodoksyjnych naukowc\u00f3w, cudzo\u0142\u00f3stwa i fa\u0142szywego ekumenizmu sprzecznego z Ewangeli\u0105 &#8211; <\/em>doda\u0142.<\/p>\r\n<p>Wyja\u015bnia\u0142 jednak, \u017ce nie chodzi o to, by by\u0107 przeciwnikiem papie\u017ca: &#8211; <em>Kocham papie\u017ca Franciszka, i to w\u0142a\u015bnie dlatego milczenie wobec jego b\u0142\u0119d\u00f3w by\u0142oby wobec niego nieuczciwe. Musimy modli\u0107 si\u0119 za niego. Nie os\u0105dzam jego motywacji ani oczywi\u015bcie stanu jego duszy, ale widz\u0119 i opisuj\u0119 jego wp\u0142yw na Ko\u015bci\u00f3\u0142. A wydaje si\u0119, \u017ce buduje fa\u0142szywy Ko\u015bci\u00f3\u0142 i promuje fa\u0142szyw\u0105 Wiar\u0119 &#8211; <\/em>m\u00f3wi\u0142 zdecydowanie Westen. &#8211; <em>My nie opu\u015bcimy Ko\u015bcio\u0142a, bo jest jedynym prawdziwym, nie ma innego. Jeste\u015bmy gotowi na cierpienie i \u015bmier\u0107. Musimy po\u015bwi\u0119ci\u0107 si\u0119 naszej Pani jeszcze gor\u0119cej ni\u017c do tej pory. I to tu i teraz. Stoj\u0105c z ni\u0105 u st\u00f3p krzy\u017ca m\u00f3wimy wraz z ni\u0105 AMEN, niech si\u0119 stanie. By\u0107 mo\u017ce zobaczymy \u015bmier\u0107 Mistycznego Cia\u0142a Chrystusa, ale wiemy, \u017ce nast\u0105pi zmartwychwstanie. AVE MARIA! &#8211; <\/em>zako\u0144czy\u0142 swe wyst\u0105pienie Kanadyjczyk. &nbsp;&nbsp;&nbsp;&nbsp;&nbsp;&nbsp;&nbsp;&nbsp;&nbsp;<\/p>\r\n<p><strong>Kap\u0142a\u0144stwo kobiet, neo-luteranizm i rezygnacja Benedykta<\/strong><\/p>\r\n<p>W konferencji udzia\u0142 wzi\u0119li r\u00f3wnie\u017c Jeanne Smits, francuska dziennikarka, dr Taylor Marschall, ameryka\u0144ski publicysta i chilijski pisarz Jose Antonio Ureta &#8211; cz\u0142onek francuskiego stowarzyszenia TFP.&nbsp;&nbsp;<\/p>\r\n<p>Smits przestrzega\u0142a przed niebezpiecze\u0144stwem ustanowienia w Ko\u015bciele fa\u0142szywego ordynariatu dla kobiet-ksi\u0119\u017cy. Zastanawia\u0142a si\u0119 przy tym, dlaczego niby to kobiety z Amazonii maj\u0105 mie\u0107 pierwsze\u0144stwo w takim rewolucyjnym ruchu. Zwr\u00f3ci\u0142a uwag\u0119 na \u201eteologi\u0119 india\u0144sk\u0105\u201d, z kt\u00f3rej takie tendencje i pomys\u0142y mog\u0105 wynika\u0107.&nbsp;<\/p>\r\n<p>Jose Antonio Ureta zwr\u00f3ci\u0142 za\u015b uwag\u0119 na neo-lutera\u0144skie pojmowanie kap\u0142a\u0144stwa w dokumentach przygotowawczych synodu.<\/p>\r\n<p>Dr Marschall zastanawia\u0142 si\u0119 natomiast, dlaczego Benedykt XVI zrezygnowa\u0142 z urz\u0119du i jaki wp\u0142yw na t\u0119 decyzj\u0119 mog\u0142y mie\u0107 naciski tych kr\u0119g\u00f3w, kt\u00f3re dzi\u015b czuj\u0105 si\u0119 w Ko\u015bciele po stokro\u0107 lepiej ni\u017c za czas\u00f3w poprzednik\u00f3w Franciszka.<\/p>\r\n<p><strong>Wierni \u015bwieccy wobec kryzysu<\/strong><\/p>\r\n<p>Po przem\u00f3wieniach zadano wiele pyta\u0144 przes\u0142anych przez internaut\u00f3w na \u017cywo \u015bledz\u0105cych konferencj\u0119 za po\u015brednictwem kana\u0142u YouTube. Wi\u0119kszo\u015b\u0107 z nich pyta\u0142a, jak reagowa\u0107 na kryzys i co \u015bwieccy mog\u0105 zrobi\u0107 dla pod\u017awigni\u0119cia Ko\u015bcio\u0142a.<\/p>\r\n<p>Pada\u0142y r\u00f3\u017cne odpowiedzi &#8211; ale przewija\u0142a si\u0119 w\u015br\u00f3d nich stale podkre\u015blana potrzeba wierno\u015bci Chrystusowi i utrzymywania jedno\u015bci. Jose Antonio Ureta zaproponowa\u0142, by bojkotowa\u0107 kap\u0142an\u00f3w \u017cyj\u0105cych niemoralnie i g\u0142osz\u0105cych jawne herezje. Dr Marschall za\u015b, powo\u0142uj\u0105c si\u0119 na \u015bw. Tomasza m\u00f3wi\u0142, \u017ce odmowa udzia\u0142u w sakramentach sprawowanych niegodnie, jest tych sakrament\u00f3w honorowaniem.&nbsp; &nbsp;&nbsp;<\/p>\r\n<p>Ureta przyzna\u0142 te\u017c, \u017ce nie zgadza si\u0119 z Vorisem w kwestii ust\u0105pienia Franciszka. Twierdzi, \u017ce to spot\u0119gowa\u0142oby tylko chaos w Ko\u015bciele. &#8211; <em>Oto mieliby\u015bmy w Rzymie ju\u017c trzech ludzi ubieraj\u0105cych si\u0119 na bia\u0142o, mieszkaj\u0105cych w Watykanie, nie podpisuj\u0105cych si\u0119 imieniem i nazwiskiem, pos\u0142uguj\u0105cych si\u0119 herbem papieskim i udzielaj\u0105cych apostolskiego b\u0142ogos\u0142awie\u0144stwa. Rezygnacja jeszcze bardziej zniszczy\u0142aby papiestwo ni\u017c urz\u0119dowanie Franciszka<\/em> &#8211; wyja\u015bni\u0142.&nbsp;<\/p>\r\n<p>Profesor Roberto de Mattei wezwa\u0142 wszystkich wiernych, by zwracali uwag\u0119 na to, \u017ce powstaje na naszych oczach religia globalnego ocieplenia, \u015bwiecka i ateistyczna, i bierze w niej udzia\u0142 wielu biskup\u00f3w. John Henry Westen natomiast namawia\u0142 do studiowania wiary i dziej\u00f3w kryzysu Ko\u015bcio\u0142a, by ka\u017cdy m\u00f3g\u0142 ludziom w swej parafii powiedzie\u0107, jaka jest prawda. Wszyscy zgodzili si\u0119, \u017ce potrzeba wiele modlitwy i pracy. &nbsp;A tak\u017ce &#8211; gotowo\u015bci do m\u0119cze\u0144stwa.<\/p>\r\n<p><strong><em>Krystian Kratiuk<\/em><\/strong>, Rzym<\/p>\r\n<p>&#8212;&#8212;&#8212;&#8212;&#8212;&#8212;&#8212;&#8212;&#8212;&#8212;&#8212;&#8212;&#8212;<\/p>\r\n<p><strong>WSZYSTKIE WYST\u0104PIENIA Z OPISYWANEJ RZYMSKIEJ KONFERENCJI OPUBLIKUJEMY W CI\u0104GU NAJBLI\u0179SZYCH DNI NA KANALE YT PCH24TV.<\/strong><\/p>","protected":false},"excerpt":{"rendered":"Tu\u017c przed rozpocz\u0119ciem synodu panamazo\u0144skiego przedstawiciele organizacji konserwatywnych katolik\u00f3w z ca\u0142ego \u015bwiata zebrali si\u0119 w Rzymie, by podzieli\u0107 si\u0119 obawami dotycz\u0105cymi tego\u017c synodu. W bardzo zdecydowanych s\u0142owach rozprawili si\u0119 z b\u0142\u0119dami i herezjami zawartymi w Instrumentum laboris. Surowo ocenili r\u00f3wnie\u017c papie\u017ca Franciszka.&nbsp; Niezwyk\u0142\u0105 konferencj\u0119 zatytu\u0142owan\u0105: \u201eNasz Ko\u015bci\u00f3\u0142. Zreformowany czy deformowany?\u201d prowadzi\u0142 John Smeaton, szef brytyjskiego [&hellip;]","protected":false},"author":1,"featured_media":0,"comment_status":"closed","ping_status":"closed","sticky":false,"template":"","format":"standard","meta":{"_acf_changed":false,"_monsterinsights_skip_tracking":false,"_monsterinsights_sitenote_active":false,"_monsterinsights_sitenote_note":"","_monsterinsights_sitenote_category":0,"ngg_post_thumbnail":0,"footnotes":"","_wp_rev_ctl_limit":""},"categories":[3],"tags":[41,33],"acf":[],"_links":{"self":[{"href":"https:\/\/www.bibula.com\/index.php?rest_route=\/wp\/v2\/posts\/110116"}],"collection":[{"href":"https:\/\/www.bibula.com\/index.php?rest_route=\/wp\/v2\/posts"}],"about":[{"href":"https:\/\/www.bibula.com\/index.php?rest_route=\/wp\/v2\/types\/post"}],"author":[{"embeddable":true,"href":"https:\/\/www.bibula.com\/index.php?rest_route=\/wp\/v2\/users\/1"}],"replies":[{"embeddable":true,"href":"https:\/\/www.bibula.com\/index.php?rest_route=%2Fwp%2Fv2%2Fcomments&post=110116"}],"version-history":[{"count":0,"href":"https:\/\/www.bibula.com\/index.php?rest_route=\/wp\/v2\/posts\/110116\/revisions"}],"wp:attachment":[{"href":"https:\/\/www.bibula.com\/index.php?rest_route=%2Fwp%2Fv2%2Fmedia&parent=110116"}],"wp:term":[{"taxonomy":"category","embeddable":true,"href":"https:\/\/www.bibula.com\/index.php?rest_route=%2Fwp%2Fv2%2Fcategories&post=110116"},{"taxonomy":"post_tag","embeddable":true,"href":"https:\/\/www.bibula.com\/index.php?rest_route=%2Fwp%2Fv2%2Ftags&post=110116"}],"curies":[{"name":"wp","href":"https:\/\/api.w.org\/{rel}","templated":true}]}}