{"id":110086,"date":"2019-10-03T10:59:42","date_gmt":"2019-10-03T14:59:42","guid":{"rendered":"http:\/\/www.bibula.com\/?p=110086"},"modified":"2019-10-03T10:59:42","modified_gmt":"2019-10-03T14:59:42","slug":"kard-walter-brandmuller-korzenie-buntu-niemieckich-katolikow-przeciw-rzymowi","status":"publish","type":"post","link":"https:\/\/www.bibula.com\/?p=110086","title":{"rendered":"Kard. Walter Brandm\u00fcller: korzenie buntu niemieckich katolik\u00f3w przeciw Rzymowi"},"content":{"rendered":"<p><strong>Kardyna\u0142 Walter Brandm\u00fcller korzeni sprzeciwu Niemc\u00f3w wobec Rzymu upatruje w bitwie pod lasem Teutoburskim stoczonej w 9 roku po Chrystusie, kt\u00f3ra od d\u0142u\u017cszego czasu symbolizuje walk\u0119 o niezale\u017cno\u015b\u0107 German\u00f3w. Wydarzenia XVI wieku, filozofia Hegla, XX wieczny liberalizm i obecna droga synodalna stanowi\u0105 elementy jednego procesu dystansowania si\u0119 German\u00f3w od rzymskiego centrum Ko\u015bcio\u0142a.<\/strong><\/p>\r\n<p>Sprzeciw niemieckich wiernych wobec Rzymu wzm\u00f3g\u0142 si\u0119 w XVI stuleciu. Nie chodzi tu tylko o bunt Marcina Lutra i tak zwan\u0105 reformacj\u0119, lecz o charakterystyczny sprzeciw wobec Rzymu przy pragnieniu zachowania miana katolik\u00f3w. Mowa o <em>Gravamina Nationis Germanicae 1522-23 &#8211; prote\u015bcie niemieckich katolik\u00f3w przeciwko nadu\u017cyciom w Rzymie. <\/em><\/p>\r\n<p>Z kolei w XIX wieku Ignaz Henrich von Wessenberg uku\u0142 ide\u0119 niemieckiego ko\u015bcio\u0142a narodowego. Chodzi\u0142o o przywr\u00f3cenie pokoju mi\u0119dzy Ko\u015bcio\u0142em a pa\u0144stwem. Tego typu tendencjom sprzyja\u0142 romantyczny sentyment zmierzaj\u0105cy do przywr\u00f3cenia jednego niemieckiego narodu i jednego niemieckiego Ko\u015bcio\u0142a narodowego. Sprzyja\u0142a temu r\u00f3wnie\u017c koncepcja Hegla. Wyklucza\u0142a ona pogodzenie pa\u0144stwa z \u201eobcym elementem\u201d, za kt\u00f3ry uznano Ko\u015bci\u00f3\u0142 &#8211; zauwa\u017ca kardyna\u0142 Brandm\u00fcller.<\/p>\r\n<p>Filozofia idealistyczna koncentrowa\u0142a si\u0119 na ludzkiej \u015bwiadomo\u015bci i postrzega\u0142a j\u0105 jako rozwijaj\u0105c\u0105 si\u0119 od jednego etapu do drugiego. Ta my\u015bl znalaz\u0142a uj\u015bcie w herezji modernizmu. Wkr\u00f3tce pojawi\u0142y si\u0119 wezwania do stworzenia niemieckiej Sonderweg &#8211; odr\u0119bnej drogi. &nbsp;<\/p>\r\n<p>Z kolei &#8211; jak pisze kardyna\u0142 Brandm\u00fcller &#8211; w XX wieku d\u0105\u017cenia niemieckie do niezale\u017cno\u015bci nasili\u0142y si\u0119 po Soborze Watyka\u0144skim II. W latach 1971-75 odby\u0142 si\u0119 tak zwany Wsp\u00f3lny Synod Niemieckich Diecezji. Wbrew Tradycji Ko\u015bcio\u0142a \u015bwieckim przyznano na nim tyle samo g\u0142os\u00f3w, co duchownym. Kolejny prze\u0142omowy punkt to Deklaracja Kolo\u0144ska w 1989 roku \u201eprzeciwko pozbawianiu prawa do decydowania\u201d.<\/p>\r\n<p>Wraz z aktualnymi d\u0105\u017ceniami do niemieckiej drogi synodalnej niemieckie widmo Ko\u015bcio\u0142a Narodowego pojawia si\u0119 ponownie. Tymczasem jak zauwa\u017ca kardyna\u0142 Walter Brandm\u00fcller, d\u0105\u017cenia do stworzenia tego typu sprzeciwiaj\u0105 si\u0119 katolicko\u015bci, a wi\u0119c powszechno\u015bci.<\/p>\r\n<p>Analiza niemieckiego kardyna\u0142a, jednego z autor\u00f3w dubi\u00f3w, stanowi niezwykle cenny wk\u0142ad &#8211; pozwala bowiem ujrze\u0107 kontekst obecnych d\u0105\u017ce\u0144 niemieckich biskup\u00f3w. W\u0105tpliwo\u015bci budzi jednak r\u00f3wnie\u017c sam synod amazo\u0144ski, jaki w pa\u017adzierniku odb\u0119dzie si\u0119 w Rzymie. Istniej\u0105 bowiem obawy, \u017ce niekt\u00f3rzy jego uczestnicy podejm\u0105 pr\u00f3by zmiany podej\u015bcia Ko\u015bcio\u0142a cho\u0107by do kwestii celibatu duchownych i innych kwestii. &nbsp;<\/p>\r\n<p>W trudnych czasach kryzysu dotykaj\u0105cego wielu ludzi Ko\u015bcio\u0142a pami\u0119tajmy, \u017ce do tego typu sytuacji dochodzi\u0142o ju\u017c wcze\u015bniej. Wystarczy wspomnie\u0107 kryzys aria\u0144ski czy schizm\u0119 zachodni\u0105. Za ka\u017cdym razem jednak Ko\u015bci\u00f3\u0142 \u015bwi\u0119ty wychodzi\u0142 z nich obronn\u0105 r\u0119k\u0105. Wszak zgodnie z obietnic\u0105 Chrystusa Pana, bramy piekielne go \u201enie przemog\u0105\u201d.<\/p>\r\n<p>\u0179r\u00f3d\u0142a: kath.net \/ lifesitenews.com \/ komentarz pch24.pl<\/p>\r\n<p>mjend<\/p>","protected":false},"excerpt":{"rendered":"Kardyna\u0142 Walter Brandm\u00fcller korzeni sprzeciwu Niemc\u00f3w wobec Rzymu upatruje w bitwie pod lasem Teutoburskim stoczonej w 9 roku po Chrystusie, kt\u00f3ra od d\u0142u\u017cszego czasu symbolizuje walk\u0119 o niezale\u017cno\u015b\u0107 German\u00f3w. Wydarzenia XVI wieku, filozofia Hegla, XX wieczny liberalizm i obecna droga synodalna stanowi\u0105 elementy jednego procesu dystansowania si\u0119 German\u00f3w od rzymskiego centrum Ko\u015bcio\u0142a. Sprzeciw niemieckich wiernych [&hellip;]","protected":false},"author":1,"featured_media":0,"comment_status":"closed","ping_status":"closed","sticky":false,"template":"","format":"standard","meta":{"_acf_changed":false,"_monsterinsights_skip_tracking":false,"_monsterinsights_sitenote_active":false,"_monsterinsights_sitenote_note":"","_monsterinsights_sitenote_category":0,"ngg_post_thumbnail":0,"footnotes":"","_wp_rev_ctl_limit":""},"categories":[3],"tags":[132,196,166,33],"acf":[],"_links":{"self":[{"href":"https:\/\/www.bibula.com\/index.php?rest_route=\/wp\/v2\/posts\/110086"}],"collection":[{"href":"https:\/\/www.bibula.com\/index.php?rest_route=\/wp\/v2\/posts"}],"about":[{"href":"https:\/\/www.bibula.com\/index.php?rest_route=\/wp\/v2\/types\/post"}],"author":[{"embeddable":true,"href":"https:\/\/www.bibula.com\/index.php?rest_route=\/wp\/v2\/users\/1"}],"replies":[{"embeddable":true,"href":"https:\/\/www.bibula.com\/index.php?rest_route=%2Fwp%2Fv2%2Fcomments&post=110086"}],"version-history":[{"count":0,"href":"https:\/\/www.bibula.com\/index.php?rest_route=\/wp\/v2\/posts\/110086\/revisions"}],"wp:attachment":[{"href":"https:\/\/www.bibula.com\/index.php?rest_route=%2Fwp%2Fv2%2Fmedia&parent=110086"}],"wp:term":[{"taxonomy":"category","embeddable":true,"href":"https:\/\/www.bibula.com\/index.php?rest_route=%2Fwp%2Fv2%2Fcategories&post=110086"},{"taxonomy":"post_tag","embeddable":true,"href":"https:\/\/www.bibula.com\/index.php?rest_route=%2Fwp%2Fv2%2Ftags&post=110086"}],"curies":[{"name":"wp","href":"https:\/\/api.w.org\/{rel}","templated":true}]}}