{"id":109985,"date":"2019-09-26T10:54:21","date_gmt":"2019-09-26T14:54:21","guid":{"rendered":"http:\/\/www.bibula.com\/?p=109985"},"modified":"2019-09-26T10:58:00","modified_gmt":"2019-09-26T14:58:00","slug":"bo-dziecku-nie-odmowisz-przypadek-grety-thunberg","status":"publish","type":"post","link":"https:\/\/www.bibula.com\/?p=109985","title":{"rendered":"Bo dziecku nie odm\u00f3wisz! Przypadek Grety Thunberg"},"content":{"rendered":"<p><strong>Dziecku odm\u00f3wisz? No w\u0142a\u015bnie! I dlatego dzieci w polityce to \u201ebro\u0144\u201d o olbrzymiej sile spo\u0142ecznego oddzia\u0142ywania.<\/strong><\/p>\r\n<p>Polityka wdziera si\u0119 do kolejnych dziedzin naszego \u017cycia i &#8211; chocia\u017c nie jest to nowo\u015bci\u0105 &#8211; si\u0119ga po dzieci. Niegdy\u015b chronione przez rodzic\u00f3w przed z\u0142em \u201etego \u015bwiata\u201d, dzi\u015b pe\u0142ni\u0105 \u201efunkcj\u0119\u201d jednego z wielu propagandowych narz\u0119dzi w r\u0119kach ideolog\u00f3w.<\/p>\r\n<p>Instrument \u00f3w ma olbrzymi potencja\u0142 wp\u0142ywania na decyzje (jednostek, pa\u0144stw, narod\u00f3w i spo\u0142eczno\u015bci mi\u0119dzynarodowej). Przecie\u017c dziecko powszechnie uznajemy za niewinne. Nie podejrzewamy go o z\u0142e intencje, zwi\u0105zki z grupami interes\u00f3w czy doktrynerami.<\/p>\r\n<p>Tkwi w tym jednak niebezpiecze\u0144stwo &#8211; dziecku i jego pro\u015bbom odm\u00f3wi\u0107 nie\u0142atwo, a jego idee traktujemy jako p\u0142yn\u0105ce wprost z czystego serca. I bardzo cz\u0119sto tak w\u0142a\u015bnie jest. Niestety wiedz\u0105 o tym tak\u017ce ideolodzy oraz inni ludzie zainteresowani uzyskaniem okre\u015blony cel\u00f3w. Wielu chce skorzysta\u0107 z naiwno\u015bci &#8211; zar\u00f3wno dzieci jak i doros\u0142ych.<\/p>\r\n<p>Oczywi\u015bcie w samym fakcie ws\u0142uchiwania si\u0119 w g\u0142os dzieci i m\u0142odzie\u017cy nie ma niczego z\u0142ego, podobnie jak nie jest nagannym odnotowywanie ich spo\u0142ecznego zaanga\u017cowania. Problem zaczyna si\u0119 wtedy, gdy ludzi m\u0142odych, niedo\u015bwiadczonych i zwykle pozbawionych rzetelnej wiedzy z danej dziedziny, traktujemy jako autorytety lub &#8211; co gorsza &#8211; wyrocznie wydaj\u0105ce niepodwa\u017calne wyroki. Jako tragedia wsp\u00f3\u0142czesno\u015bci jawi si\u0119 brak szerszej refleksji nad spontaniczno\u015bci\u0105 dzia\u0142alno\u015bci dzieci-aktywist\u00f3w.<\/p>\r\n<p>Tak\u0105 sytuacj\u0119 obserwujemy w przypadku Grety Thunberg. Nastoletnia Skandynawka w blasku fleszy przep\u0142yn\u0119\u0142a Atlantyk, by wzi\u0105\u0107 udzia\u0142 w szczycie ONZ. Podczas wydarzenia aktywistka zirytowana brakiem pos\u0142uchu w\u015br\u00f3d polityk\u00f3w zruga\u0142a (wybrane) kraje \u015bwiata, co odbi\u0142o si\u0119 echem w mi\u0119dzynarodowych mediach. To jednak nic nowego, gdy\u017c od d\u0142u\u017cszego czasu ka\u017cde jej s\u0142owo traktuje si\u0119 jako moralny obowi\u0105zek, kt\u00f3rego niewype\u0142nienie stanowi co\u015b na kszta\u0142t grzechu ekologicznej religii.<\/p>\r\n<p>Tymczasem rzekomo racjonalny \u015bwiat powinien zacz\u0105\u0107 zadawa\u0107 pytania. Czy Thunberg jest ekspertem? Czy lata sp\u0119dzone nad badaniami daj\u0105 jej jakiekolwiek prawo wyg\u0142aszania stanowczych s\u0105d\u00f3w w kwestii skomplikowanej nauki o klimacie, za\u015b nas obliguj\u0105 do s\u0142uchania jej twierdze\u0144? Czy powa\u017cni ludzie mog\u0105 bez nara\u017cenia si\u0119 na \u015bmieszno\u015b\u0107 traktowa\u0107 Gret\u0119 jako fachowca? A mo\u017ce w\u0142a\u015bciwsza postawa to uznanie jej za dziecko, kt\u00f3re dzia\u0142a z dobrych pobudek, jednak najzwyczajniej w \u015bwiecie mo\u017ce si\u0119 myli\u0107? Czy w ko\u0144cu jeste\u015bmy pewni, \u017ce <span class=\"pullquote\">nikt nie inspiruje dzia\u0142a\u0144 cierpi\u0105cego na r\u00f3\u017cne zaburzenia dziecka?<\/span><\/p>\r\n<p>Niestety mo\u017cna odnie\u015b\u0107 wra\u017cenie, \u017ce samo zadawanie takich pyta\u0144 stanowi dla wielu os\u00f3b najwi\u0119ksze \u201eblu\u017anierstwo\u201d XXI wieku. Greta sta\u0142a si\u0119 bowiem kim\u015b wi\u0119cej ni\u017c symbolem. To wyrocznia wskazuj\u0105ca wsp\u00f3\u0142czesnym kierunek, w jakim nale\u017cy pod\u0105\u017ca\u0107, by nale\u017ce\u0107 do \u015bwiatlejszej cz\u0119\u015bci spo\u0142ecze\u0144stwa.<\/p>\r\n<p>Kto\u015b mo\u017ce jednak nadal dr\u0105\u017cy\u0107: co z argumentami, badaniami, analizami, wykresami, modelami, racjami r\u00f3\u017cnych grup spo\u0142ecznych? Co z pot\u0119\u017cnymi kosztami traktowanej jako lek na ca\u0142e z\u0142o \u201ezielonej rewolucji\u201d, skoro nie mamy pewno\u015bci, \u017ce to pomo\u017ce? Co z najwi\u0119kszymi gospodarkami \u015bwiata, kt\u00f3re nie zwracaj\u0105 wi\u0119kszej uwagi na ekologiczne \u017c\u0105dania i cho\u0107by w Europie nie emitowano ani grama CO2, one nadal b\u0119d\u0105 \u201ekopci\u0107\u201d?<\/p>\r\n<p>Nic. No bo co, dziecku odm\u00f3wisz?<\/p>\r\n<p><em><strong>Micha\u0142 Wa\u0142ach<\/strong><\/em><strong>&nbsp;<\/strong><\/p>\r\n<p class=\"zrodlo\">Za: <a href=\"https:\/\/www.pch24.pl\/michal-walach--bo-dziecku-nie-odmowisz--przypadek-grety-thunberg,71092,i.html\">PoloniaChristiana &#8211; pch24.pl (2019-09-26)<\/a> &#8211; [Org. tytu\u0142: \u00abMicha\u0142 Wa\u0142ach: Bo dziecku nie odm\u00f3wisz! Przypadek Grety Thunberg\u00bb]<\/p>\r\n<h4>&nbsp;<\/h4>\r\n<hr style=\"background-color: #000000; border-width: 0; color: #000000; height: 2px; line-height: 0; text-align: center; width: 100%;\">\r\n<h4>&nbsp;<\/h4>\r\n<h2>Greta Thunberg powinna si\u0119 leczy\u0107 &#8211; uwa\u017ca znany australijski psycholog<\/h2>\r\n<p><strong>Znany australijski psycholog, Dr Michael Carr-Gregg, wyrazi\u0142 swoje zaniepokojenie stanem psychicznym nastoletniej eko dzia\u0142aczki Grety Thunberg. Uwa\u017ca, \u017ce powinna si\u0119 leczy\u0107, a tak\u017ce grozi jej wypalenie jakiego do\u015bwiadcza wielu m\u0142odocianych gwiazdor\u00f3w telewizji.<\/strong><\/p>\r\n<p>Greta Thunberg znalaz\u0142a si\u0119 na pierwszych stronach mi\u0119dzynarodowych gazet po tym jak zacz\u0119\u0142a proewadzi\u0107 sw\u0105 \u201d\u0161krucjat\u0119 w obronie klimatu\u201d.<\/p>\r\n<p>We wtorek na szczycie ONZ w Nowym Jorku 16-latka ze Szwecji wyg\u0142osi\u0142a przem\u00f3wienie, kt\u00f3re zmrozi\u0142o s\u0142uchaczy. Zaatakowa\u0142a \u015bwiatowych lider\u00f3w za brak dzia\u0142ania na rzecz zastopowania zmian klimatycznych.<\/p>\r\n<p>Znany australijski psycholog, Dr Michael Carr-Gregg, por\u00f3wnuje Gret\u0119 Thunberg, kt\u00f3ra znalaz\u0142a si\u0119 w \u015bwietle reflektor\u00f3w, do m\u0142odocianych gwiazd telewizyjnych, kt\u00f3re wypali\u0142y si\u0119. Mo\u017ce to mie\u0107 wed\u0142ug niego katastrofalne skutki dla jej psychiki &#8211; ostrzega\u0142 na antenie australijskiego radia 3AW.<\/p>\r\n<p>Zaprzeczy\u0142 te\u017c, \u017ce neguje zmiany klimatyczne.<\/p>\r\n<p>&#8211; <em>Mog\u0119 to jasno powiedzie\u0107, \u017ce nie neguj\u0119 zmian klimatu. My\u015bl\u0119, \u017ce musimy zrobi\u0107 wi\u0119cej, aby uratowa\u0107 planet\u0119.<\/em> &#8211; powiedzia\u0142.<span id=\"ezoic-pub-ad-placeholder-114\" class=\"ezoic-adpicker-ad\"><\/span><\/p>\r\n<p>Dr Carr-Gregg powiedzia\u0142, \u017ce po analizie zdrowia psychicznego Grety uwa\u017ca, \u017ce cierpi\u0105ca na chorob\u0119 Aspergera nastolatka, ma <em>\u201epoczucie misji\u201d.<\/em><\/p>\r\n<p>&#8211; <em>Martwi\u0119 si\u0119, \u017ce wykorzystujemy takie dziecko, kt\u00f3re prawdopodobnie powinno si\u0119 leczy\u0107, poniewa\u017c jak sama powiedzia\u0142a, \u201d\u2039\u201d\u2039ma anoreksj\u0119, chorob\u0119 Aspergera oraz \u201d\u2039\u201d\u2039walczy z depresj\u0105<\/em> &#8211; powiedzia\u0142.<\/p>\r\n<p>Powiedzia\u0142 te\u017c, \u017ce gdyby to by\u0142o jego dziecko, nie chcia\u0142by by znalaz\u0142a si\u0119 w \u015bwietle reflektor\u00f3w ca\u0142ego \u015bwiata.<\/p>\r\n<p>Dr Carr-Gregg powiedzia\u0142, \u017ce martwi si\u0119 przysz\u0142o\u015bci\u0105 Grety, jej obecnym stanem psychicznym i tym, jak wp\u0142ynie to na innych m\u0142odych ludzi.<span id=\"ezoic-pub-ad-placeholder-117\" class=\"ezoic-adpicker-ad\"><\/span><\/p>\r\n<p>&#8211; <em>Ona wysy\u0142a wiadomo\u015b\u0107 do innych nastolatk\u00f3w, \u017ce mog\u0105 rozmawia\u0107 z doros\u0142ymi w ten bardzo, bardzo lekcewa\u017c\u0105cy spos\u00f3b<\/em> &#8211; powiedzia\u0142.<span id=\"ezoic-pub-ad-placeholder-108\" class=\"ezoic-adpicker-ad\"><\/span><\/p>\r\n<p>&#8211; <em>Wydaje si\u0119, \u017ce jest ca\u0142kowicie poch\u0142oni\u0119ta scenariuszem zag\u0142ady, w kt\u00f3rym masowo wyolbrzymia zagro\u017cenia zwi\u0105zane ze zmianami klimatu i ma to wp\u0142yw na sytuacj\u0119, poniewa\u017c powoduje niepok\u00f3j egzystencjalny u naszych dzieci, st\u0105d sprawy klimatu tak mocno do nich docieraj\u0105<\/em> &#8211; powiedzia\u0142.<span id=\"ezoic-pub-ad-placeholder-120\" class=\"ezoic-adpicker-ad\"><\/span><\/p>\r\n<p>Psycholog powiedzia\u0142, \u017ce dzieci powinny by\u0107 w szkole, ale zamiast tego gromadz\u0105 si\u0119, poniewa\u017c <em>\u201eprzekonano je, \u017ce koniec \u015bwiata jest bliski\u201d.<\/em><\/p>\r\n<p>&#8211; <em>Moja krytyka nie dotyczy jej samej ale jej rodzic\u00f3w i dzia\u0142aczy na rzecz zmian klimatu, kt\u00f3rzy u\u017cywaj\u0105 jej bezwstydnie, i my\u015bl\u0119, \u017ce lewica zachowuje si\u0119 w tej sprawie z doz\u0105 hipokryzji <\/em>&#8211; powiedzia\u0142.<\/p>\r\n<p>&#8211; <em>My\u015bl\u0119, \u017ce czeka j\u0105 ogromne rozczarowanie<\/em> &#8211; powiedzia\u0142 Dr Carr-Gregg.<\/p>\r\n<p>&#8211; <em>To reszta \u015bwiata musi wywiera\u0107 presj\u0119 na Chiny i Indie jako najwi\u0119kszych \u015bwiatowych emitent\u00f3w, a nie jedna 16-letnia dziewczynka.<\/em> &#8211; doda\u0142.<\/p>\r\n<p>Psycholog powiedzia\u0142 te\u017c, \u017ce poniewa\u017c Greta Thunberg jest 16-letni\u0105 kobiet\u0105 nikt nie mo\u017ce dyskutowa\u0107 z jej pogl\u0105dami i jest niejako zmuszany do ich zaakceptowania.<\/p>\r\n<p class=\"zrodlo\">Ca\u0142o\u015b\u0107: <a href=\"https:\/\/nczas.com\/2019\/09\/26\/dla-radka\/\">Najwy\u017cszy Czas! (26\/09\/2019)<\/a> &#8211; [Org. tytu\u0142: \u00abGreta Thunberg powinna si\u0119 leczy\u0107 &#8211; uwa\u017ca znany australijski psycholog. Jej rodzice i eko fanatycy \u201ebezwstydnie j\u0105 wykorzystuj\u0105\u201d [WIDEO]\u00bb]<\/p>\r\n<h4>&nbsp;<\/h4>\r\n<hr style=\"background-color: #000000; border-width: 0; color: #000000; height: 2px; line-height: 0; text-align: center; width: 100%;\">\r\n<h4>&nbsp;<\/h4>","protected":false},"excerpt":{"rendered":"Dziecku odm\u00f3wisz? No w\u0142a\u015bnie! I dlatego dzieci w polityce to \u201ebro\u0144\u201d o olbrzymiej sile spo\u0142ecznego oddzia\u0142ywania. Polityka wdziera si\u0119 do kolejnych dziedzin naszego \u017cycia i &#8211; chocia\u017c nie jest to nowo\u015bci\u0105 &#8211; si\u0119ga po dzieci. Niegdy\u015b chronione przez rodzic\u00f3w przed z\u0142em \u201etego \u015bwiata\u201d, dzi\u015b pe\u0142ni\u0105 \u201efunkcj\u0119\u201d jednego z wielu propagandowych narz\u0119dzi w r\u0119kach ideolog\u00f3w. Instrument [&hellip;]","protected":false},"author":1,"featured_media":0,"comment_status":"closed","ping_status":"closed","sticky":false,"template":"","format":"standard","meta":{"_acf_changed":false,"_monsterinsights_skip_tracking":false,"_monsterinsights_sitenote_active":false,"_monsterinsights_sitenote_note":"","_monsterinsights_sitenote_category":0,"ngg_post_thumbnail":0,"footnotes":"","_wp_rev_ctl_limit":""},"categories":[6],"tags":[414,93,20],"acf":[],"_links":{"self":[{"href":"https:\/\/www.bibula.com\/index.php?rest_route=\/wp\/v2\/posts\/109985"}],"collection":[{"href":"https:\/\/www.bibula.com\/index.php?rest_route=\/wp\/v2\/posts"}],"about":[{"href":"https:\/\/www.bibula.com\/index.php?rest_route=\/wp\/v2\/types\/post"}],"author":[{"embeddable":true,"href":"https:\/\/www.bibula.com\/index.php?rest_route=\/wp\/v2\/users\/1"}],"replies":[{"embeddable":true,"href":"https:\/\/www.bibula.com\/index.php?rest_route=%2Fwp%2Fv2%2Fcomments&post=109985"}],"version-history":[{"count":0,"href":"https:\/\/www.bibula.com\/index.php?rest_route=\/wp\/v2\/posts\/109985\/revisions"}],"wp:attachment":[{"href":"https:\/\/www.bibula.com\/index.php?rest_route=%2Fwp%2Fv2%2Fmedia&parent=109985"}],"wp:term":[{"taxonomy":"category","embeddable":true,"href":"https:\/\/www.bibula.com\/index.php?rest_route=%2Fwp%2Fv2%2Fcategories&post=109985"},{"taxonomy":"post_tag","embeddable":true,"href":"https:\/\/www.bibula.com\/index.php?rest_route=%2Fwp%2Fv2%2Ftags&post=109985"}],"curies":[{"name":"wp","href":"https:\/\/api.w.org\/{rel}","templated":true}]}}