{"id":109944,"date":"2019-09-23T19:43:06","date_gmt":"2019-09-23T23:43:06","guid":{"rendered":"http:\/\/www.bibula.com\/?p=109944"},"modified":"2019-09-23T19:53:50","modified_gmt":"2019-09-23T23:53:50","slug":"aberracje-liturgiczne-cz-128-trybalistyczna-liturgia-w-obecnosci-biskupa","status":"publish","type":"post","link":"https:\/\/www.bibula.com\/?p=109944","title":{"rendered":"Aberracje liturgiczne cz. 128 &#8211; Trybalistyczna liturgia w obecno\u015bci biskupa"},"content":{"rendered":"<p>Papuasi w poga\u0144skich maskach pojawili si\u0119 na &#8222;mszy&#8221; celebrowanej przez biskupa Garoki (Papua Nowa Gwinea) <strong>Jego Ekscelencj\u0119 Dariusza Ka\u0142u\u017c\u0119<\/strong>. Mia\u0142o to miejsce podczas spotkania z m\u0142odzie\u017c\u0105 Highlands Catholic Youth Rally (9-13 lipca) w Kewabi.<\/p>\r\n<p><img fetchpriority=\"high\" decoding=\"async\" class=\"aligncenter\" src=\"https:\/\/1.bp.blogspot.com\/-zxa30A62A7c\/XYlA6-v6k1I\/AAAAAAAAERM\/fEEUk91f3-UGwz93HlDkHZuh1vgYAeLdACK4BGAYYCw\/s1600\/pobrane.jpg\" width=\"596\" height=\"336\"><\/p>\r\n<p>[youtube =bHmnbv9O8JI width=&#8221;600&#8243;]<\/p>\r\n<p>Nagranie w sieci udost\u0119pni\u0142 o. Robert Ablewicz.&nbsp;<\/p>\r\n<p class=\"zrodlo\">Za: <a href=\"https:\/\/rzymski-katolik.blogspot.com\/2019\/09\/blog-post.html\">Rzymski katolik (24 wrze\u015bnia 2019)<\/a><\/p>\r\n<h4>&nbsp;<\/h4>\r\n<hr style=\"background-color: #000000; border-width: 0; color: #000000; height: 2px; line-height: 0; text-align: center; width: 100%;\">\r\n<h4>&nbsp;<\/h4>\r\n<p>[Dariusz Ka\u0142u\u017ca, MSF (Misjonarze \u015awi\u0119tej Rodziny), ur. 1967. Prezbiterat: 1993 &#8230; 9 czerwca 2016 Franciszek mianowa\u0142 go biskupem ordynariuszem diecezji Goroka.]<\/p>\r\n<h4>&nbsp;<\/h4>\r\n<hr style=\"background-color: #000000; border-width: 0; color: #000000; height: 2px; line-height: 0; text-align: center; width: 100%;\">\r\n<h4>&nbsp;<\/h4>","protected":false},"excerpt":{"rendered":"Papuasi w poga\u0144skich maskach pojawili si\u0119 na &#8222;mszy&#8221; celebrowanej przez biskupa Garoki (Papua Nowa Gwinea) Jego Ekscelencj\u0119 Dariusza Ka\u0142u\u017c\u0119. Mia\u0142o to miejsce podczas spotkania z m\u0142odzie\u017c\u0105 Highlands Catholic Youth Rally (9-13 lipca) w Kewabi. [youtube =bHmnbv9O8JI width=&#8221;600&#8243;] Nagranie w sieci udost\u0119pni\u0142 o. Robert Ablewicz.&nbsp; Za: Rzymski katolik (24 wrze\u015bnia 2019) &nbsp; &nbsp; [Dariusz Ka\u0142u\u017ca, MSF [&hellip;]","protected":false},"author":1,"featured_media":0,"comment_status":"closed","ping_status":"closed","sticky":false,"template":"","format":"standard","meta":{"_acf_changed":false,"_monsterinsights_skip_tracking":false,"_monsterinsights_sitenote_active":false,"_monsterinsights_sitenote_note":"","_monsterinsights_sitenote_category":0,"ngg_post_thumbnail":0,"footnotes":"","_wp_rev_ctl_limit":""},"categories":[3],"tags":[333,171,39,33],"acf":[],"_links":{"self":[{"href":"https:\/\/www.bibula.com\/index.php?rest_route=\/wp\/v2\/posts\/109944"}],"collection":[{"href":"https:\/\/www.bibula.com\/index.php?rest_route=\/wp\/v2\/posts"}],"about":[{"href":"https:\/\/www.bibula.com\/index.php?rest_route=\/wp\/v2\/types\/post"}],"author":[{"embeddable":true,"href":"https:\/\/www.bibula.com\/index.php?rest_route=\/wp\/v2\/users\/1"}],"replies":[{"embeddable":true,"href":"https:\/\/www.bibula.com\/index.php?rest_route=%2Fwp%2Fv2%2Fcomments&post=109944"}],"version-history":[{"count":0,"href":"https:\/\/www.bibula.com\/index.php?rest_route=\/wp\/v2\/posts\/109944\/revisions"}],"wp:attachment":[{"href":"https:\/\/www.bibula.com\/index.php?rest_route=%2Fwp%2Fv2%2Fmedia&parent=109944"}],"wp:term":[{"taxonomy":"category","embeddable":true,"href":"https:\/\/www.bibula.com\/index.php?rest_route=%2Fwp%2Fv2%2Fcategories&post=109944"},{"taxonomy":"post_tag","embeddable":true,"href":"https:\/\/www.bibula.com\/index.php?rest_route=%2Fwp%2Fv2%2Ftags&post=109944"}],"curies":[{"name":"wp","href":"https:\/\/api.w.org\/{rel}","templated":true}]}}