{"id":109860,"date":"2019-09-18T14:18:45","date_gmt":"2019-09-18T18:18:45","guid":{"rendered":"http:\/\/www.bibula.com\/?p=109860"},"modified":"2019-09-18T14:20:58","modified_gmt":"2019-09-18T18:20:58","slug":"ekspresowa-droga-z-krakowa-do-warszawy-zagrozona-ekolodzy-znalezli-nory-chomikow-i-chca-zmian","status":"publish","type":"post","link":"https:\/\/www.bibula.com\/?p=109860","title":{"rendered":"Ekspresowa droga z Krakowa do Warszawy zagro\u017cona? Ekolodzy znale\u017ali nory chomik\u00f3w i chc\u0105 zmian"},"content":{"rendered":"<p><strong>Ekolodzy domagaj\u0105 si\u0119 wstrzymania rozpocz\u0119tych niedawno prac nad budow\u0105 drogi na odcinku Szczepanowice-Widoma. To cz\u0119\u015b\u0107 prowadz\u0105cej z Krakowa do Kielc trasy S7, kt\u00f3ra \u0142\u0105czy drugie najwi\u0119ksze miasto w Polsce ze stolic\u0105 kraju.<\/strong><\/p>\r\n<p>Powodem \u017c\u0105da\u0144 \u201ezielonych\u201d jest odnalezienie przez nich nor chomika europejskiego. Tymczasem &#8211; jak czytamy na stronie radiokrakow.pl &#8211; \u201ew raporcie, kt\u00f3ry zosta\u0142 przygotowany w ramach ponownej oceny oddzia\u0142ywania inwestycji na \u015brodowisko, jest informacja, \u017ce wyst\u0119puj\u0105 na tym terenie r\u00f3\u017cne chronione gatunki. Jednak nie stwierdzono obecno\u015bci chomika europejskiego\u201d. R\u00f3\u017cnica mo\u017ce wynika\u0107 z dokonania obserwacji w innym okresie &#8211; uwa\u017ca Ada S\u0142odkowska, rzecznik prasowa Regionalnej Dyrekcji Ochrony \u015arodowiska w Krakowie, kt\u00f3ra zaznacza, \u017ce instytucja ma \u015bwiadomo\u015b\u0107 bytowania chronionego gatunku w okolicy.<\/p>\r\n<p>&#8211; <em>Siedlisko chomika jest, ale nie w pasie drogi<\/em> &#8211; m\u00f3wi z kolei cytowana przez radiokrakow.pl Iwona Mikrut z Generalnej Dyrekcji Dr\u00f3g Krajowych i Autostrad. Jak dodaje, dwie odnalezione nory by\u0142y opuszczone.<\/p>\r\n<p>Ekolodzy oskar\u017caj\u0105 jednak w\u0142adze o \u201ezamiatanie sprawy pod dywan\u201d. Zaanga\u017cowany w spraw\u0119 Rados\u0142aw \u015alusarczyk z Pracowni na Rzecz Wszystkich Istot twierdzi, \u017ce droga S7 w planowanym kszta\u0142cie \u017ale wp\u0142ynie na populacj\u0119 chomika europejskiego. Jego zdaniem budowa zniszczy nory, za\u015b droga podzieli populacj\u0119, a zwierz\u0119ta b\u0119d\u0105 gin\u0105\u0107 pod ko\u0142ami samochod\u00f3w. Dlatego te\u017c \u015alusarczyk oczekuje przeprojektowania drogi tak, aby powsta\u0142y zabezpieczenia chroni\u0105ce chomika przed wej\u015bciem na jezdnie oraz przeniesienia populacji na czas budowy. Do czasu przeprojektowania ekolodzy oczekuj\u0105 wstrzymania prac.<\/p>\r\n<p>Tymczasem przedstawiciel Regionalnej Dyrekcji Ochrony \u015arodowiska zauwa\u017ca, \u017ce wykonawca b\u0105d\u017a inwestor mo\u017ce wyst\u0105pi\u0107 o derogacj\u0119. To zgoda na wyj\u0105tkowe przenoszenie lub sp\u0142oszenie zwierz\u0105t oraz zniszczenie ich siedlisk. Mo\u017ce zosta\u0107 ona wydana w zwi\u0105zku z faktem, \u017ce budowa drogi to inwestycja celu publicznego, za\u015b dzia\u0142ania w jej ramach maj\u0105 by\u0107 prowadzone w spos\u00f3b niewp\u0142ywaj\u0105cy na ca\u0142\u0105 populacj\u0119 gatunku.<\/p>\r\n<p>To nie zadowala ekolog\u00f3w, kt\u00f3rzy twierdz\u0105, \u017ce dotychczasowa budowa ju\u017c zniszczy\u0142a siedliska chomika. Potwierdza\u0107 tezy \u015alusarczyka maj\u0105 na\u0142o\u017cone na siebie dwie mapy &#8211; na jednej zaznaczono obszar prac, na drugiej niegdysiejsze nory. Tymczasem Iwona Mikrut z GDDKIA powiedzia\u0142a Radiu Krak\u00f3w, \u017ce \u201eod kilku dni na miejscu pracuj\u0105 eksperci, kt\u00f3rzy sprawdzaj\u0105, czy koparki nie je\u017cd\u017c\u0105 po norach\u201d. Tego typu dzia\u0142ania &#8211; prowadzone przez niezale\u017cn\u0105 firm\u0119 &#8211; maj\u0105 by\u0107 wykonywane przez ca\u0142y czas realizowania inwestycji. Co wi\u0119cej, je\u015bli na miejscu pojawi\u0105 si\u0119 chomiki, to teren zostanie wygrodzony, a pro\u015bba o przeniesienie gatunku zostanie z\u0142o\u017cona. &#8211; <em>Prosz\u0119 si\u0119 nie obawia\u0107, chomiki nie b\u0119d\u0105 tu zabijane<\/em> &#8211; m\u00f3wi Mikrut.<\/p>\r\n<p>Ekolodzy \u201ewiedz\u0105\u201d jednak swoje, a deklaracje uznaj\u0105 za niewystarczaj\u0105ce. \u201eZieloni\u201d oczekuj\u0105 przeprojektowania drogi, do kt\u00f3rej powstania przygotowania trwa\u0142y od wielu lat. Do tego czasu chc\u0105 wstrzymania strategicznej inwestycji. Rozwa\u017caj\u0105 tak\u017ce skierowanie sprawy do s\u0105du.<\/p>\r\n<p>\u0179r\u00f3d\u0142o: radiokrakow.pl<\/p>\r\n<p>MW\u0142<\/p>\r\n<blockquote>\r\n<p>[<strong>Wybrane wypowiedzi internaut\u00f3w pod w\/w tekstem na stronie \u017ar\u00f3d\u0142owej:<\/strong>]<\/p>\r\n<p>Tych &#8222;ekolog\u00f3w&#8221; nale\u017cy wys\u0142a\u0107 na 3 tygodnie obowi\u0105zkowych k\u0105pieli w Wi\u015ble, teraz chyba w rejonie Gda\u0144ska. Tak na pocz\u0105tek.<br>\r\n<em>Stefan<\/em><br>\r\n<br>\r\nA dlaczego jeszcze nie le\u017c\u0105 w Wi\u015ble in nie blokuj\u0105 \u015bciek\u00f3w kt\u00f3re wyp\u0142ywaj\u0105 z kolektora w Warszawie. To powinno by\u0107 ich priorytetem.<br>\r\n<em>Wojt<\/em><br>\r\n<br>\r\nO i taka to prawdziwa twarz &#8222;zielonych&#8221; o katastrofie ekologicznej na skal\u0119 \u015bwiatow\u0105 w Wi\u015ble cisza&#8230;..<br>\r\n<em>Gabi2x2<\/em><\/p>\r\n<\/blockquote>","protected":false},"excerpt":{"rendered":"Ekolodzy domagaj\u0105 si\u0119 wstrzymania rozpocz\u0119tych niedawno prac nad budow\u0105 drogi na odcinku Szczepanowice-Widoma. To cz\u0119\u015b\u0107 prowadz\u0105cej z Krakowa do Kielc trasy S7, kt\u00f3ra \u0142\u0105czy drugie najwi\u0119ksze miasto w Polsce ze stolic\u0105 kraju. Powodem \u017c\u0105da\u0144 \u201ezielonych\u201d jest odnalezienie przez nich nor chomika europejskiego. Tymczasem &#8211; jak czytamy na stronie radiokrakow.pl &#8211; \u201ew raporcie, kt\u00f3ry zosta\u0142 przygotowany [&hellip;]","protected":false},"author":1,"featured_media":0,"comment_status":"closed","ping_status":"closed","sticky":false,"template":"","format":"standard","meta":{"_acf_changed":false,"_monsterinsights_skip_tracking":false,"_monsterinsights_sitenote_active":false,"_monsterinsights_sitenote_note":"","_monsterinsights_sitenote_category":0,"ngg_post_thumbnail":0,"footnotes":"","_wp_rev_ctl_limit":""},"categories":[8],"tags":[414,98,104],"acf":[],"_links":{"self":[{"href":"https:\/\/www.bibula.com\/index.php?rest_route=\/wp\/v2\/posts\/109860"}],"collection":[{"href":"https:\/\/www.bibula.com\/index.php?rest_route=\/wp\/v2\/posts"}],"about":[{"href":"https:\/\/www.bibula.com\/index.php?rest_route=\/wp\/v2\/types\/post"}],"author":[{"embeddable":true,"href":"https:\/\/www.bibula.com\/index.php?rest_route=\/wp\/v2\/users\/1"}],"replies":[{"embeddable":true,"href":"https:\/\/www.bibula.com\/index.php?rest_route=%2Fwp%2Fv2%2Fcomments&post=109860"}],"version-history":[{"count":0,"href":"https:\/\/www.bibula.com\/index.php?rest_route=\/wp\/v2\/posts\/109860\/revisions"}],"wp:attachment":[{"href":"https:\/\/www.bibula.com\/index.php?rest_route=%2Fwp%2Fv2%2Fmedia&parent=109860"}],"wp:term":[{"taxonomy":"category","embeddable":true,"href":"https:\/\/www.bibula.com\/index.php?rest_route=%2Fwp%2Fv2%2Fcategories&post=109860"},{"taxonomy":"post_tag","embeddable":true,"href":"https:\/\/www.bibula.com\/index.php?rest_route=%2Fwp%2Fv2%2Ftags&post=109860"}],"curies":[{"name":"wp","href":"https:\/\/api.w.org\/{rel}","templated":true}]}}