{"id":109822,"date":"2019-09-16T10:05:07","date_gmt":"2019-09-16T14:05:07","guid":{"rendered":"http:\/\/www.bibula.com\/?p=109822"},"modified":"2019-09-16T10:12:43","modified_gmt":"2019-09-16T14:12:43","slug":"szef-niemieckiego-msw-jestesmy-gotowi-przyjmowac-25-proc-imigrantow-docierajacych-do-wloch","status":"publish","type":"post","link":"https:\/\/www.bibula.com\/?p=109822","title":{"rendered":"Imigranci wci\u0105\u017c zalewaj\u0105 Europ\u0119. Dlaczego panuje milczenie?"},"content":{"rendered":"<p><strong>Afryka\u0144scy i arabscy imigranci wci\u0105\u017c zalewaj\u0105 kraje Unii Europejskiej, zw\u0142aszcza naszych zachodnich s\u0105siad\u00f3w. Elity polityczne i liberalne media ignoruj\u0105 problem. Ma to swoje bardzo g\u0142\u0119bokie przyczyny &#8211; od pragnienia utrzymania w\u0142adzy po realizacj\u0119 neomarksistowskiej, zab\u00f3jczej dla Europy agendy ideologicznej.<\/strong><strong>&nbsp;<\/strong><\/p>\r\n<p><strong>Ilu uchod\u017ac\u00f3w przybywa ci\u0105gle do Europy i zw\u0142aszcza Niemiec?<\/strong><\/p>\r\n<p>Imigranci ca\u0142y czas nap\u0142ywaj\u0105 do Europy &#8211; i to masowo. W mediach w og\u00f3le si\u0119 o tym nie m\u00f3wi; mo\u017cna odnie\u015b\u0107 wra\u017cenie, jakoby kryzys uchod\u017aczy zako\u0144czy\u0142 si\u0119 w 2016 roku, wraz z podpisaniem g\u0142o\u015bnego porozumienia mi\u0119dzy Uni\u0105 Europejsk\u0105 a Turcj\u0105. Nic bardziej mylnego. Owszem, migranci nie przekraczaj\u0105 ju\u017c granic europejskich w milionach, ale w setkach tysi\u0119cy &#8211; tak.<\/p>\r\n<p>Rzut oka na oficjalne statystyki (a te mog\u0105 by\u0107 zani\u017cone) pozwala stwierdzi\u0107, \u017ce obecna sytuacja jest wci\u0105\u017c niezwykle powa\u017cna. W ca\u0142ej UE w roku 2018 z\u0142o\u017cono a\u017c 645 tysi\u0119cy wniosk\u00f3w o azyl, niemal tyle samo, co rok wcze\u015bniej. Imigranci przybywaj\u0105 przede wszystkim do Hiszpanii (54 tys.), W\u0142och (60 tys.), Grecji (66 tys.), Francji (120 tys.) i oczywi\u015bcie do Niemiec (185 tys.). Do tego nale\u017cy doliczy\u0107 bli\u017cej nieoszacowan\u0105 liczb\u0119 migrant\u00f3w, kt\u00f3rzy granice pa\u0144stw europejskich przekroczyli poza wszelk\u0105 kontrol\u0105 i jak dot\u0105d nie z\u0142o\u017cyli wniosku o azyl, wnikaj\u0105c na przyk\u0142ad od razu w coraz bardziej rozbudowany \u015bwiat afryka\u0144skiej i arabskiej gangsterki. W tym roku to si\u0119 nie zmieni\u0142o. Najlepszymi danymi dysponujemy w przypadku Niemiec &#8211; niezmiennie g\u0142\u00f3wnego celu migrant\u00f3w. Federalny Urz\u0105d ds. Migracji i Uchod\u017ac\u00f3w (BAMF) ka\u017cdego miesi\u0105ca publikuje szczeg\u00f3\u0142owe statystyki dotycz\u0105ce przybysz\u00f3w. W roku 2019 ka\u017cdego dnia nap\u0142ywa do Niemiec \u015brednio 500 migrant\u00f3w, co oznacza, \u017ce mo\u017cemy szacowa\u0107 \u0142\u0105czn\u0105 liczb\u0119 azylant\u00f3w do grudnia na oko\u0142o 190 tysi\u0119cy &#8211; niemal tyle samo, co przed rokiem. Wi\u0119kszo\u015b\u0107 z nich tak naprawd\u0119 nie ma prawa do azylu &#8211; ale w Niemczech przyj\u0119\u0142o si\u0119, \u017ce nie odsy\u0142a si\u0119 niemal nikogo. Oko\u0142o 25 proc. z przybywaj\u0105cych do Niemiec to Syryjczycy, reszta to migranci z rozmaitych kraj\u00f3w afryka\u0144skich i bliskowschodnich; ostatnio pojawiaj\u0105 si\u0119 te\u017c bliscy kulturowo, autentyczni uchod\u017acy polityczni z pa\u0144stw Ameryki Po\u0142udniowej, zw\u0142aszcza Wenezueli i Kolumbii.&nbsp;<\/p>\r\n<p>Ten nap\u0142yw to jeszcze nie wszystko. Ju\u017c obecni w Europie uchod\u017acy sprowadzaj\u0105 tutaj swoje rodziny. W przypadku Niemiec to wed\u0142ug oficjalnych statystyk oko\u0142o 50 tysi\u0119cy os\u00f3b rocznie. A zatem mimo rzekomego ko\u0144ca kryzysu migracyjnego tylko do naszych zachodnich s\u0105siad\u00f3w przybywa regularnie oko\u0142o 230-250 tysi\u0119cy arabskich i afryka\u0144skich imigrant\u00f3w rocznie, do Europy w og\u00f3le &#8211; kilkukrotnie wi\u0119cej.<\/p>\r\n<p><strong>Nie ma tematu bo\u2026 nie ma zamach\u00f3w?<\/strong><\/p>\r\n<p>Problem wi\u0119c jest, ale m\u00f3wi si\u0119 o nim niewiele. To cz\u0119\u015bciowo \u0142atwo zrozumia\u0142e: znikn\u0119\u0142a ju\u017c atmosfera kataklizmu i zagro\u017cenia, kt\u00f3ra towarzyszy\u0142a szczeg\u00f3lnym latom 2015 i 2016; obecny nap\u0142yw uchod\u017ac\u00f3w, cho\u0107 olbrzymi, jest przez europejskie pa\u0144stwa kontrolowany na tyle, \u017ce nie dochodzi do ra\u017c\u0105cych eksces\u00f3w. Do Niemiec podobne liczby migrant\u00f3w nap\u0142ywa\u0142y tak\u017ce tu\u017c przed wielkim kryzysem (2013: 127 tysi\u0119cy; 2014: 202 tysi\u0105ce); w kilkuletniej perspektywie dzisiaj nie dzieje si\u0119 wi\u0119c nic dziwnego. Wydaje si\u0119 te\u017c, \u017ce niebagateln\u0105 rol\u0119 w braku zainteresowania tematem migracji odgrywa koniec powa\u017cnych zamach\u00f3w terrorystycznych. Gdy 7 2015 roku stycznia islami\u015bci zaatakowali parysk\u0105 redakcj\u0119 Charlie Hebdo, o problemie imigrant\u00f3w m\u00f3wi\u0142a ca\u0142a Europa. P\u00f3\u017aniej, w latach 2015-2016, by\u0142y krwawe ataki w Pary\u017cu (130 ofiar), Brukseli (38 ofiar), Nicei (85 ofiar) i w Berlinie (12 ofiar). W roku 2017 terrory\u015bci uderzyli jeszcze trzykrotnie, w Manchasterze (22 ofiary), Londynie (8 ofiar) i Barcelonie (13 ofiar). Jednak od ponad dw\u00f3ch lat nie dosz\u0142o na terenie pa\u0144stw cz\u0142onkowskich UE do \u017cadnego wi\u0119kszego zamachu.&nbsp; Nie musi to bynajmniej wynika\u0107 z braku terroryst\u00f3w; s\u0142u\u017cby pracuj\u0105 intensywnie. W Niemczech od 2015 zapobieg\u0142y a\u017c 13 szeroko zakrojonym atakom islamistycznym.<\/p>\r\n<p><strong>Prawda jest ukrywana<\/strong><\/p>\r\n<p>Gdyby wszak\u017ce media chcia\u0142y informowa\u0107 obywateli o zagro\u017ceniu zwi\u0105zanym z masami imigrant\u00f3w, to tematu by im nie zabrak\u0142o &#8211; a to za spraw\u0105 przest\u0119pczo\u015bci. Ta jest wszelako ukrywana. Doskona\u0142y przyk\u0142ad to sprawa gminy Boostedt w Szlezwiku-Holsztynie. W marcu lokalne media poda\u0142y, \u017ce w ci\u0105gu zaledwie trzech miesi\u0119cy uchod\u017acy pope\u0142nili w tamtejszym o\u015brodku dla uchod\u017ac\u00f3w 117 przest\u0119pstw, a o kolejne 23 s\u0105 podejrzani. Do momentu podania tych danych nie podawano do publicznej wiadomo\u015bci ani jednego wyst\u0119pku. Tymczasem migranci dopu\u015bcili si\u0119 \u201euszkodze\u0144 cia\u0142a, tak\u017ce przy u\u017cyciu broni, kradzie\u017cy, niszczenia mienia, gr\u00f3\u017ab\u201d. Dosz\u0142o r\u00f3wnie\u017c do zgwa\u0142cenia jednej z azylantek oraz molestowania 12-letniej dziewczynki. Poza o\u015brodkiem dosz\u0142o do 23 przest\u0119pstw z udzia\u0142em uchod\u017ac\u00f3w, g\u0142\u00f3wnie kradzie\u017cy i pobi\u0107. Burmistrz gminy, Hartmug K\u00f6nig z CDU, wyra\u017ca\u0142 w rozmowach z mediami wielkie zaskoczenie; twierdzi\u0142, \u017ce o niczym go nie informowano. Policja po prostu milcza\u0142a. Jak stwierdzi\u0142a rzecznik lokalnej policji, przest\u0119pczo\u015b\u0107 w Boostedt rzeczywi\u015bcie \u201ewzros\u0142a\u201d, ale &#8211; powiedzia\u0142a &#8211; \u201eaktywna praca dziennikarska\u201d w tym obszarze \u201eby\u0142aby nieodpowiedzialna\u201d, bo nie mo\u017cna szerzy\u0107 uprzedze\u0144. Dlatego medi\u00f3w nie informowano o wyczynach migrant\u00f3w.<\/p>\r\n<p>Czy tak jest wsz\u0119dzie? Niewykluczone. Do wiadomo\u015bci publicznej przebijaj\u0105 si\u0119 tylko szczeg\u00f3lnie okrutne zbrodnie, jak cho\u0107by morderstwo w niemieckim Chemnitz we wrze\u015bniu 2018 roku. Wywo\u0142uj\u0105 wielkie oburzenie spo\u0142eczne; w Chemnitz przez kilka tygodni odbywa\u0142y si\u0119 g\u0142o\u015bne w ca\u0142ym kraju protesty. W\u0142adze za wszelk\u0105 cen\u0119 chc\u0105 unikn\u0105\u0107 eskalacji napi\u0119cia, dlatego wol\u0105 trzyma\u0107 obywateli w niewiedzy. Tak samo, jak po s\u0142ynnej nocy sylwestrowej w Kolonii, gdzie politycy prosili dziennikarzy o \u201ewstrzemi\u0119\u017aliwo\u015b\u0107\u201d w informowaniu o imigrantach gwa\u0142c\u0105cych i molestuj\u0105cych Niemki na dworcu. O skali wyczyn\u00f3w uchod\u017ac\u00f3w mo\u017cna dowiedzie\u0107 si\u0119 tylko za spraw\u0105 suchych liczb podawanych regularnie przez policj\u0119. Nie przemawia to do wyobra\u017ani, cho\u0107 gdy dobrze si\u0119 zastanowi\u0107\u2026 W samym tylko 2018 roku o 7 proc. wzgl\u0119dem roku poprzedniego wzros\u0142a w Niemczech liczba takich przest\u0119pstw jak &#8211; traktuj\u0105c zbiorczo &#8211; mord i pr\u00f3ba mordu, nadu\u017cycia seksualne, zniewolenia, pobicia, brutalne rabunki. Gdy idzie tylko o przest\u0119pstwa seksualne, to wzrost wynosi a\u017c 21 procent&#8230; A przecie\u017c ju\u017c rok 2017 obfitowa\u0142 w te bestialstwa bardziej, ni\u017c lata poprzednie! Uchod\u017acy to w Niemczech 1,5 proc. ludno\u015bci &#8211; ale odpowiadaj\u0105 za 11 proc. uszkodze\u0144 cia\u0142a, 15 proc. morderstw, 12 proc. gwa\u0142t\u00f3w i innych przest\u0119pstw seksualnych<\/p>\r\n<p>Przest\u0119pczo\u015bci jest tak du\u017co, \u017ce policja w wielu miejscach po prostu sobie nie radzi. W Berlinie na przyk\u0142ad na analiz\u0119 DNA przy w\u0142amaniu do mieszka\u0144 trzeba czeka\u0107\u2026 od dw\u00f3ch do trzech lat. Na gwa\u0142t brakuje personelu, zw\u0142aszcza ekspert\u00f3w r\u00f3\u017cnych dziedzin w kryminalistyce. W du\u017cych miastach, gdzie rz\u0105dzi\u0142a d\u0142ugo lewica, tworz\u0105 si\u0119 te\u017c kryminalne arabskie klany. <strong>Wed\u0142ug eksperta, islamologa Ralpha Ghadbana z L\u00fcneburga, Arabowie odkryli, \u017ce dzia\u0142aj\u0105c jako zwarta grupa mog\u0105 w indywidualistycznym spo\u0142ecze\u0144stwie odnie\u015b\u0107 sukces; zacz\u0119li traktowa\u0107 Niemc\u00f3w jako dostawc\u00f3w \u0142atwych do zdobycia \u0142up\u00f3w.<\/strong> A przecie\u017c Niemcy nie s\u0105 wyj\u0105tkiem. W Szwecji w 2018 roku statystycznie niemal ka\u017cdego dnia dochodzi\u0142o do strzelanin, a co drugi dzie\u0144 przest\u0119pcy u\u017cywani materia\u0142\u00f3w wybuchowych. W ostatnich dniach gangsterzy zastrzelili dwie kobiety, dosz\u0142o te\u017c do kilku atak\u00f3w przy u\u017cyciu granat\u00f3w r\u0119cznych; sam szwedzki kr\u00f3l Karol XVI Gustaw wyrazi\u0142 niepok\u00f3j o bezpiecze\u0144stwo wewn\u0119trzne kraju. Dla liberalnych elit problem jednak nie istnieje. Jak t\u0142umaczy szef MSW Bawarii, Joachim Hermann z CSU, uchod\u017acy pochodz\u0105 po prostu \u201ez kraj\u00f3w, w kt\u00f3rych brak przemocy nie jest tak oczywisty, jak u nas\u201d.<\/p>\r\n<p><strong>Asymilacja?<\/strong> <strong>Niewielka<\/strong><\/p>\r\n<p>Za podstawowy wyznacznik asymilacji w optyce lewicowych medi\u00f3w uchodzi praca. W przypadku Niemiec nie jest dobrze, ale nie mo\u017cna te\u017c m\u00f3wi\u0107 o katastrofie. Spo\u015br\u00f3d przyby\u0142ych w ramach wielkiej fali lat 2015-2016 pracuje dzi\u015b 400 tysi\u0119cy migrant\u00f3w &#8211; oko\u0142o po\u0142owy wszystkich zdolnych do pracy. Sprz\u0105taj\u0105, zmywaj\u0105 naczynia, pomagaj\u0105 na budowach; cz\u0119\u015b\u0107 wykonuje tak\u017ce bardziej wykwalifikowane prace. Nie oznacza to jednak bynajmniej, \u017ce mo\u017cna liczy\u0107 na ich autentyczn\u0105 integracj\u0119. Znajomo\u015b\u0107 j\u0119zyka niemieckiego jest znikoma; uchod\u017acy niech\u0119tnie opuszczaj\u0105 przeznaczone dla nich o\u015brodki zbiorowego bytowania. Je\u017celi wynajmuj\u0105 samodzielnie mieszkania, to ch\u0119tnie w pobli\u017cu swoich, tworz\u0105c zacz\u0105tki gett. Do land\u00f3w wschodnich trafi\u0142o zasadniczo 16 proc. wszystkich migrant\u00f3w, ale dzi\u015b jest ich tam ju\u017c o po\u0142ow\u0119 mniej. Syryjczycy przenosz\u0105 si\u0119 do Nadrenii P\u00f3\u0142nocnej-Westfalii, Irakijczycy i Ira\u0144czycy do Hanoweru, Afga\u0144czycy &#8211; do Hamburga. Nie ma powod\u00f3w by liczy\u0107 na ich integracj\u0119 w przysz\u0142o\u015bci, czego dowodzi przyk\u0142ad niemieckich Turk\u00f3w. Cho\u0107 ci przyje\u017cd\u017cali do Bundesrepubliki do pracy, do dzi\u015b nie s\u0105 w pe\u0142ni zintegrowani; nierzadko nawet dzieci i wnuki przyby\u0142ych w latach 70. robotnik\u00f3w s\u0142abo m\u00f3wi\u0105 po niemiecku, \u017ceni\u0105 si\u0119 tylko mi\u0119dzy sob\u0105, ba, pracuj\u0105, ale cz\u0119sto w tureckich firmach. Nie podoba im si\u0119 te\u017c niemiecka demokracja i wed\u0142ug sonda\u017cy s\u0105dz\u0105, \u017ce prawodawstwo powinno by\u0107 regulowane pod\u0142ug zasad islamu. Gorzej wykszta\u0142ceni, cz\u0119sto bardziej fundamentalistyczni religijnie Afrykanie i Arabowie prawdopodobnie niepr\u0119dko stan\u0105 si\u0119 przyk\u0142adnymi obywatelami Niemiec. Wprost przeciwnie; kolejne wydarzenia pokazuj\u0105, \u017ce to raczej ludno\u015b\u0107 europejska asymiluje si\u0119 do przybysz\u00f3w. W niemieckich, w\u0142oskich, francuskich czy holenderskich szko\u0142ach odwo\u0142uje si\u0119 \u015bwi\u0119ta zwi\u0105zane z tradycj\u0105 chrze\u015bcija\u0144sk\u0105; w czasie ramadanu nie organizuje si\u0119 festyn\u00f3w w trosce o wra\u017cliwo\u015b\u0107 muzu\u0142ma\u0144skich uczni\u00f3w; w sto\u0142\u00f3wkach szkolnych nierzadko nie ma ju\u017c wieprzowiny. Zmiany w o\u015bwiacie, zw\u0142aszcza na szczeblu podstawowym, to przedsmak tego, co b\u0119dzie dzia\u0107 si\u0119 wkr\u00f3tce tak\u017ce w innych sferach \u017cycia; w zwi\u0105zku z wysok\u0105 dzietno\u015bci\u0105 muzu\u0142man\u00f3w, a nisk\u0105 Europejczyk\u00f3w, w szko\u0142ach to oni coraz cz\u0119\u015bciej dyktuj\u0105 warunki.<\/p>\r\n<p><strong>Bev\u00f6lkerungsaustausch, czyli \u201eteoria spiskowa\u201d?<\/strong><\/p>\r\n<p>Niemieckie i europejskie liberalne media nie m\u00f3wi\u0105 o problemach z trzech zasadniczych przyczyn. Po pierwsze, nie musz\u0105, bo uchod\u017acy, cho\u0107 stwarzaj\u0105 problemy, to rzadko tylko naprawd\u0119 spektakularne; po drugie, zwi\u0105zany z nimi polityczny estabilishment musia\u0142by przyzna\u0107, \u017ce zawi\u00f3d\u0142 i straci\u0142by legitymacj\u0119 do sprawowania rz\u0105d\u00f3w, co otworzy\u0142oby drog\u0119 do wiktorii tak zwanej \u201epopulistycznej prawicy\u201d i autentycznym konserwatystom; po trzecie wreszcie, migracja sta\u0142a si\u0119 najwyra\u017aniej koniecznym elementem strategii demograficznej starzej\u0105cych si\u0119 pa\u0144stw europejskich. W Niemczech w roku 2018 zmar\u0142o 970 tys. os\u00f3b, a urodzi\u0142o si\u0119 tylko 800 tys. dzieci (z czego przecie\u017c znaczna cz\u0119\u015b\u0107 to dzieci islamskie). Dodatkowo a\u017c 250 tys. obywateli niemieckich wyjecha\u0142o z kraju. Mieszka\u0144c\u00f3w innych pa\u0144stw europejskich nap\u0142yn\u0119\u0142o 190 tysi\u0119cy. Sumuj\u0105c, ludno\u015b\u0107 kraju powinna stopnie\u0107 o ponad 200 tysi\u0119cy. Tymczasem wr\u0119cz przeciwnie, o tyle w\u0142a\u015bnie wzros\u0142a, osi\u0105gaj\u0105c historyczny pu\u0142ap 83 milion\u00f3w ludzi. Arabscy i afryka\u0144scy imigranci s\u0105 po prostu niezb\u0119dnie potrzebni do wype\u0142nienia demograficznej luki; bez nich nie by\u0142oby komu wykonywa\u0107 prostych, s\u0142abo op\u0142acanych prac. Co wi\u0119cej radykalne, coraz wi\u0119ksze z roku na rok nasycanie spo\u0142ecze\u0144stwa elementem islamskim jest realizacj\u0105 podstawowego celu ideologii neomarksistowskiej, czyli ca\u0142kowitego wyrugowania z pa\u0144stw zachodnich wp\u0142yw\u00f3w wiary chrze\u015bcija\u0144skiej, zw\u0142aszcza katolickiej. We wsp\u00f3\u0142czesnej niemieckiej prawicowej publicystyce m\u00f3wi si\u0119 wprost o \u201eBev\u00f6lkerungsaustausch\u201d, wymianie ludno\u015bci, czyli powolnym zast\u0119powaniu kulturowych Europejczyk\u00f3w ludno\u015bci\u0105 muzu\u0142ma\u0144sk\u0105.<\/p>\r\n<p>Wszystko to po\u0142\u0105czywszy otrzymujemy, jak s\u0105dz\u0119, trafne wyja\u015bnienie fenomenu przemilczania przez europejskie elity i liberalne media problemu wci\u0105\u017c trwaj\u0105cego kryzysu migracyjnego. Bo nap\u0142yw uchod\u017ac\u00f3w kryzysem jest tylko z naszej konserwatywnej perspektywy. Dla nich to fundamentalny element utrzymania w\u0142adzy i realizacji g\u0142\u0119boko antychrze\u015bcija\u0144skiego planu przebudowy spo\u0142ecze\u0144stw.<\/p>\r\n<p><em><strong>Pawe\u0142 Chmielewski<\/strong><\/em><\/p>\r\n<p class=\"zrodlo\">Za: <a href=\"https:\/\/www.pch24.pl\/imigranci-wciaz-zalewaja-europe--dlaczego-panuje-milczenie-,70872,i.html\">PoloniaChristiana &#8211; pch24.pl (2019-09-16)<\/a><\/p>\r\n<h4>&nbsp;<\/h4>\r\n<hr style=\"background-color: #000000; border-width: 0; color: #000000; height: 2px; line-height: 0; text-align: center; width: 100%;\">\r\n<h4>&nbsp;<\/h4>\r\n<h2>Szef niemieckiego MSW: jeste\u015bmy gotowi przyjmowa\u0107 25 proc. imigrant\u00f3w docieraj\u0105cych do W\u0142och<\/h2>\r\n<p><strong>Pomys\u0142 og\u0142oszony przez Horsta Seehofera &#8211; niegdy\u015b sceptycznego wobec przyjmowania imigrant\u00f3w premiera Bawarii i szefa katolickiej partii CSU, a dzi\u015b niemieckiego ministra spraw wewn\u0119trznych &#8211; nie spodoba\u0142 si\u0119 opozycji.&nbsp;Polityk og\u0142osi\u0142, \u017ce niemiecki rz\u0105d jest gotowy przyjmowa\u0107 25 proc. imigrant\u00f3w, jacy docieraj\u0105 statkami do W\u0142och.<\/strong><strong>&nbsp;<\/strong><\/p>\r\n<p>Kwestia przybywaj\u0105cych przez Morze \u015ar\u00f3dziemne imigrant\u00f3w by\u0142a istotnym elementem sporu W\u0142och z Niemcami i Francj\u0105. \u201eBy\u0142y minister spraw wewn\u0119trznych W\u0142och Matteo Salvini oskar\u017ca\u0142 niemieckie organizacje humanitarne o przemyt ludzi i zach\u0119canie do migracji. Nie pozwala\u0142 wp\u0142ywa\u0107 niemieckim statkom z migrantami do w\u0142oskich port\u00f3w\u201d &#8211; informuje serwis Radia Maryja.<\/p>\r\n<p>Z zapowiedzi Seehofera wynika, \u017ce 25 proc. imigrant\u00f3w docieraj\u0105cych do W\u0142och trafi do Niemiec. Najpierw jednak b\u0119d\u0105 kontrolowani w Italii.<\/p>\r\n<p>Pomys\u0142 nie spodoba\u0142 si\u0119 niemieckiej opozycji. Liberalna FDP uwa\u017ca, \u017ce liczba migrant\u00f3w jest zbyt wysoka, za\u015b za kryzysem migracyjnym stoj\u0105 Niemcy. Politycy formacji przekonuj\u0105 tak\u017ce, \u017ce migranci bez prawa do azylu powinni zosta\u0107 wydaleni.<\/p>\r\n<p>Jak informuje radiomaryja.pl, w kolejnym miesi\u0105cu Rada Europejska otrzyma projekt podzielenia przybysz\u00f3w mi\u0119dzy inne kraje. Francja ma w ramach inicjatywy przyj\u0105\u0107 &#8211; podobnie jak Niemcy &#8211; 25 proc. imigrant\u00f3w docieraj\u0105cych do W\u0142och.<\/p>\r\n<p>\u0179r\u00f3d\u0142o: radiomaryja.pl<\/p>\r\n<p>MW\u0142<\/p>\r\n<blockquote>\r\n<p>[<strong>Wybrane wypowiedzi internaut\u00f3w pod w\/w tekstem na stronie \u017ar\u00f3d\u0142owej:<\/strong>]<\/p>\r\n<p>Gdyby Niemcy le\u017ca\u0142y gdzie\u015b na kra\u0144cach Europy Zachodniej to by mnie to zupe\u0142nie nie zmartwi\u0142o, za g\u0142upot\u0119 trzeba p\u0142aci\u0107 i wcale mi ich nie \u017cal. Gorzej \u017ce ta ho\u0142ota jest tu\u017c za nasz\u0105 zachodni\u0105 granic\u0105 i zap\u0142acimy r\u00f3wnie\u017c my, cho\u0107 \u017ce\u015bmy si\u0119 do powstania tego syfu nie przyczynili.<br>\r\n<em>Iw<\/em><\/p>\r\n<\/blockquote>\r\n<p class=\"zrodlo\">Za: <a href=\"https:\/\/www.pch24.pl\/szef-niemieckiego-msw--jestesmy-gotowi-przyjmowac-25-proc--imigrantow-docierajacych-do-wloch,70871,i.html\">PoloniaChristiana &#8211; pch24.pl (2019-09-16)<\/a><\/p>\r\n<h4>&nbsp;<\/h4>\r\n<hr style=\"background-color: #000000; border-width: 0; color: #000000; height: 2px; line-height: 0; text-align: center; width: 100%;\">\r\n<h4>&nbsp;<\/h4>","protected":false},"excerpt":{"rendered":"Afryka\u0144scy i arabscy imigranci wci\u0105\u017c zalewaj\u0105 kraje Unii Europejskiej, zw\u0142aszcza naszych zachodnich s\u0105siad\u00f3w. Elity polityczne i liberalne media ignoruj\u0105 problem. Ma to swoje bardzo g\u0142\u0119bokie przyczyny &#8211; od pragnienia utrzymania w\u0142adzy po realizacj\u0119 neomarksistowskiej, zab\u00f3jczej dla Europy agendy ideologicznej.&nbsp; Ilu uchod\u017ac\u00f3w przybywa ci\u0105gle do Europy i zw\u0142aszcza Niemiec? Imigranci ca\u0142y czas nap\u0142ywaj\u0105 do Europy &#8211; [&hellip;]","protected":false},"author":1,"featured_media":0,"comment_status":"closed","ping_status":"closed","sticky":false,"template":"","format":"standard","meta":{"_acf_changed":false,"_monsterinsights_skip_tracking":false,"_monsterinsights_sitenote_active":false,"_monsterinsights_sitenote_note":"","_monsterinsights_sitenote_category":0,"ngg_post_thumbnail":0,"footnotes":"","_wp_rev_ctl_limit":""},"categories":[6],"tags":[166,23,76],"acf":[],"_links":{"self":[{"href":"https:\/\/www.bibula.com\/index.php?rest_route=\/wp\/v2\/posts\/109822"}],"collection":[{"href":"https:\/\/www.bibula.com\/index.php?rest_route=\/wp\/v2\/posts"}],"about":[{"href":"https:\/\/www.bibula.com\/index.php?rest_route=\/wp\/v2\/types\/post"}],"author":[{"embeddable":true,"href":"https:\/\/www.bibula.com\/index.php?rest_route=\/wp\/v2\/users\/1"}],"replies":[{"embeddable":true,"href":"https:\/\/www.bibula.com\/index.php?rest_route=%2Fwp%2Fv2%2Fcomments&post=109822"}],"version-history":[{"count":0,"href":"https:\/\/www.bibula.com\/index.php?rest_route=\/wp\/v2\/posts\/109822\/revisions"}],"wp:attachment":[{"href":"https:\/\/www.bibula.com\/index.php?rest_route=%2Fwp%2Fv2%2Fmedia&parent=109822"}],"wp:term":[{"taxonomy":"category","embeddable":true,"href":"https:\/\/www.bibula.com\/index.php?rest_route=%2Fwp%2Fv2%2Fcategories&post=109822"},{"taxonomy":"post_tag","embeddable":true,"href":"https:\/\/www.bibula.com\/index.php?rest_route=%2Fwp%2Fv2%2Ftags&post=109822"}],"curies":[{"name":"wp","href":"https:\/\/api.w.org\/{rel}","templated":true}]}}