{"id":109811,"date":"2019-09-15T13:34:36","date_gmt":"2019-09-15T17:34:36","guid":{"rendered":"http:\/\/www.bibula.com\/?p=109811"},"modified":"2019-09-15T13:34:36","modified_gmt":"2019-09-15T17:34:36","slug":"irlandia-polnocna-niepokojacy-wzrost-atakow-na-obiekty-kultu-religijnego","status":"publish","type":"post","link":"https:\/\/www.bibula.com\/?p=109811","title":{"rendered":"Irlandia P\u00f3\u0142nocna: niepokoj\u0105cy wzrost atak\u00f3w na obiekty kultu religijnego"},"content":{"rendered":"<p><strong>W Irlandii P\u00f3\u0142nocnej nast\u0105pi\u0142 gwa\u0142towny wzrost atak\u00f3w na obiekty kultu religijnego. W raporcie CARE (Stowarzyszenie Kultury i Wychowania Chrze\u015bcija\u0144skiego)&nbsp; czytamy m.in., \u017ce w Irlandii P\u0142n. ka\u017cdego dnia dochodzi do ataku na ko\u015bci\u00f3\u0142, kaplic\u0119, cmentarz, seminarium czy inny obiekt zwi\u0105zany z Ko\u015bcio\u0142em. W ci\u0105gu ostatnich trzech lat policja odnotowa\u0142a a\u017c 445 przest\u0119pstw przeciwko stowarzyszeniom religijnym.<\/strong><\/p>\r\n<p>By\u0142y to przest\u0119pstwa zg\u0142oszone (najcz\u0119\u015bciej profanacje, zniszczenia, poni\u017cenia wiernych). Przypuszcza si\u0119, \u017ce tych nie zg\u0142oszonych by\u0142o trzykrotnie wi\u0119cej. \u201eNasze badania pokazuj\u0105, \u017ce przest\u0119pstwa skierowane przeciwko wierze i samym chrze\u015bcijanom maj\u0105 miejsce ka\u017cdego dnia<em>\u201d<\/em> &#8211; m\u00f3wi Mark Bailey z organizacji CARE. <em>\u201e<\/em>Najcz\u0119\u015bciej do tych niepokoj\u0105cych zdarze\u0144 dochodzi w Belfa\u015bcie<em>\u201d<\/em> &#8211; doda\u0142 Bailey.<\/p>\r\n<p>Z kolei katolicki ksi\u0105dz Paddy O\u2019Keine powiedzia\u0142, \u017ce nie jest w stanie poj\u0105\u0107, jak mo\u017cna niewinnym ludziom wyrz\u0105dza\u0107 tyle z\u0142a. <em>\u201e<\/em>Nie rozumiem, co si\u0119 dzieje w g\u0142owach tych agresor\u00f3w. \u0179al mi ich i chcia\u0142bym im pomoc, naprowadzi\u0107 na w\u0142a\u015bciw\u0105 drog\u0105<em>\u201d <\/em>&#8211; zwierza si\u0119 pe\u0142en niepokoju duchowny.<\/p>\r\n<p>W Irlandii P\u0142n. atakowane s\u0105 nie tylko chrze\u015bcija\u0144skie miejsca kultu religijnego. Niszczone i profanowane s\u0105 tak\u017ce synagogi i meczety.<\/p>\r\n<p>Warto zauwa\u017cy\u0107, \u017ce w tej cz\u0119\u015bci Zjednoczonego Kr\u00f3lestwa &#8211; w odr\u00f3\u017cnieniu od Anglii czy Walii &#8211; monitoring obiekt\u00f3w kultu religijnego praktycznie nie istnieje. Zar\u00f3wno w Anglii, jak i Walii stowarzyszenia religijne mog\u0105 ubiega\u0107 si\u0119 o finansowe wsparcie maj\u0105ce na celu ochron\u0119 obiekt\u00f3w kultu, jak i dzia\u0142aj\u0105cych stowarzysze\u0144. Mo\u017cliwo\u015bci takiej wci\u0105\u017c nie maj\u0105 niestety mieszka\u0144cy Irlandii P\u0142n.<\/p>\r\n<p>\u201eW wolnym i demokratycznym spo\u0142ecze\u0144stwie nikt nie powinien si\u0119 ba\u0107 wsp\u00f3lnego sp\u0119dzania czasu z lud\u017ami wyznaj\u0105cymi &nbsp;t\u0119 sam\u0105 wiar\u0119, te same warto\u015bci. Mo\u017cna odnie\u015b\u0107 wra\u017cenie, \u017ce w Irlandii P\u0142n. w\u0142adze nie chc\u0105 sobie zda\u0107 z tego sprawy<em>\u201d<\/em> &#8211; powiedzia\u0142 Mark Bailey.<\/p>\r\n<p>\u0179r\u00f3d\u0142o: sedmitza.ru<\/p>\r\n<p>ChS<\/p>","protected":false},"excerpt":{"rendered":"W Irlandii P\u00f3\u0142nocnej nast\u0105pi\u0142 gwa\u0142towny wzrost atak\u00f3w na obiekty kultu religijnego. W raporcie CARE (Stowarzyszenie Kultury i Wychowania Chrze\u015bcija\u0144skiego)&nbsp; czytamy m.in., \u017ce w Irlandii P\u0142n. ka\u017cdego dnia dochodzi do ataku na ko\u015bci\u00f3\u0142, kaplic\u0119, cmentarz, seminarium czy inny obiekt zwi\u0105zany z Ko\u015bcio\u0142em. W ci\u0105gu ostatnich trzech lat policja odnotowa\u0142a a\u017c 445 przest\u0119pstw przeciwko stowarzyszeniom religijnym. By\u0142y [&hellip;]","protected":false},"author":1,"featured_media":0,"comment_status":"closed","ping_status":"closed","sticky":false,"template":"","format":"standard","meta":{"_acf_changed":false,"_monsterinsights_skip_tracking":false,"ngg_post_thumbnail":0,"footnotes":"","_wp_rev_ctl_limit":""},"categories":[6],"tags":[132,114,237],"acf":[],"_links":{"self":[{"href":"https:\/\/www.bibula.com\/index.php?rest_route=\/wp\/v2\/posts\/109811"}],"collection":[{"href":"https:\/\/www.bibula.com\/index.php?rest_route=\/wp\/v2\/posts"}],"about":[{"href":"https:\/\/www.bibula.com\/index.php?rest_route=\/wp\/v2\/types\/post"}],"author":[{"embeddable":true,"href":"https:\/\/www.bibula.com\/index.php?rest_route=\/wp\/v2\/users\/1"}],"replies":[{"embeddable":true,"href":"https:\/\/www.bibula.com\/index.php?rest_route=%2Fwp%2Fv2%2Fcomments&post=109811"}],"version-history":[{"count":0,"href":"https:\/\/www.bibula.com\/index.php?rest_route=\/wp\/v2\/posts\/109811\/revisions"}],"wp:attachment":[{"href":"https:\/\/www.bibula.com\/index.php?rest_route=%2Fwp%2Fv2%2Fmedia&parent=109811"}],"wp:term":[{"taxonomy":"category","embeddable":true,"href":"https:\/\/www.bibula.com\/index.php?rest_route=%2Fwp%2Fv2%2Fcategories&post=109811"},{"taxonomy":"post_tag","embeddable":true,"href":"https:\/\/www.bibula.com\/index.php?rest_route=%2Fwp%2Fv2%2Ftags&post=109811"}],"curies":[{"name":"wp","href":"https:\/\/api.w.org\/{rel}","templated":true}]}}