{"id":109732,"date":"2019-09-09T12:11:56","date_gmt":"2019-09-09T16:11:56","guid":{"rendered":"http:\/\/www.bibula.com\/?p=109732"},"modified":"2019-09-09T12:11:56","modified_gmt":"2019-09-09T16:11:56","slug":"tekturowe-trumny-i-papierowe-nagrobki-nowa-eko-kwatera-na-cmentarzu-pod-paryzem-zieloni-wariaci-nie-przepuszcza-nawet-umarlym","status":"publish","type":"post","link":"https:\/\/www.bibula.com\/?p=109732","title":{"rendered":"Tekturowe trumny i papierowe nagrobki \u2013 nowa eko-kwatera na cmentarzu pod Pary\u017cem. Zieloni wariaci nie przepuszcz\u0105 nawet umar\u0142ym"},"content":{"rendered":"<p><strong>Nie tak dawno pisa\u0142em o pewnym \u201eekologicznym\u201d trendzie biznesu funeralnego we Francji. Okazuje si\u0119, \u017ce lokalni politycy id\u0105 jeszcze dalej i proponuj\u0105 eko-cmentarz z\u2026 tektury.<\/strong><\/p>\r\n<p>Zamiast nagrobk\u00f3w z marmuru czy lastriko proponuje si\u0119 co najwy\u017cej stel\u0119 z surowego drewna i tekturow\u0105 trumn\u0119. Tak\u0105 wizj\u0119 post\u0119powego cmentarza przedstawi\u0142a pani P\u00c3\u00a9n\u00c3\u00a9lope Komit\u00c3\u00a8s, kt\u00f3ra jest jednym z zast\u0119pc\u00f3w mera Pary\u017ca odpowiedzialnym za tereny zielone, ale tak\u017ce cmentarze i dzia\u0142alno\u015b\u0107 pogrzebow\u0105.<\/p>\r\n<p>Na antenie Radia France Bleu Paris poinformowa\u0142a, \u017ce taka \u201enowa przestrze\u0144 grobowa\u201d zostanie zainstalowana na paryskim cmentarzu Ivry-sur-Seine (departament Val de Marne). Cmentarze w samym Pary\u017cu ju\u017c od dawna nie oferuj\u0105 miejsc poch\u00f3wku, a mieszka\u0144cy korzystaj\u0105 z kilku wielkich nekropolii regionu sto\u0142ecznego.<\/p>\r\n<p>Jedn\u0105 z nich jest cmentarz w Ivry, gdzie powstanie pierwsza w \u00c3\u017dle-de-France kwatera poch\u00f3wk\u00f3w \u201eeko\u201d. Na razie wyznaczono na ni\u0105 przestrze\u0144 o powierzchni 1560 m2. P\u00c3\u00a9n\u00c3\u00a9lope Komit\u00c3\u00a8s poinformowa\u0142a, \u017ce w tej kwaterze nie mo\u017cna b\u0119dzie stawia\u0107 \u017cadnych pomnik\u00f3w, ani kamiennych p\u0142yt.<\/p>\r\n<p>Zwolennicy ekologicznego pogrzebu b\u0119d\u0105 musieli podpisa\u0107 specjalne o\u015bwiadczenie w tej sprawie. Na tym nie koniec. Na eko-kwater\u0119 nie trafi te\u017c nieboszczyk po tanatopraksji (balsamowanie zw\u0142ok). Ekologiczny ma by\u0107 tak\u017ce str\u00f3j na ostatni\u0105 drog\u0119 (\u201eubrania zmar\u0142ego maj\u0105 tak\u017ce szanowa\u0107 planet\u0119\u201d).<\/p>\r\n<p>Dodatkowo podkre\u015bla si\u0119, \u017ce rodziny dzi\u0119ki takiej modzie na \u201eochron\u0119 \u015brodowiska\u201d oszcz\u0119dz\u0105, bo wydatki b\u0119d\u0105 przecie\u017c zminimalizowane. Tak twierdzi z kolei pani Sylvain Ecole, kierownik departamentu cmentarzy w paryskim ratuszu, kt\u00f3ra wyliczy\u0142a nawet, \u017ce eko-poch\u00f3wek b\u0119dzie ta\u0144szy o 20%.<\/p>\r\n<blockquote class=\"twitter-tweet\" data-lang=\"en\">\r\n<p dir=\"ltr\" lang=\"fr\">Abandonner caveaux en b\u00c3\u00a9ton et monuments en granit, privil\u00c3\u00a9gier des espaces naturels et cercueils en bois local ou en carton. L\u2019ambition \u00c3\u00a9cologique se joue aussi dans nos cimeti\u00c3\u00a8res. Inauguration de premi\u00c3\u00a8re division \u00c3\u00a9cologique au cimeti\u00c3\u00a8re parisien d&#8217;<a href=\"https:\/\/twitter.com\/mairieivry?ref_src=twsrc%5Etfw\">@mairieivry<\/a> <a href=\"https:\/\/twitter.com\/Anne_Hidalgo?ref_src=twsrc%5Etfw\">@Anne_Hidalgo<\/a> <a href=\"https:\/\/t.co\/gAYO6ELt8y\">pic.twitter.com\/gAYO6ELt8y<\/a><\/p>\r\n\r\n\u201d\u201d penelope komites (@PKOMITES) <a href=\"https:\/\/twitter.com\/PKOMITES\/status\/1167098149552496645?ref_src=twsrc%5Etfw\">August 29, 2019<\/a><\/blockquote>\r\n<p><script async=\"\" src=\"https:\/\/platform.twitter.com\/widgets.js\" charset=\"utf-8\"><\/script><\/p>\r\n<p>Zamiast nagrobk\u00f3w i grobowc\u00f3w miasto Pary\u017c zapewni drewniane stele do wypisania na nich nazwisk zmar\u0142ych. Pierwsze poch\u00f3wki \u201eeko\u201d w Ivry maj\u0105 si\u0119 oby\u0107 ju\u017c jesieni\u0105. Inne miejsca tego typu zostan\u0105 wyznaczone do 2021 roku na podparyskich cmentarzach w Thiais, Pantin i Bagneux. Wcze\u015bniej tak\u0105 us\u0142ug\u0119 zaproponowa\u0142o we Francji tylko miasto Niort w Nowej Akwitanii.<\/p>\r\n<blockquote class=\"twitter-tweet\" data-lang=\"en\">\r\n<p dir=\"ltr\" lang=\"fr\">Un cimeti\u00c3\u00a8re \u00c3\u00a9cologique install\u00c3\u00a9 pr\u00c3\u00a8s de Paris <a href=\"https:\/\/t.co\/v8X0XR7A4W\">https:\/\/t.co\/v8X0XR7A4W<\/a><\/p>\r\n\r\n\u201d\u201d \u00d0\u00a1\u00d0\u00b2\u00d1\u008f\u00d1\u201a\u00d0\u00be\u00d1\u0081\u00d0\u00bb\u00d0\u00b0\u00d0\u00b2 \u00d0\u0161\u00d0\u00b8\u00d1\u20ac\u00d0\u00be\u00d0\u00b2 (@Slavian_Kyrov) <a href=\"https:\/\/twitter.com\/Slavian_Kyrov\/status\/1170977785860558849?ref_src=twsrc%5Etfw\">September 9, 2019<\/a><\/blockquote>\r\n<p><script async=\"\" src=\"https:\/\/platform.twitter.com\/widgets.js\" charset=\"utf-8\"><\/script><\/p>\r\n<p>\u0179r\u00f3d\u0142o: Radio France<\/p>","protected":false},"excerpt":{"rendered":"Nie tak dawno pisa\u0142em o pewnym \u201eekologicznym\u201d trendzie biznesu funeralnego we Francji. Okazuje si\u0119, \u017ce lokalni politycy id\u0105 jeszcze dalej i proponuj\u0105 eko-cmentarz z\u2026 tektury. Zamiast nagrobk\u00f3w z marmuru czy lastriko proponuje si\u0119 co najwy\u017cej stel\u0119 z surowego drewna i tekturow\u0105 trumn\u0119. Tak\u0105 wizj\u0119 post\u0119powego cmentarza przedstawi\u0142a pani P\u00c3\u00a9n\u00c3\u00a9lope Komit\u00c3\u00a8s, kt\u00f3ra jest jednym z zast\u0119pc\u00f3w [&hellip;]","protected":false},"author":1,"featured_media":0,"comment_status":"closed","ping_status":"closed","sticky":false,"template":"","format":"standard","meta":{"_acf_changed":false,"_monsterinsights_skip_tracking":false,"_monsterinsights_sitenote_active":false,"_monsterinsights_sitenote_note":"","_monsterinsights_sitenote_category":0,"ngg_post_thumbnail":0,"footnotes":"","_wp_rev_ctl_limit":""},"categories":[12],"tags":[414,191],"acf":[],"_links":{"self":[{"href":"https:\/\/www.bibula.com\/index.php?rest_route=\/wp\/v2\/posts\/109732"}],"collection":[{"href":"https:\/\/www.bibula.com\/index.php?rest_route=\/wp\/v2\/posts"}],"about":[{"href":"https:\/\/www.bibula.com\/index.php?rest_route=\/wp\/v2\/types\/post"}],"author":[{"embeddable":true,"href":"https:\/\/www.bibula.com\/index.php?rest_route=\/wp\/v2\/users\/1"}],"replies":[{"embeddable":true,"href":"https:\/\/www.bibula.com\/index.php?rest_route=%2Fwp%2Fv2%2Fcomments&post=109732"}],"version-history":[{"count":0,"href":"https:\/\/www.bibula.com\/index.php?rest_route=\/wp\/v2\/posts\/109732\/revisions"}],"wp:attachment":[{"href":"https:\/\/www.bibula.com\/index.php?rest_route=%2Fwp%2Fv2%2Fmedia&parent=109732"}],"wp:term":[{"taxonomy":"category","embeddable":true,"href":"https:\/\/www.bibula.com\/index.php?rest_route=%2Fwp%2Fv2%2Fcategories&post=109732"},{"taxonomy":"post_tag","embeddable":true,"href":"https:\/\/www.bibula.com\/index.php?rest_route=%2Fwp%2Fv2%2Ftags&post=109732"}],"curies":[{"name":"wp","href":"https:\/\/api.w.org\/{rel}","templated":true}]}}