{"id":109729,"date":"2019-09-09T11:11:53","date_gmt":"2019-09-09T15:11:53","guid":{"rendered":"http:\/\/www.bibula.com\/?p=109729"},"modified":"2019-09-09T11:11:53","modified_gmt":"2019-09-09T15:11:53","slug":"to-bardzo-niebezpieczne-ks-tadeusz-isakowicz-zaleski-o-urlopach-ksiezy","status":"publish","type":"post","link":"https:\/\/www.bibula.com\/?p=109729","title":{"rendered":",,To bardzo niebezpieczne&#8221; &#8211; <em>Ks. Tadeusz Isakowicz-Zaleski o ,,urlopach&#8221; ksi\u0119\u017cy<\/em>"},"content":{"rendered":"<h4>,,To bardzo niebezpieczne&#8221;. Ks. Tadeusz Isakowicz-Zaleski dla Frondy o ,,urlopach&#8221; ksi\u0119\u017cy<\/h4>\r\n<p><strong>Eryk \u0141a\u017cewski, Fronda.pl: Niedawno rozmawiali\u015bmy o zjawisku odchodzenia m\u0142odych ksi\u0119\u017cy z kap\u0142a\u0144stwa. I to mamy kolejny dziwny przypadek: oto ksi\u0105dz Tymoteusz Szyd\u0142o co prawda nie odszed\u0142 z kap\u0142a\u0144stwa, ale nagle znalaz\u0142 si\u0119 na bezterminowym urlopie. Napisa\u0142 ksi\u0105dz, \u017ce \u00f3w bezterminowy urlop (zaledwie po dw\u00f3ch latach kap\u0142a\u0144stwa) oznacza \u201etylko jedno\u201d. I tu prosi\u0142bym ksi\u0119dza o wyja\u015bnienie, co oznacza to zagadkowe \u201etylko jedno\u201d.<\/strong><\/p>\r\n<p><strong>Ks. Tadeusz Isakowicz-Zaleski, historyk Ko\u015bcio\u0142a, duszpasterz opozycji w PRL: <\/strong>Przede wszystkim trzeba wyja\u015bni\u0107, \u017ce w Prawie Kanonicznym nie ma czego\u015b takiego, jak \u201ebezterminowy urlop\u201d. I [jest tu] b\u0142\u0105d, kt\u00f3ry polega na tym, \u017ce opinia publiczna, diecezja, jest stawiana w bardzo trudnej sytuacji, bo pod to poj\u0119cie [poj\u0119cie \u201ebezterminowy urlop\u201d] mo\u017cna wprowadzi\u0107 bardzo wiele fakt\u00f3w. Ja mog\u0119 zrozumie\u0107, \u017ce w obecnej sytuacji m\u0142odzi ksi\u0119\u017ca prze\u017cywaj\u0105 ogromne problemy, wynikaj\u0105ce z bardzo trudnej sytuacji Ko\u015bcio\u0142a. Natomiast, je\u017celi kto\u015b ju\u017c po dw\u00f3ch latach od \u015bwi\u0119ce\u0144, decyduje si\u0119 na taki krok, to jest bardzo niebezpieczne. Uwa\u017cam, \u017ce diecezja powinna to wyja\u015bni\u0107, \u017ceby nie by\u0142o spekulacji, jakich\u015b dalszych nadinterpretacji. I tak\u017ce wyja\u015bni\u0107, co kuria bielsko-\u017cywiecka rozumie pod poj\u0119ciem \u201eurlop bezterminowy\u201d. Sytuacja jest o tyle jeszcze skomplikowana, i\u017c ksi\u0105dz Tymoteusz mia\u0142 obj\u0105\u0107 stanowisko wikarego w parafii, by\u0107 duszpasterzem tak\u017ce w zakresie liturgii trydenckiej, czyli \u201estarej tradycji\u201d, no i to miejsce zostaje puste. Tak, \u017ce sprawa &#8211; wed\u0142ug mnie &#8211; nie jest spraw\u0105 prywatn\u0105. Bo \u015bwi\u0119cenia kap\u0142a\u0144skie odbywaj\u0105 si\u0119 publicznie w katedrze, ksi\u0119\u017ca publicznie sk\u0142adaj\u0105 \u015bluby wobec wsp\u00f3lnoty. Publicznie r\u00f3wnie\u017c odbywaj\u0105 si\u0119 prymicje. A wi\u0119c my\u015bl\u0119, \u017ce wsp\u00f3lnota diecezjalna ma prawo dowiedzie\u0107 si\u0119 pe\u0142nej prawdy w tej sprawie. I wyja\u015bnie\u0144, o co w niej chodzi.<\/p>\r\n<p><strong>Co jednak ksi\u0105dz uwa\u017ca za przypuszczaln\u0105 przyczyn\u0119 urlopu ksi\u0119dza Tymoteusza Szyd\u0142o, za to \u201etylko jedno\u201d?<\/strong><\/p>\r\n<p>Dla mnie \u201etylko jedno\u201d oznacza kryzys. Natomiast, czy to jest kryzys, \u017ce kto\u015b ma w\u0105tpliwo\u015bci i musi si\u0119 zastanowi\u0107? To naj\u0142agodniejsza forma kryzysu. Kryzys mo\u017ce wynika\u0107 r\u00f3wnie\u017c z jakiego\u015b konfliktu wewn\u0105trz archidiecezji bielsko-\u017cywieckiej. Najgorsza sprawa, to ju\u017c jest odej\u015bcie z kap\u0142a\u0144stwa. Dlatego podkre\u015blam jeszcze raz: to kuria biskupia powinna to wyja\u015bni\u0107. No bo ci\u0105gle jest to sprawa, kt\u00f3ra b\u0119dzie wyci\u0105gana przez media: ze wzgl\u0119du na matk\u0119 tego ksi\u0119dza, ze wzgl\u0119du na r\u00f3wnie\u017c na daleko id\u0105ce niezrozumienie, jakie\u015b takie w\u0105tpliwo\u015bci, kt\u00f3re maj\u0105 parafianie. My\u015bl\u0119 wi\u0119c, \u017ce najgorsza prawda jest lepsza od tego, ni\u017c zostawianie tego w taki spos\u00f3b nierozwi\u0105zany. Poza tym, my\u015bl\u0119, \u017ce w takim komunikacie powinno by\u0107 te\u017c wyja\u015bnienie, od czego jest ten urlop. Nawet ksi\u0119\u017ca, kt\u00f3rzy id\u0105 na urlop zdrowotny, b\u0105d\u017a na urlop wypoczynkowy, id\u0105 zawsze w okre\u015blonych pewnych ramach. Najcz\u0119\u015bciej jest to jeden rok. Nie ma bezterminowych takich urlop\u00f3w. Wyra\u017anie si\u0119 podaje do wiadomo\u015bci, \u017ce dany ksi\u0105dz wprawdzie &#8211; na przyk\u0142ad &#8211; co prawda nie b\u0119dzie katechizowa\u0107, czy publicznie si\u0119 udziela\u0107, ale b\u0119dzie dalej na parafii. B\u0119dzie na przyk\u0142ad odprawia\u0107 msze \u015bwi\u0119te, spowiada\u0107. B\u0119dzie dalej po prostu ksi\u0119dzem, b\u0119dzie spe\u0142nia\u0142 swoje obowi\u0105zki. Natomiast, tutaj te\u017c nie ma o tym ani s\u0142owa. Nikt wi\u0119c nie wie do ko\u0144ca, od czego jest ten urlop. No wi\u0119c, moim zdaniem, to jest b\u0142\u0105d.<\/p>\r\n<p>Jeszcze chc\u0119 wyja\u015bni\u0107: w\u0142a\u015bnie dla dobra tego m\u0142odego cz\u0142owieka, nie powinno si\u0119 zostawia\u0107 znak\u00f3w zapytania, powinno si\u0119 po prostu powiedzie\u0107.<\/p>\r\n<p>Ja w swoich komentarzach zawsze podkre\u015blam, \u017ce trzeba si\u0119 modli\u0107. Ja widzia\u0142em ksi\u0119\u017cy, kt\u00f3rzy prze\u017cywaj\u0105 kryzysy. Nie jest to nic takiego dziwnego w obecnych czasach. Natomiast, jest to odpowiedzialno\u015b\u0107 tej wsp\u00f3lnoty, kt\u00f3ra modli si\u0119 za swojego duszpasterza; kt\u00f3ra r\u00f3wnie\u017c poczuwa si\u0119 do wsp\u00f3\u0142odpowiedzialno\u015bci. I my\u015bl\u0119, \u017ce tak te\u017c biskupi powinni te problemy traktowa\u0107: \u017ce m\u00f3wi si\u0119 prawd\u0119 wiernym, i r\u00f3wnocze\u015bnie prosi si\u0119 wiernych o modlitw\u0119, o wsparcie, o pomoc tak\u017ce duchow\u0105. I wtedy rzeczywi\u015bcie jeste\u015bmy jak w rodzinie, gdzie sprawy s\u0105 wyja\u015bniane a\u017c do samego ko\u0144ca.<\/p>\r\n<p><strong>Co do tych bezterminowych urlop\u00f3w, to powiedzmy, \u017ce ju\u017c zapewne by\u0142y takie precedensy.<\/strong><\/p>\r\n<p>Tak, tak! Mo\u017ce teraz inaczej jeszcze do tego podejd\u0119: ja by\u0142em wy\u015bwi\u0119cany w 1983 roku. By\u0142a ogromna presja ze strony w\u0142adz komunistycznych na ksi\u0119\u017cy, tak\u017ce m\u0142odych. I na kleryk\u00f3w. I wtedy jednak jakby odporno\u015b\u0107 ksi\u0119\u017cy na te sprawy by\u0142a bardzo du\u017ca. Przecie\u017c wtedy ksi\u0119\u017ca nie mieli ubezpieczenia. Tak, jak ja, wielu musia\u0142o i\u015b\u0107 do wojska na dwa lata, gdzie byli\u015bmy szykanowani. Ka\u017cdy kleryk, ksi\u0105dz, mia\u0142 za\u0142o\u017con\u0105 teczk\u0119 przez S\u0142u\u017cb\u0119 Bezpiecze\u0144stwa. Ale wtedy jednak &#8211; wydaje mi si\u0119 &#8211; formacja seminaryjna by\u0142a bardzo twarda w tym znaczeniu, \u017ce dawa\u0142a taki fundament, na kt\u00f3rym ten kleryk [a potem m\u0142ody ksi\u0105dz] m\u00f3g\u0142 si\u0119 oprze\u0107.<\/p>\r\n<p>A druga sprawa, \u017ce by\u0142o te\u017c du\u017ce wsparcie ze strony \u015brodowiska, czyli wyra\u017anie tym, kt\u00f3rzy si\u0119 \u201e\u0142amali\u201d, czy tam \u201epotkn\u0119li\u201d si\u0119 w jakich\u015b sprawach, to jednak biskup pomaga\u0142 (r\u00f3\u017cnie to oczywi\u015bcie by\u0142o w r\u00f3\u017cnych diecezjach). Natomiast teraz, to jest tak, jakby to by\u0142a sprawa prywatna danego ksi\u0119dza. Dla mnie, to nie jest sprawa prywatna ze wspomnianych wzgl\u0119d\u00f3w (\u015bluby sk\u0142ada si\u0119 publicznie). No i my\u015bl\u0119, \u017ce co\u015b tu szwankuje tak\u017ce w formacji ksi\u0119\u017cy, \u017ce ju\u017c po dw\u00f3ch latach, nast\u0119puj\u0105 takie problemy: wtedy, kiedy ksi\u0105dz nie ma \u017cadnych tych problem\u00f3w, jakie mieli inni ksi\u0119\u017ca za czas\u00f3w komuny.<\/p>\r\n<p><strong>Rozumiem. A co, do tego bezterminowego urlopu i tego, od czego on jest, to czy przypadkiem nie od kap\u0142a\u0144stwa? Od sprawowania funkcji kap\u0142a\u0144skich?<\/strong><\/p>\r\n<p>Ja uwa\u017cam, \u017ce komunikat by\u0142 fatalny. To znaczy: w ca\u0142ej tej sprawie, najwi\u0119ksze pretensje mam o ten komunikat. Bo takiego komunikatu si\u0119 nie wydaje. M\u00f3wi si\u0119 wtedy tak: jest to urlop od tego i od tego, a nie na zasadzie, \u017ce bezterminowy, i nie wiadomo od czego. Nie wiadomo co: by\u0142 ksi\u0105dz i nagle znika. No tak si\u0119 nie robi. My\u015bl\u0119, \u017ce tu kuria powinna do tego jednak z\u0142o\u017cy\u0107 dodatkowe wyja\u015bnienia. I to uci\u0119\u0142oby wszelkie spekulacje.<\/p>\r\n<p>Bo ja jeszcze zak\u0142adam, \u017ce ksi\u0105dz Tymoteusz zamieszka w innej parafii, nie b\u0119dzie mo\u017ce katechizowa\u0107 i g\u0142osi\u0107 kaza\u0144, ale b\u0119dzie pe\u0142ni\u0107 [obowi\u0105zki kap\u0142a\u0144skie], b\u0119dzie po prostu ksi\u0119dzem: b\u0119dzie odmawia\u0107 Brewiarz, b\u0119dzie spowiada\u0107, odprawia\u0107 Msz\u0119 \u015bwi\u0119t\u0105. No, to tak rozumiem ten urlop. Natomiast dzisiaj, bez powiedzenia, gdzie on idzie na czas tego urlopu\u2026<\/p>\r\n<p>A jeszcze to dodam, \u017ce we wszystkich dotychczasowych decyzjach o urlopie, wskazywano miejsce, gdzie ten ksi\u0105dz ma w czasie urlopu przebywa\u0107. A wi\u0119c by\u0142a to parafia (najcz\u0119\u015bciej parafia), albo klasztor, albo te\u017c takie miejsce diecezjalne: dom ksi\u0119\u017cy emeryt\u00f3w, czy dom ksi\u0119\u017cy chorych. A to wtedy rozumiem: on dalej pozostaje w strukturach Ko\u015bcio\u0142a, ale ma zwolnienie od obowi\u0105zk\u00f3w duszpasterskich. Natomiast tutaj, w og\u00f3le nie wiadomo co.<\/p>\r\n<p><strong>Troch\u0119 podobnie by\u0142o z ksi\u0119dzem Kachnowiczem: tam te\u017c nie by\u0142o podane, od czego jest jego urlop.<\/strong><\/p>\r\n<p>Nie, ksi\u0105dz Szyd\u0142o i ksi\u0105dz Kachnowicz to &#8211; moim zdaniem &#8211; dwa r\u00f3\u017cne przypadki. Chocia\u017c rzeczywi\u015bcie: tam to ju\u017c by\u0142o kuriozum, kiedy on zacz\u0105\u0142 biega\u0107 po Paradach R\u00f3wno\u015bci, i m\u00f3wi\u0107, \u017ce ma urlop (\u015bmiech). Biskup zreszt\u0105 bardzo p\u00f3\u017ano zareagowa\u0142. Dopiero wtedy, jak si\u0119 \u015bwieccy zacz\u0119li burzy\u0107: co to znaczy w og\u00f3le urlop; co to znaczy, \u017ce ksi\u0105dz m\u00f3wi, \u017ce jest na urlopie i bierze udzia\u0142 w paradach.<\/p>\r\n<p>Ja \u017cycz\u0119 ksi\u0119dzu Tymoteuszowi (osobi\u015bcie go nie znam) i ca\u0142ej jego rodzinie, jak najlepiej. I w\u0142a\u015bnie my\u015bl\u0119, \u017ce dla dobra i jego i rodziny, w\u0142adze ko\u015bcielne powinny t\u0105 spraw\u0119 doko\u0144czy\u0107. To znaczy wyja\u015bni\u0107, i poda\u0107 (na przyk\u0142ad) do wiadomo\u015bci, \u017ce b\u0119dzie mieszka\u0142 na terenie parafii, czy jakiego\u015b domu ko\u015bcielnego. A nie: idzie do cywila. Bo to jest te\u017c pytanie: co to w og\u00f3le oznacza ta forma, ten termin \u201eurlop bezterminowy\u201d.<\/p>\r\n<p><strong>No tak. Dotychczas rozmawiali\u015bmy o kryzysie jednego ksi\u0119dza, a teraz pom\u00f3wmy o kryzysie ca\u0142ego Ko\u015bcio\u0142a, o przejawach tego kryzysu. I tu odnie\u015bmy si\u0119 do spraw, o kt\u00f3rych ksi\u0105dz ju\u017c wspomina\u0142 na swej stronie internetowej .<\/strong><\/p>\r\n<p>Tak, tak. Oczywi\u015bcie.<\/p>\r\n<p><strong>Jak wskazuje Tomasz Terlikowski, kardyna\u0142ami w ostatnich czasach zostaj\u0105 biskupi popieraj\u0105cy liberaln\u0105 lini\u0119 obecnego papie\u017ca (akceptuj\u0105cy Komuni\u0119 \u015awi\u0119t\u0105 dla rozwodnik\u00f3w, prohomoseksualni, niech\u0119tni obro\u0144com \u017cycia pocz\u0119tego). Nie ma natomiast polskich nowych kardyna\u0142\u00f3w. Czy zgadza si\u0119 ksi\u0105dz z pogl\u0105dem cytowanego ju\u017c Tomasza Terlikowskiego, \u017ce powodem tego s\u0105 wojtylia\u0144skie, konserwatywne pogl\u0105dy polskich hierarch\u00f3w?<\/strong><\/p>\r\n<p>Zgadzam si\u0119. Zwrot \u201ekonserwatywne pogl\u0105dy\u201d jest okre\u015bleniem pozytywnym. Bo to oznacza w\u0142a\u015bnie kontynuacj\u0119 linii papie\u017ca Jana Paw\u0142a II. Co do nominacji, to trzeba zwr\u00f3ci\u0107 uwag\u0119, \u017ce zosta\u0142y pomini\u0119te r\u00f3wnie\u017c inne liczne kraje. Natomiast, ciekaw\u0105 rzecz\u0105 jest to, \u017ce w\u015br\u00f3d trzynastu nominat\u00f3w, jest a\u017c trzech jezuit\u00f3w. Czyli tutaj, papie\u017c Franciszek wyra\u017anie faworyzuje sw\u00f3j zakon. A wiadomo, \u017ce jezuici w ostatnich dziesi\u0119cioleciach, to jest zakon, kt\u00f3ry (m\u00f3wi\u0105c najdelikatniej) jest na obrze\u017cach doktryny katolickiej. I w wielu wypadkach (niestety), szokuje swoimi zachowaniami i post\u0119powaniem niekt\u00f3rych swoich cz\u0142onk\u00f3w. A wi\u0119c my\u015bl\u0119, \u017ce tu, takie przekazywanie wielu wa\u017cnych funkcji w Ko\u015bciele jezuitom, jest r\u00f3wnie\u017c \u015bwiadom\u0105 decyzj\u0105 Papie\u017ca.<\/p>\r\n<p><strong>Czy potwierdzeniem tezy o marginalizacji ludzi o pogl\u0105dach konserwatywnych i wojtylia\u0144skich nie jest na przyk\u0142ad fakt, \u017ce jedynym polskim kardyna\u0142em mianowanym przez Franciszka, jest ja\u0142mu\u017cnik papieski Konrad Krajewski, kt\u00f3ry na pieszej pielgrzymce z \u0141odzi do Cz\u0119stochowy g\u0142osi\u0142, \u017ce jako biskup zaprosi\u0142by do swojej katedry uczestnik\u00f3w Parady R\u00f3wno\u015bci, r\u00f3wnie\u017c \u201etych z biustonoszami i garnkami na g\u0142owie\u201d. <\/strong><\/p>\r\n<p>Tak. Te\u017c warto zwr\u00f3ci\u0107 uwag\u0119, \u017ce ci, kt\u00f3rzy s\u0105 czynnymi duszpasterzami, a wi\u0119c s\u0105 biskupami, arcybiskupami, nie zostali w\u0142\u0105czeni do kolegium [kardynalskiego]. Cz\u0119sto s\u0105 to urz\u0119dnicy. Tak, jak Konrad Krajewski, kt\u00f3ry ma &#8211; przy ca\u0142ym szacunku dla niego &#8211; minimalne do\u015bwiadczenie duszpasterskie. Moim zdaniem: nie ma \u017cadnego do\u015bwiadczenia. Natomiast ch\u0119tnie si\u0119 wypowiada &#8211; w takim duchu papie\u017ca Franciszka, gdzie rozmywa si\u0119 granice mi\u0119dzy warto\u015bciami katolickimi, a innymi warto\u015bciami. S\u0142ucha\u0142em tej wypowiedzi kardyna\u0142a. Jestem ni\u0105 zbulwersowany. Ale c\u00f3\u017c, kardyna\u0142 przyje\u017cd\u017ca do Polski na par\u0119 dni, wyje\u017cd\u017ca, i jego znajomo\u015b\u0107 tych spraw polskich jest praktycznie \u017cadna.<\/p>\r\n<p><strong>Dzi\u0119kuj\u0119 ksi\u0119dzu za wypowied\u017a dla Frondy.pl! <\/strong><\/p>\r\n<p>&nbsp;<\/p>","protected":false},"excerpt":{"rendered":",,To bardzo niebezpieczne&#8221;. Ks. Tadeusz Isakowicz-Zaleski dla Frondy o ,,urlopach&#8221; ksi\u0119\u017cy Eryk \u0141a\u017cewski, Fronda.pl: Niedawno rozmawiali\u015bmy o zjawisku odchodzenia m\u0142odych ksi\u0119\u017cy z kap\u0142a\u0144stwa. I to mamy kolejny dziwny przypadek: oto ksi\u0105dz Tymoteusz Szyd\u0142o co prawda nie odszed\u0142 z kap\u0142a\u0144stwa, ale nagle znalaz\u0142 si\u0119 na bezterminowym urlopie. Napisa\u0142 ksi\u0105dz, \u017ce \u00f3w bezterminowy urlop (zaledwie po dw\u00f3ch [&hellip;]","protected":false},"author":1,"featured_media":0,"comment_status":"closed","ping_status":"closed","sticky":false,"template":"","format":"standard","meta":{"_acf_changed":false,"_monsterinsights_skip_tracking":false,"_monsterinsights_sitenote_active":false,"_monsterinsights_sitenote_note":"","_monsterinsights_sitenote_category":0,"ngg_post_thumbnail":0,"footnotes":"","_wp_rev_ctl_limit":""},"categories":[5],"tags":[98,33],"acf":[],"_links":{"self":[{"href":"https:\/\/www.bibula.com\/index.php?rest_route=\/wp\/v2\/posts\/109729"}],"collection":[{"href":"https:\/\/www.bibula.com\/index.php?rest_route=\/wp\/v2\/posts"}],"about":[{"href":"https:\/\/www.bibula.com\/index.php?rest_route=\/wp\/v2\/types\/post"}],"author":[{"embeddable":true,"href":"https:\/\/www.bibula.com\/index.php?rest_route=\/wp\/v2\/users\/1"}],"replies":[{"embeddable":true,"href":"https:\/\/www.bibula.com\/index.php?rest_route=%2Fwp%2Fv2%2Fcomments&post=109729"}],"version-history":[{"count":0,"href":"https:\/\/www.bibula.com\/index.php?rest_route=\/wp\/v2\/posts\/109729\/revisions"}],"wp:attachment":[{"href":"https:\/\/www.bibula.com\/index.php?rest_route=%2Fwp%2Fv2%2Fmedia&parent=109729"}],"wp:term":[{"taxonomy":"category","embeddable":true,"href":"https:\/\/www.bibula.com\/index.php?rest_route=%2Fwp%2Fv2%2Fcategories&post=109729"},{"taxonomy":"post_tag","embeddable":true,"href":"https:\/\/www.bibula.com\/index.php?rest_route=%2Fwp%2Fv2%2Ftags&post=109729"}],"curies":[{"name":"wp","href":"https:\/\/api.w.org\/{rel}","templated":true}]}}