{"id":109653,"date":"2019-09-03T21:19:45","date_gmt":"2019-09-04T01:19:45","guid":{"rendered":"http:\/\/www.bibula.com\/?p=109653"},"modified":"2019-09-03T21:32:45","modified_gmt":"2019-09-04T01:32:45","slug":"kim-sa-przyszli-kardynalowie-szosty-konsystorz-franciszka","status":"publish","type":"post","link":"https:\/\/www.bibula.com\/?p=109653","title":{"rendered":"Kim s\u0105 przyszli kardyna\u0142owie? Sz\u00f3sty konsystorz Franciszka"},"content":{"rendered":"<p><strong>Katoliccy publicy\u015bci szeroko komentuj\u0105 og\u0142oszone niespodziewanie w niedziel\u0119 nominacje kardynalskie. Autorzy portali National Catholic Register oraz La Nuova Bussola Quotidiana zgodnie podkre\u015blaj\u0105, \u017ce kapelusze otrzymaj\u0105 osoby podzielaj\u0105ce pogl\u0105dy Franciszka na takie kwestie jak otwarcie na imigracj\u0119, ekologia czy \u201edialog\u201d z islamem. W\u015br\u00f3d nowych purpurat\u00f3w nie zabraknie te\u017c\u2026 stronnik\u00f3w lobby homoseksualnego.<\/strong><\/p>\r\n<p>\u201eIch pochodzenie wyra\u017ca powo\u0142anie misyjne Ko\u015bcio\u0142a, kt\u00f3ry nadal g\u0142osi mi\u0142osiern\u0105 mi\u0142o\u015b\u0107 Boga wobec ka\u017cdego cz\u0142owieka na ziemi\u201d &#8211; skomentowa\u0142 papie\u017c sw\u00f3j wyb\u00f3r. Dziesi\u0119ciu spo\u015br\u00f3d 13 nominat\u00f3w zyska prawo do oddania g\u0142os\u00f3w na konklawe. Konsystorz zaplanowany zosta\u0142 na 5 pa\u017adziernika, a wi\u0119c dzie\u0144 przed rozpocz\u0119ciem synodu amazo\u0144skiego (6-17 pa\u017adziernika).<\/p>\r\n<p>Franciszek nominowa\u0142 kardyna\u0142\u00f3w ju\u017c po raz sz\u00f3sty. Od 5 pa\u017adziernika w Kolegium Kardynalskim zasiada\u0107 b\u0119dzie 67 elektor\u00f3w wskazanych przez obecnego papie\u017ca, 42 przez Benedykta XVI oraz 19 przez Jana Paw\u0142a II.<\/p>\r\n<p>Na szczycie listy 10 nowych kardyna\u0142\u00f3w-elekt\u00f3w znalaz\u0142 si\u0119 67-letni biskup <strong>Miguel Angel Ayuso Guixot,<\/strong> pochodz\u0105cy z Sewilli. Od maja obecnego roku przewodniczy on Papieskiej Radzie ds. Dialogu Mi\u0119dzyreligijnego, gdzie zast\u0105pi\u0142 zmar\u0142ego kardyna\u0142a Jean-Louisa Taurana. \u201eNominat przewodniczy\u0142 wielu spotkaniom mi\u0119dzywyznaniowym, napisa\u0142 wiele ksi\u0105\u017cek i artyku\u0142\u00f3w, m\u00f3wi wieloma j\u0119zykami, w tym arabskim\u201d &#8211; wskazuje Edward Pentin z portalu ncregister.com. Autor przypomina tak\u017ce o zaanga\u017cowaniu biskupa Ayuso w opracowanie deklaracji o mi\u0119dzyludzkim braterstwie, podpisanej 4 lutego przez szejka Ahmeda el-Tayeba, wielkiego imama Al-Azhar oraz papie\u017ca w Abu Zabi. Watykan nazwa\u0142 to posuni\u0119cie \u201ewa\u017cnym krokiem naprz\u00f3d\u201d oraz \u201epot\u0119\u017cnym znakiem pokoju i nadziei\u201d mi\u0119dzy dwiema religiami, jednak komentatorzy wskazali na niekatolicki fragment dokumentu, m\u00f3wi\u0105cy jakoby \u201er\u00f3\u017cnorodno\u015b\u0107 religii\u201d by\u0142a \u201ewol\u0105 Bo\u017c\u0105\u201d.<\/p>\r\n<p>Inny nominat, portugalski arcybiskup <strong>Jos\u00c3\u00a9 Tolentino de Medon\u00c3\u00a7a<\/strong> by\u0142 &#8211; jak pisze Pentin &#8211; duchownym praktycznie nieznanym poza Portugali\u0105, dop\u00f3ki papie\u017c nie wybra\u0142 go do wyg\u0142oszenia ubieg\u0142orocznych rekolekcji wielkopostnych. Abp Tolentino de Medon\u00c3\u00a7a legitymuje si\u0119 doktoratem z teologii biblijnej. Jest doradc\u0105 Papieskiej Rady Kultury i autorem wielu ksi\u0105\u017cek oraz artyku\u0142\u00f3w o charakterze teologicznym i egzegetycznym, a tak\u017ce kilku tom\u00f3w poetyckich. Zas\u0142yn\u0105\u0142 te\u017c, niestety niechlubnie, autorstwem wst\u0119pu do ksi\u0105\u017cki o teologii feministycznej, autorstwa siostry Marii Teresy Forcady, nazwanej przez BBC \u201enajbardziej radykaln\u0105 zakonnic\u0105 w Europie\u201d. Siostra ta promuje \u201eteologi\u0119 queer\u201d i jest zwolenniczk\u0105 prawa do aborcji. We wspomnianym wst\u0119pie ksi\u0105dz Tolentino de Mendon\u00c3\u00a7a wyrazi\u0142 przekonanie, \u017ce \u201eapostolat\u201d Forcady powinien by\u0107 wzorem dla chrze\u015bcija\u0144stwa \u201ewolnego\u201d od przesz\u0142ych i obecnych wi\u0119z\u00f3w dogmatycznych oraz \u017ce jej warto\u015bci\u0105 jest \u201epodkre\u015blenie znaczenia relacji etycznych wolnych od sztywnych, skodyfikowanych zasad\u201d.<\/p>\r\n<p>Kardyna\u0142em zostanie r\u00f3wnie\u017c abp <strong>Matteo Zuppi<\/strong>, niespodziewany nast\u0119pca kardyna\u0142a Carlo Caffarry jako arcybiskupa Bolonii. Benedykt XVI mianowa\u0142 go biskupem pomocniczym Rzymu w 2012 roku. Okre\u015blany jest mianem \u201ekap\u0142ana ulic\u201d ze wzgl\u0119du na swoj\u0105 trosk\u0119 wobec os\u00f3b starszych, imigrant\u00f3w, Cygan\u00f3w i narkoman\u00f3w. Arcybiskup bra\u0142 tak\u017ce udzia\u0142 w inicjatywach pokojowych wsp\u00f3lnoty Sant&#8217;Egidio, m.in. mediacjach maj\u0105cych na celu uwolnienie porwanych misjonarzy.<\/p>\r\n<p>Wyb\u00f3r abp. Zuppiego przyj\u0119\u0142a z entuzjazmem w\u0142oska lewica, a tak\u017ce homoseksualny lobbysta w Ko\u015bciele, o. James Martin SJ. Nowy purpurat napisa\u0142 wst\u0119p do jego ksi\u0105\u017cki promuj\u0105cej \u201ewsp\u00f3lnot\u0119 LGBT\u201d w Ko\u015bciele.<\/p>\r\n<p>Jednym z trzech jezuit\u00f3w po\u015br\u00f3d nominat\u00f3w jest <strong>Jean-Claude H\u00f6llerich<\/strong>, mianowany arcybiskupem Luksemburga przez Benedykta XVI . Przewodniczy konferencji biskup\u00f3w katolickich w Unii Europejskiej COMECE. W wielu kwestiach okaza\u0142 si\u0119 pokrewnym duchem papie\u017cowi Franciszkowi. W kwietniu, na \u0142amach <em>La Civilt\u00c3\u00a0 Cattolica<\/em> stwierdzi\u0142, \u017ce europejscy populi\u015bci wykorzystuj\u0105 ludzkie obawy dotycz\u0105ce imigracji i bezpiecze\u0144stwa. \u201eDramat\u201d imigrant\u00f3w w Europie okre\u015bli\u0142 jako \u201eha\u0144b\u0119\u201d. Wyrazi\u0142 te\u017c pe\u0142ne poparcie dla zbli\u017caj\u0105cego si\u0119 synodu amazo\u0144skiego. \u201eMusimy zanurzy\u0107 si\u0119 w rzeczywisto\u015bci, poniewa\u017c w rzeczywisto\u015bci odnajdujemy Boga. A dzi\u015b przypomina nam to o trosce o stworzenie, kt\u00f3ra wymaga prawdziwej rewolucji w zwyczajach, mentalno\u015bci i gospodarce\u201d&nbsp;&#8211; stwierdzi\u0142.<\/p>\r\n<p>Inny jezuita, ojciec <strong>Michael Czerny<\/strong> jest podsekretarzem sekcji ds. migrant\u00f3w i uchod\u017ac\u00f3w w Dykasterii ds. Integralnego Rozwoju Cz\u0142owieka. Pochodzi z dawnej Czechos\u0142owacji i jest obywatelem Kanady. W 2009 r. Benedykt XVI mianowa\u0142 go ekspertem Synodu o Afryce. O. Czerny to jeden ze specjalnych sekretarzy a zarazem czo\u0142owy promotor nadchodz\u0105cego synodu amazo\u0144skiego.<\/p>\r\n<p>Arcybiskup <strong>Ignacy Suharyo Hardjoatmodjo<\/strong> z indonezyjskiej D\u017cakarty po raz pierwszy zosta\u0142 mianowany biskupem Semarangu przez Jana Paw\u0142a II w 1997 r. W ubieg\u0142ym roku zosta\u0142 ponownie wybrany ju\u017c na trzeci\u0105 kadencj\u0119 przewodnicz\u0105cego konferencji biskup\u00f3w swego kraju. Franciszek mianowa\u0142 go cz\u0142onkiem Kongregacji Ewangelizacji Narod\u00f3w.<\/p>\r\n<p>Kardynalski kapelusz ubierze na pocz\u0105tku pa\u017adziernika tak\u017ce arcybiskup <strong>Juan de la Caridad Garc\u00c3\u00ada Rodr\u00c3\u00adguez <\/strong>z Kuby. Jedn\u0105 z jego inicjatyw by\u0142o opracowanie program\u00f3w ewangelizacji, w kt\u00f3rych bior\u0105 udzia\u0142 dziadkowie, wci\u0105\u017c pami\u0119taj\u0105cy swoje katolickie wychowanie sprzed epoki komunistycznej. Franciszek mianowa\u0142 go arcybiskupem Hawany w kwietniu 2016 r..<\/p>\r\n<p>Arcybiskup Kinszasy <strong>Fridolin Ambongo Besungu<\/strong> jest kapucynem. B\u0119dzie jednym z najm\u0142odszych cz\u0142onk\u00f3w Kolegium Kardynalskiego. Jest teologiem moralnym, by\u0142 m.in. arcybiskupem Mbandaka-Bikoro. Przed 3 laty zosta\u0142 wiceprzewodnicz\u0105cym konferencji biskup\u00f3w Konga.<\/p>\r\n<p>Jak przypomina portal La Nuova Bussola Quotidiana, nominat z Gwatemali, pra\u0142at <strong>Alvaro Ramazzini Imeri<\/strong> jest bardzo zaanga\u017cowany w kwesti\u0119 migracji. W przesz\u0142o\u015bci nie szcz\u0119dzi\u0142 krytyki polityce prezydenta Trumpa, oskar\u017canego przez duchownego o powodowanie \u201eniewyobra\u017calnych konsekwencji\u201d. Dzia\u0142alno\u015b\u0107 duszpastersk\u0105 biskupa Gwatemali w ostatnich latach charakteryzuje \u201epreferencyjna opcja dla ubogich\u201d, przy ci\u0105g\u0142ym pot\u0119pianiu nier\u00f3wno\u015bci spo\u0142ecznych obecnych w kraju.<\/p>\r\n<p>Tak\u017ce hiszpa\u0144ski arcybiskup Rabatu <strong>Crist\u00f3bal L\u00f3pez Romero<\/strong> w nieodleg\u0142ej przesz\u0142o\u015bci wyr\u00f3\u017cnia\u0142 si\u0119 surowymi os\u0105dami dotycz\u0105cymi polityki zamykania port\u00f3w przed imigrantami (\u201epostawy, kt\u00f3re mnie zasmucaj\u0105\u201d &#8211; stwierdzi\u0142) oraz obrony organizacji pozarz\u0105dowych sprowadzaj\u0105cych tak zwanych uchod\u017ac\u00f3w. Salezjanin okre\u015bli\u0142 m\u0142odych Europejczyk\u00f3w jako \u201eob\u0142udnych i samolubnych\u201d. Romero uwa\u017ca, \u017ce w dialogu z islamem \u201emo\u017cna zbudowa\u0107 bardziej mi\u0142osierny \u015bwiat\u201d. Jako dyrektor szko\u0142y zakonnej w Kenitrze wprowadzi\u0142 odbywaj\u0105ce si\u0119 w ka\u017cdy pi\u0105tek odczytywanie werset\u00f3w Koranu, w kt\u00f3rym sam uczestniczy\u0142.<\/p>\r\n<p>Swego przedstawiciela w Kolegium kardynalskim b\u0119dzie zn\u00f3w mia\u0142a Kuba. B\u0119dzie nim <strong>Juan de la Caridad Garc\u00c3\u00ada<\/strong>, arcybiskup San Crist\u00f3bal de La Habana. Nazywany \u201ebiskupem ludu\u201d, krytykowa\u0142 kapitalizm w swoim kraju, podkre\u015blaj\u0105c rzekom\u0105 wy\u017cszo\u015b\u0107 \u201e post\u0119powego socjalizmu\u201d.<\/p>\r\n<p>Papie\u017c wybra\u0142 tak\u017ce trzech innych duchownych w wieku powy\u017cej 80 lat na kardyna\u0142\u00f3w ze wzgl\u0119du na ich wyj\u0105tkow\u0105 \u201es\u0142u\u017cb\u0119 dla Ko\u015bcio\u0142a\u201d: arcybiskupa <strong>Michaela Louisa Fitzgeralda<\/strong>, lat 82 misjonarza w Afryce i by\u0142ego przewodnicz\u0105cego Papieskiej Rady ds. Dialogu Mi\u0119dzyreligijnego; arcybiskupa <strong>Sigitasa Tamkevi\u00c4\u008diusa<\/strong>, arcybiskupa emeryta z Kowna, a tak\u017ce biskupa <strong>Eugenia Dal Corso<\/strong>, emerytowanego hierarch\u0119 z Angoli.<\/p>\r\n<p>\u0179r\u00f3d\u0142a: ncregister.com, La Nuova Bussola Quotidiana.<\/p>\r\n<p>RoM<\/p>","protected":false},"excerpt":{"rendered":"Katoliccy publicy\u015bci szeroko komentuj\u0105 og\u0142oszone niespodziewanie w niedziel\u0119 nominacje kardynalskie. Autorzy portali National Catholic Register oraz La Nuova Bussola Quotidiana zgodnie podkre\u015blaj\u0105, \u017ce kapelusze otrzymaj\u0105 osoby podzielaj\u0105ce pogl\u0105dy Franciszka na takie kwestie jak otwarcie na imigracj\u0119, ekologia czy \u201edialog\u201d z islamem. W\u015br\u00f3d nowych purpurat\u00f3w nie zabraknie te\u017c\u2026 stronnik\u00f3w lobby homoseksualnego. \u201eIch pochodzenie wyra\u017ca powo\u0142anie misyjne [&hellip;]","protected":false},"author":1,"featured_media":0,"comment_status":"closed","ping_status":"closed","sticky":false,"template":"","format":"standard","meta":{"_acf_changed":false,"_monsterinsights_skip_tracking":false,"_monsterinsights_sitenote_active":false,"_monsterinsights_sitenote_note":"","_monsterinsights_sitenote_category":0,"ngg_post_thumbnail":0,"footnotes":"","_wp_rev_ctl_limit":""},"categories":[3],"tags":[301,41,33],"acf":[],"_links":{"self":[{"href":"https:\/\/www.bibula.com\/index.php?rest_route=\/wp\/v2\/posts\/109653"}],"collection":[{"href":"https:\/\/www.bibula.com\/index.php?rest_route=\/wp\/v2\/posts"}],"about":[{"href":"https:\/\/www.bibula.com\/index.php?rest_route=\/wp\/v2\/types\/post"}],"author":[{"embeddable":true,"href":"https:\/\/www.bibula.com\/index.php?rest_route=\/wp\/v2\/users\/1"}],"replies":[{"embeddable":true,"href":"https:\/\/www.bibula.com\/index.php?rest_route=%2Fwp%2Fv2%2Fcomments&post=109653"}],"version-history":[{"count":0,"href":"https:\/\/www.bibula.com\/index.php?rest_route=\/wp\/v2\/posts\/109653\/revisions"}],"wp:attachment":[{"href":"https:\/\/www.bibula.com\/index.php?rest_route=%2Fwp%2Fv2%2Fmedia&parent=109653"}],"wp:term":[{"taxonomy":"category","embeddable":true,"href":"https:\/\/www.bibula.com\/index.php?rest_route=%2Fwp%2Fv2%2Fcategories&post=109653"},{"taxonomy":"post_tag","embeddable":true,"href":"https:\/\/www.bibula.com\/index.php?rest_route=%2Fwp%2Fv2%2Ftags&post=109653"}],"curies":[{"name":"wp","href":"https:\/\/api.w.org\/{rel}","templated":true}]}}