{"id":109635,"date":"2019-09-03T10:59:05","date_gmt":"2019-09-03T14:59:05","guid":{"rendered":"http:\/\/www.bibula.com\/?p=109635"},"modified":"2019-09-03T11:00:28","modified_gmt":"2019-09-03T15:00:28","slug":"wiceprezydent-usa-oglosil-ze-polska-zrezygnowala-z-opodatkowania-amerykanskich-potentatow-uslug-cyfrowych","status":"publish","type":"post","link":"https:\/\/www.bibula.com\/?p=109635","title":{"rendered":"Wiceprezydent USA og\u0142osi\u0142, \u017ce Polska zrezygnowa\u0142a z opodatkowania ameryka\u0144skich potentat\u00f3w us\u0142ug cyfrowych"},"content":{"rendered":"<p><strong>Portal Wnp.pl zwr\u00f3ci\u0142 we wtorek uwag\u0119 na s\u0142owa wiceprezydenta USA, Mike\u2019a Pence\u2019a, kt\u00f3ry og\u0142osi\u0142, \u017ce w\u0142adze Polski wycofa\u0142y si\u0119 z plan\u00f3w ob\u0142o\u017cenia wielkich korporacji sektora us\u0142ug cyforwych specjalnym podatkiem.<\/strong><\/p>\r\n<p>Pence go\u015bci\u0142 w Polsce od niedzieli, kiedy to wzi\u0105\u0142 udzia\u0142 w uroczysto\u015bciach upami\u0119tnienia rocznicy wybuchu drugiej wojny \u015bwiatowej. <a href=\"https:\/\/kresy.pl\/wydarzenia\/polska\/morawiecki-ustalil-z-amerykanami-jak-ma-byc-budowana-siec-5g-w-polsce\/\">W poniedzia\u0142ek podpisa\u0142 wraz z premierem Mateuszem Morawieckim deklaracj\u0119 w sprawie zasad budowy w Polsce sieci telekomunikacyjnej 5G<\/a>. Deklaracja zawiera zapisy sugeruj\u0105ce, \u017ce Waszyngton wywar\u0142 na w\u0142adzach Polski skuteczn\u0105 presj\u0119 by odci\u0119\u0142y od tego rodzaju inwestycji inwestor\u00f3w z Chin. Jednak portal Wnp.pl zwraca uwag\u0119, \u017ce Pence zdo\u0142a\u0142 prawdopodobnie wymusi\u0107 na rz\u0105dzie Morawieckiego tak\u017ce inne korzystne dla interes\u00f3w USA rozwi\u0105zanie.<\/p>\r\n<p>Portal cytuje jedn\u0105 z wypowiedzi Pence\u2019a, kt\u00f3ry stwierdzi\u0142, i\u017c USA \u201ez g\u0142\u0119bok\u0105 wdzi\u0119czno\u015bci\u0105 przyj\u0119\u0142y odrzucenie\u201d przez Polsk\u0119 propozycji podatku od us\u0142ug cyfrowych, \u201ekt\u00f3re utrudni\u0142yby wymian\u0119 handlow\u0105 pomi\u0119dzy naszymi krajami\u201d. Co wa\u017cne, wiceprezydent USA pozwoli\u0142 sobie na wyg\u0142oszenie w Warszawie takiej deklaracji, zanim wyrazi\u0142 j\u0105 jakikolwiek przedstawiciel polskiego rz\u0105du.<\/p>\r\n<p>Wnp.pl zwraca uwag\u0119, \u017ce polskie Ministerstwo Finans\u00f3w zadeklarowa\u0142o, \u017ce pracuje nad podatkiem od us\u0142ug cyforwych wzoruj\u0105c si\u0119 na projekcie dyrektywy Komisji Europejskiej. Wiceszef Kancelarii Prezydenta Pawe\u0142 Mucha zosta\u0142 zapytany przez dziennikarza telewizji TVN o to kto zadecydowa\u0142 o rezygnacji przez w\u0142adze Polski z nowej daniny. \u201eJe\u017celi si\u0119 spojrzy na sytuacj\u0119 podatkow\u0105 to prosz\u0119 zwr\u00f3ci\u0107 uwag\u0119, \u017ce w\u0142a\u015bnie podatek dochodowy od os\u00f3b fizycznych jest obni\u017cony i miliony Polak\u00f3w na tym obni\u017ceniu podatku dochodowego korzystaj\u0105\u201d &#8211; odpowiedzia\u0142 Mucha.<\/p>\r\n<p>Gdy dziennikarz jeszcze raz zapyta\u0142 kto podj\u0105\u0142 decyzj\u0119 o rezygnacji z wprowadzenia podatku wobec poentat\u00f3w nowych technologii komunikacyjnych i dlaczego \u017caden polski urz\u0119dnik nie poinformowa\u0142 o tym przed wiceprezydentem USA, Mucha stwierdzi\u0142, \u017ce nale\u017cy o to pyta\u0107 szefa rz\u0105du i minsitra finans\u00f3w. Gdy dziennikarz zauwa\u017cy\u0142, \u017ce w kr\u0119gach rzadowych m\u00f3wiono o takim podatku a deklaracja Pence\u2019a sugeruje jednak wycofanie si\u0119 z jego na\u0142o\u017cenia, prezydencki urz\u0119dnik odpowiedzia\u0142 jedynie \u201enie mam takiego postrzegania\u201d.<span id=\"ezoic-pub-ad-placeholder-110\" class=\"ezoic-adpicker-ad\"><\/span><\/p>\r\n<p>Wnp.pl przypomina, \u017ce wrowadzenie podatku od wielkich koncern\u00f3w \u015bwiadcz\u0105cych us\u0142ugi cyfrowe, takich jak Google, Amazon, Facebook czy Apple (zwanych od nazw tych form sektorem GAFA), kt\u00f3re obecnie nie uiszczaj\u0105 sum odpowiadaj\u0105cych ich zyskom ze \u015bwiadczenia us\u0142ug mieszka\u0144com Polski, w\u0142adze naszego kraju zapowiada\u0142y wielokrotnie. Na pocz\u0105tku czerwca bie\u017cacego roku zapis taki zanalaz\u0142 si\u0119 w za\u0142o\u017ceniach do przysz\u0142orocznego bud\u017cetu. \u201eWcze\u015bniej o wprowadzeniu takiego podatku resort finans\u00f3w informowa\u0142 w Aktualizacji Programu Konwergencji (APK), b\u0119d\u0105cej cz\u0119\u015bci\u0105 przyj\u0119tego przez rz\u0105d w kwietniu br. Wieloletniego Planu Finansowego Pa\u0144stwa na lata 2019 &#8211; 2022. W dokumencie tym napisano, \u017ce dochody z podatku od przedsi\u0119biorstw cyfrowych mog\u0105 wynie\u015b\u0107 w 2020 r. ok. 217,5 mln z\u0142.\u201d &#8211; twierdzi portal.<\/p>\r\n<p><a href=\"https:\/\/kresy.pl\/wydarzenia\/gospodarka\/usa-podejma-kroki-przeciw-francji-po-tym-gdy-ta-opodatkowala-google-i-amazona\/\">Pierwszym pa\u0144stwem, kt\u00f3re wprowadzi\u0142o danin\u0119 umo\u017cliwiajac\u0105 opodatkowanie potentat\u00f3w rynku us\u0142ug cyfrowych, jest Francja<\/a>. <a href=\"https:\/\/kresy.pl\/wydarzenia\/gospodarka\/trump-zapowiada-dzialania-przeciw-francji-za-to-ze-opodatkowala-wielkiego-koncerny\/\">Decyzja ta, poniewa\u017c dotyczy w wi\u0119szko\u015bci korporacji ameryka\u0144skich, wywo\u0142a\u0142a ju\u017c pogr\u00f3\u017cki ze strony najwy\u017cszych w\u0142adz USA, zapowiadaj\u0105cych \u201edzia\u0142ania odwetowe\u201d wobec Francji. Prezydent Donald Trump pisa\u0142 wr\u0119cz o \u201eg\u0142upocie Macrona\u201d<\/a>. Mimo takiej postawy USA, ich bliski sojusznik, Wielka Brytania prowadzi ju\u017c prace nad wprowadzeniem podatku analogicznego do francuskiego.<\/p>\r\n<p><a href=\"https:\/\/kresy.pl\/wydarzenia\/do-rzeczy-ambasador-usa-naciskala-na-rzad-pis-ws-uprzywilejowania-amerykanskich-firm-w-polsce\/\">Ju\u017c w zeszlym roku tygodnik \u201eDo Rzeczy\u201d ujawni\u0142, \u017ce ambasador USA w Warszawie, Georgette Mosbacher naciska\u0142a na ministr\u00f3w i urz\u0119dnik\u00f3w polskiego rz\u0105du, aby wprowadzi\u0107 zmiany przepis\u00f3w stawiaj\u0105ce w uprzywilejowanej pozycji firmy z USA dzia\u0142aj\u0105ce w Polsce<\/a>.<\/p>\r\n<p>wnp.pl\/kresy.pl<\/p>\r\n<blockquote>\r\n<p>[<strong>Wybrane wypowiedzi internaut\u00f3w pod w\/w tekstem na stronie \u017ar\u00f3d\u0142owej:<\/strong>]<\/p>\r\n<p><em>gutek<\/em>:<br>\r\nSuper jest by\u0107 koloni\u0105. Taki Pence przyjecha\u0142 i ju\u017c totalna odmowa od ta\u0144szych (i lepszych) sprz\u0119t\u00f3w z Chin (a propos Turcy buduj\u0105 5G Ericssonem i Huawei na kwiki USA nie reaguj\u0105c), podatku od us\u0142ug cyfrowych niet (mimo \u017ce najwi\u0119ksze pa\u0144stwa UE wprowadzaj\u0105), no i pewnie gdzie\u015b pod sto\u0142em zawarli umow\u0119 co do wyp\u0142at odszkodowa\u0144 starszym braciom w wierze.<\/p>\r\n<\/blockquote>","protected":false},"excerpt":{"rendered":"Portal Wnp.pl zwr\u00f3ci\u0142 we wtorek uwag\u0119 na s\u0142owa wiceprezydenta USA, Mike\u2019a Pence\u2019a, kt\u00f3ry og\u0142osi\u0142, \u017ce w\u0142adze Polski wycofa\u0142y si\u0119 z plan\u00f3w ob\u0142o\u017cenia wielkich korporacji sektora us\u0142ug cyforwych specjalnym podatkiem. Pence go\u015bci\u0142 w Polsce od niedzieli, kiedy to wzi\u0105\u0142 udzia\u0142 w uroczysto\u015bciach upami\u0119tnienia rocznicy wybuchu drugiej wojny \u015bwiatowej. W poniedzia\u0142ek podpisa\u0142 wraz z premierem Mateuszem Morawieckim [&hellip;]","protected":false},"author":1,"featured_media":0,"comment_status":"closed","ping_status":"closed","sticky":false,"template":"","format":"standard","meta":{"_acf_changed":false,"_monsterinsights_skip_tracking":false,"_monsterinsights_sitenote_active":false,"_monsterinsights_sitenote_note":"","_monsterinsights_sitenote_category":0,"ngg_post_thumbnail":0,"footnotes":"","_wp_rev_ctl_limit":""},"categories":[8],"tags":[98,52,221],"acf":[],"_links":{"self":[{"href":"https:\/\/www.bibula.com\/index.php?rest_route=\/wp\/v2\/posts\/109635"}],"collection":[{"href":"https:\/\/www.bibula.com\/index.php?rest_route=\/wp\/v2\/posts"}],"about":[{"href":"https:\/\/www.bibula.com\/index.php?rest_route=\/wp\/v2\/types\/post"}],"author":[{"embeddable":true,"href":"https:\/\/www.bibula.com\/index.php?rest_route=\/wp\/v2\/users\/1"}],"replies":[{"embeddable":true,"href":"https:\/\/www.bibula.com\/index.php?rest_route=%2Fwp%2Fv2%2Fcomments&post=109635"}],"version-history":[{"count":0,"href":"https:\/\/www.bibula.com\/index.php?rest_route=\/wp\/v2\/posts\/109635\/revisions"}],"wp:attachment":[{"href":"https:\/\/www.bibula.com\/index.php?rest_route=%2Fwp%2Fv2%2Fmedia&parent=109635"}],"wp:term":[{"taxonomy":"category","embeddable":true,"href":"https:\/\/www.bibula.com\/index.php?rest_route=%2Fwp%2Fv2%2Fcategories&post=109635"},{"taxonomy":"post_tag","embeddable":true,"href":"https:\/\/www.bibula.com\/index.php?rest_route=%2Fwp%2Fv2%2Ftags&post=109635"}],"curies":[{"name":"wp","href":"https:\/\/api.w.org\/{rel}","templated":true}]}}