{"id":109632,"date":"2019-09-03T10:53:08","date_gmt":"2019-09-03T14:53:08","guid":{"rendered":"http:\/\/www.bibula.com\/?p=109632"},"modified":"2019-09-03T10:53:08","modified_gmt":"2019-09-03T14:53:08","slug":"przedstawiciele-rp-zlozyli-wieniec-przy-grobach-czlonkow-oun-upa-msz-nie-podwaza-niegatywnego-stosunku-do-ich-gloryfikacji-na-ukrainie","status":"publish","type":"post","link":"https:\/\/www.bibula.com\/?p=109632","title":{"rendered":"Przedstawiciele RP z\u0142o\u017cyli wieniec przy grobach cz\u0142onk\u00f3w OUN-UPA. &#8222;MSZ nie podwa\u017ca niegatywnego stosunku do ich gloryfikacji na Ukrainie&#8221;"},"content":{"rendered":"<p>Udzia\u0142 p.o. Konsula Generalnego RP we Lwowie w uroczysto\u015bciach na Cmentarzu \u0141yczakowskim by\u0142 protokolarnym obowi\u0105zkiem, kt\u00f3ry w \u017caden spos\u00f3b nie podwa\u017cy\u0142 negatywnego stosunku MSZ do gloryfikacji OUN-UPA na Ukrainie &#8211; o\u015bwiadcza polskie MSZ w zwi\u0105zku ze z\u0142o\u017ceniem przez polskich dyplomat\u00f3w wie\u0144ca przy grobach cz\u0142onk\u00f3w OUN-UPA.<\/p>\r\n<p>Jak informowali\u015bmy, podczas Dnia Niepodleg\u0142o\u015bci Ukrainy 24 sierpnia, przedstawiciele Konsulatu Generalnego RP we Lwowie wzi\u0119li udzia\u0142 w uroczysto\u015bci na Cmentarzu \u0141yczakowskim, przepe\u0142nionej banderowsk\u0105 symbolik\u0105. Wieniec od konsulatu zosta\u0142 z\u0142o\u017cony przy panteonie mieszcz\u0105cym szcz\u0105tki ukrai\u0144skich dzia\u0142aczy, m.in. z ludob\u00f3jczej OUN-UPA.<\/p>\r\n<p>Przeczytaj: Polscy dyplomaci ze Lwowa z\u0142o\u017cyli wie\u0144ce przy grobach cz\u0142onk\u00f3w OUN-UPA [+FOTO\/+VIDEO]<\/p>\r\n<p>Pisali\u015bmy r\u00f3wnie\u017c, \u017ce w zwi\u0105zku z t\u0105 sytuacj\u0105 portal Kresy.pl zwr\u00f3ci\u0142 si\u0119 do Konsulatu Generalnego RP we Lwowie. Zapytali\u015bmy, dlaczego Konsulat sk\u0142ada wieniec w takim miejscu i jakie ma to uzasadnienie, czy jest to w jaki\u015b spos\u00f3b warunkowane formalnie przez stron\u0119 ukrai\u0144sk\u0105 i dlaczego Konsul Generalny zgadza si\u0119 na takie praktyki. Prosili\u015bmy te\u017c o potwierdzenie, \u017ce na przepe\u0142nionych banderowsk\u0105 symbolik\u0105 uroczysto\u015bciach na Cmentarzu \u0141yczakowskim na czele polskiej delegacji sta\u0142a p.o. konsula generalnego Katarzyna So\u0142ek.<\/p>\r\n<p>Konsulat Generalny RP nie odpowiedzia\u0142 na \u017cadne z tych pyta\u0144, odsy\u0142aj\u0105c nasz portal z pytaniami do Rzecznika Prasowego MSZ. Ten po kilku dniach w odpowiedzi na zadane pytania o\u015bwiadczy\u0142, \u017ce \u201ekwiaty oraz znicze zosta\u0142y z\u0142o\u017cone w Dniu Niepodleg\u0142o\u015bci Ukrainy 24 sierpnia br.: &#8211; w intencji poleg\u0142ych na Majdanie w Kijowie w lutym 2014 r. &#8211; na kwaterze Niebia\u0144skiej Sotni; &#8211; w intencji \u017co\u0142nierzy ukrai\u0144skich poleg\u0142ych w Donbasie &#8211; na kwaterze ATO\u201d.<\/p>\r\n<p>W zwi\u0105zku z tym w kolejnym pi\u015bmie do rzecznika MSZ zwr\u00f3cili\u015bmy uwag\u0119, \u017ce tzw. kwatera Niebia\u0144skiej Sotni, jak i tzw. kwatera ATO, s\u0105 de facto integralnymi cz\u0119\u015bciami jednego du\u017cego tzw. pola honorowych poch\u00f3wk\u00f3w, gdzie utworzono swego rodzaju panteon, mieszcz\u0105cy szcz\u0105tki Ukrai\u0144c\u00f3w, kt\u00f3rych uznano za zas\u0142u\u017conych dla sprawy niepodleg\u0142o\u015bci Ukrainy. Opr\u00f3cz dzia\u0142aczy walcz\u0105cych w latach 1918-1919 oraz poleg\u0142ych na Majdanie i w wojnie w Donbasie, z\u0142o\u017cono tam szcz\u0105tki ukrai\u0144skich nacjonalist\u00f3w z OUN aktywnych m.in. w latach II wojny \u015bwiatowej (m.in. Lwa Rebeta, Darii Rebet, Petra Du\u017cego czy Kataryny Zary\u0107kiej &#8211; s\u0105dzonej w II RP razem ze Stepanem Bander\u0105, kt\u00f3ra by\u0142a potem \u0142\u0105czniczk\u0105 dow\u00f3dcy UPA Romana Szuchewycza), jak r\u00f3wnie\u017c co najmniej jednego wysokiego rang\u0105 funkcjonariusza s\u0142yn\u0105cej z okrucie\u0144stwa SB OUN &#8211; Jewhena Pryszlaka.<\/p>\r\n<p>Zwr\u00f3cili\u015bmy r\u00f3wnie\u017c uwag\u0119, \u017ce polski wieniec zosta\u0142 z\u0142o\u017cony przy pierwszym rz\u0119dzie ca\u0142ej kwatery-panteonu, a nie przy osobnych kwaterach. Ponadto, ca\u0142a uroczysto\u015b\u0107 przepe\u0142niona by\u0142a symbolik\u0105 banderowsk\u0105, czego szczeg\u00f3lnym obrazem by\u0142y wyra\u017anie widoczne flagi czerwono-czarne flagi. Ponowili\u015bmy wcze\u015bniejsze zapytania i poprosili o odpowied\u017a, dlaczego polska dyplomacja wyrazi\u0142a zgod\u0119 na udzia\u0142 polskiej delegacji w tego rodzaju uroczysto\u015bci, kt\u00f3rej oprawa i spos\u00f3b honorowania pochowanych wzbudzaj\u0105 uzasadnione w\u0105tpliwo\u015bci, a wr\u0119cz kontrowersje.<\/p>\r\n<p>W otrzymanej we wtorek rano odpowiedzi MSZ potwierdza, \u017ce w uroczysto\u015bciach bra\u0142a udzia\u0142 p.o. konsula generalnego Katarzyna So\u0142ek:<\/p>\r\n<p>\u201e(\u2026) w obchodach dnia niepodleg\u0142o\u015bci w pa\u0144stwie przyjmuj\u0105cym, Polsk\u0119 reprezentuje kierownik polskiej plac\u00f3wki. Tak by\u0142o i tym razem we Lwowie\u201d.<\/p>\r\n<p>MSZ o\u015bwiadczy\u0142 zarazem, \u017ce by\u0142 to dla polskich dyplomat\u00f3w \u201eprotokolarny obowi\u0105zek\u201d, podkre\u015blaj\u0105c, \u017ce \u201enegatywny stosunek Ministerstwa Spraw Zagranicznych RP do gloryfikacji OUN-UPA na Ukrainie by\u0142 wielokrotnie publicznie prezentowany\u201d.<\/p>\r\n<p>\u201eUdzia\u0142 pracownik\u00f3w Konsulatu Generalnego we Lwowie w uroczysto\u015bciach 24 sierpnia, kt\u00f3ry by\u0142 protokolarnym obowi\u0105zkiem, tego stanowiska w \u017caden spos\u00f3b nie podwa\u017cy\u0142\u201d &#8211; o\u015bwiadcza rzecznik MSZ.<\/p>\r\n<p>Przypomnijmy, \u017ce w zwi\u0105zku z honorowaniem tego miejsca przez przedstawicieli polskich w\u0142adz (wed\u0142ug naszej wiedzy takie przypadki mia\u0142y miejsce ju\u017c wcze\u015bniej), cz\u0142onek redakcji Kres\u00f3w.pl w sierpniu 2018 roku sprawdzi\u0142 tzw. pole honorowych poch\u00f3wk\u00f3w. Z poczynionych w\u00f3wczas ustale\u0144 wynika, \u017ce nagrobki cz\u0142onk\u00f3w OUN-UPA znajduj\u0105 si\u0119 w \u015brodku kwatery, podczas gdy w pierwszym rz\u0119dzie (od wej\u015bcia cmentarza) znajduj\u0105 si\u0119 groby dzia\u0142aczy z lat 1918-1919. Ostatni rz\u0105d to groby poleg\u0142ych na Majdanie i w Donbasie. Z fotografii opublikowanych w sieci wynika, \u017ce wieniec od konsulatu RP we Lwowie zosta\u0142 z\u0142o\u017cony przy rz\u0119dzie pierwszym, w pobli\u017cu grobu Romana Daszkewycza, pu\u0142kownika armii Ukrai\u0144skiej Republiki Ludowej. Jednak zaledwie kilka metr\u00f3w dalej znajduj\u0105 si\u0119 groby cz\u0142onk\u00f3w OUN-UPA, w tym Jewhena Pryszlaka.<\/p>\r\n<p>Nale\u017cy doda\u0107, \u017ce w najbli\u017cszym otoczeniu pola honorowych poch\u00f3wk\u00f3w stoi obelisk ku czci odpowiedzialnego za ludob\u00f3jstwo Polak\u00f3w, g\u0142\u00f3wnodowodz\u0105cego UPA Romana Szuchewycza. Wydaje si\u0119, \u017ce miejsce to urz\u0105dzono specjalnie w taki spos\u00f3b, by pod pozorem honorowania ukrai\u0144skich dzia\u0142aczy z lat 1918-1919 oraz poleg\u0142ych na Majdanie i w Donbasie, de facto dochodzi\u0142o do oddawania czci tak\u017ce nacjonalistom z OUN-UPA.<\/p>\r\n<p>\u201eJe\u017celi na tej kwaterze le\u017cy cho\u0107 jeden ludob\u00f3jca z UPA, to \u017cadnego wie\u0144ca w\u0142adz III RP nie powinno tam by\u0107!\u201d &#8211; pisa\u0142 na Twitterze ks. Tadeusz Isakowicz-Zaleski. W rozmowie z naszym portalem zwr\u00f3ci\u0142 uwag\u0119, \u017ce delegacja polskiego konsulatu by\u0142a jedyn\u0105 oficjaln\u0105 zagraniczn\u0105 delegacj\u0105, kt\u00f3ra z\u0142o\u017cy\u0142a wieniec na ukrai\u0144skim panteonie. \u201eZasadnicze pytanie brzmi, dlaczego Polska ma sk\u0142ada\u0107 te wie\u0144ce. Ja nie widzia\u0142em, \u017ceby by\u0142y tam delegacje innych pa\u0144stw i narod\u00f3w\u201d &#8211; m\u00f3wi\u0142 duchowny. \u201eJest to oczywi\u015bcie \u015bwi\u0119to niepodleg\u0142o\u015bci Ukrainy, ale mo\u017cna to by\u0142o z\u0142o\u017cy\u0107 w innym miejscu, kt\u00f3re jest neutralne\u201d &#8211; dodawa\u0142 duszpasterz Kresowian.<\/p>\r\n<p>W czerwcu 2018 roku <a href=\"https:\/\/kresy.pl\/wydarzenia\/regiony\/ukraina\/we-lwowie-odslonieto-tablice-ku-czci-jacka-kuronia-foto\/\">\u201epanteon\u201d odwiedzi\u0142 goszcz\u0105cy we Lwowie wicemarsza\u0142ek Senatu Bogdan Borusewicz<\/a>. Towarzyszyli mu m.in. Piotr Tyma, Danuta Kuro\u0144, Izabela Chru\u015bli\u0144ska i Agnieszka Wi\u015bniewska.<\/p>\r\n<ul>\r\n\t<li>Przeczytaj: <a href=\"https:\/\/kresy.pl\/wydarzenia\/regiony\/ukraina\/polscy-dyplomaci-ze-lwowa-zlozyli-wience-przy-grobach-czlonkow-oun-upa-foto-video\/\">Polscy dyplomaci ze Lwowa z\u0142o\u017cyli wie\u0144ce przy grobach cz\u0142onk\u00f3w OUN-UPA [+FOTO\/+VIDEO] <\/a><\/li>\r\n<\/ul>\r\n<p>Kresy.pl<\/p>\r\n<blockquote>\r\n<p>[<strong>Wybrane wypowiedzi internaut\u00f3w pod w\/w tekstem na stronie \u017ar\u00f3d\u0142owej:<\/strong>]<\/p>\r\n<p><em>Wolyn1943<\/em>:<br>\r\nNie wymagam od Ukrai\u0144c\u00f3w, by sk\u0142adali kwiaty na Cmentarzu Obro\u0144c\u00f3w Lwowa. Rozumiem, \u017ce to mo\u017ce by\u0107 dla nich trudne, ale sk\u0142adanie wi\u0105zanki przez polskiego konsula we Lwowie na kwaterze groteskowego memoria\u0142u, kt\u00f3ry powsta\u0142 tylko po to, by przy\u0107mi\u0107 Cmentarz Obro\u0144c\u00f3w Lwowa, gdzie w dodatku spoczywaj\u0105 zbrodniarze z OUN-UPA, to rzeczywi\u015bcie skandal i kompletny brak wyczucia. Bredzenie o obowi\u0105zku protok\u00f3larnym, kt\u00f3ry jako\u015b nie dotyczy innych przedstawicielstw dyplomatycznych we Lwowie, jest poni\u017cej jakiegokolwiek poziomu!<\/p>\r\n<\/blockquote>","protected":false},"excerpt":{"rendered":"Udzia\u0142 p.o. Konsula Generalnego RP we Lwowie w uroczysto\u015bciach na Cmentarzu \u0141yczakowskim by\u0142 protokolarnym obowi\u0105zkiem, kt\u00f3ry w \u017caden spos\u00f3b nie podwa\u017cy\u0142 negatywnego stosunku MSZ do gloryfikacji OUN-UPA na Ukrainie &#8211; o\u015bwiadcza polskie MSZ w zwi\u0105zku ze z\u0142o\u017ceniem przez polskich dyplomat\u00f3w wie\u0144ca przy grobach cz\u0142onk\u00f3w OUN-UPA. Jak informowali\u015bmy, podczas Dnia Niepodleg\u0142o\u015bci Ukrainy 24 sierpnia, przedstawiciele Konsulatu [&hellip;]","protected":false},"author":1,"featured_media":0,"comment_status":"closed","ping_status":"closed","sticky":false,"template":"","format":"standard","meta":{"_acf_changed":false,"_monsterinsights_skip_tracking":false,"_monsterinsights_sitenote_active":false,"_monsterinsights_sitenote_note":"","_monsterinsights_sitenote_category":0,"ngg_post_thumbnail":0,"footnotes":"","_wp_rev_ctl_limit":""},"categories":[8],"tags":[188,167,17],"acf":[],"_links":{"self":[{"href":"https:\/\/www.bibula.com\/index.php?rest_route=\/wp\/v2\/posts\/109632"}],"collection":[{"href":"https:\/\/www.bibula.com\/index.php?rest_route=\/wp\/v2\/posts"}],"about":[{"href":"https:\/\/www.bibula.com\/index.php?rest_route=\/wp\/v2\/types\/post"}],"author":[{"embeddable":true,"href":"https:\/\/www.bibula.com\/index.php?rest_route=\/wp\/v2\/users\/1"}],"replies":[{"embeddable":true,"href":"https:\/\/www.bibula.com\/index.php?rest_route=%2Fwp%2Fv2%2Fcomments&post=109632"}],"version-history":[{"count":0,"href":"https:\/\/www.bibula.com\/index.php?rest_route=\/wp\/v2\/posts\/109632\/revisions"}],"wp:attachment":[{"href":"https:\/\/www.bibula.com\/index.php?rest_route=%2Fwp%2Fv2%2Fmedia&parent=109632"}],"wp:term":[{"taxonomy":"category","embeddable":true,"href":"https:\/\/www.bibula.com\/index.php?rest_route=%2Fwp%2Fv2%2Fcategories&post=109632"},{"taxonomy":"post_tag","embeddable":true,"href":"https:\/\/www.bibula.com\/index.php?rest_route=%2Fwp%2Fv2%2Ftags&post=109632"}],"curies":[{"name":"wp","href":"https:\/\/api.w.org\/{rel}","templated":true}]}}