{"id":109400,"date":"2019-08-22T10:36:24","date_gmt":"2019-08-22T14:36:24","guid":{"rendered":"http:\/\/www.bibula.com\/?p=109400"},"modified":"2019-08-24T10:01:30","modified_gmt":"2019-08-24T14:01:30","slug":"porazajace-slowa-generala-jezuitow-jego-zdaniem-diabel-to-rzeczywistosc-symboliczna","status":"publish","type":"post","link":"https:\/\/www.bibula.com\/?p=109400","title":{"rendered":"Pora\u017caj\u0105ce s\u0142owa genera\u0142a jezuit\u00f3w. Jego zdaniem diabe\u0142 to rzeczywisto\u015b\u0107 symboliczna"},"content":{"rendered":"<p><strong>Prze\u0142o\u017cony generalny jezuit\u00f3w ojciec Arturo Sosa powiedzia\u0142 w \u015brodowym wywiadzie z \u201eIl Tempi\u201d, \u017ce szatan to jedynie rzeczywisto\u015b\u0107 symboliczna, a nie konkretna osoba. To ju\u017c kolejna wypowied\u017a \u201eczarnego papie\u017ca\u201d trudna do pogodzenia z nauk\u0105 Ko\u015bcio\u0142a.<\/strong><\/p>\r\n<p>Wed\u0142ug ojca Sosy z\u0142y duch, to symbol z\u0142a istniej\u0105cego w r\u00f3\u017cnych strukturach. Nie jest jednak osob\u0105 jak cz\u0142owiek lecz sposobem manifestacji z\u0142a w ludzkim \u017cycia. Duchowny stwierdzi\u0142, \u017ce szatan istnieje na wiele sposob\u00f3w, jednak jako rzeczywisto\u015b\u0107 symboliczna. Chodzi o pokazanie rzeczywisto\u015bci walki dobra ze z\u0142em, stale obecnej w ludzkim sumieniu &#8211; stwierdzi\u0142 w wywiadzie dla w\u0142oskiego <em>Tempi<\/em>.<\/p>\r\n<p>&#8211; <em>Diabe\u0142 istnieje jako personifikacja z\u0142a w r\u00f3\u017cnych strukturach, ale nie osobowo, bo on nie jest osob\u0105, jest drog\u0105 dzia\u0142ania z\u0142a. On nie jest osob\u0105 tak jak osob\u0105 jest cz\u0142owiek. Jest drog\u0105, w jak\u0105 z\u0142o jest obecne w ludzkim&nbsp;<\/em><em>\u017cyciu<\/em> &#8211; oznajmi\u0142.&nbsp;<\/p>\r\n<p>Duchowny powo\u0142a\u0142 si\u0119 na sformu\u0142owanie \u015bwi\u0119tego Ignacego o duchu prowadz\u0105cym do czyn\u00f3w sprzecznych z Bogiem. Jednak wed\u0142ug genera\u0142a jezuit\u00f3w chodzi tu o z\u0142o obecne w ludzkim \u017cyciu, uosobione w r\u00f3\u017cnych strukturach.<\/p>\r\n<p>Podobnych wypowiedzi genera\u0142 jezuit\u00f3w udziela\u0142 w przesz\u0142o\u015bci. Na przyk\u0142ad w 2017 roku powiedzia\u0142 w rozmowie z El Mundo,&nbsp; \u017ce&nbsp; rzeczywisto\u015bci symboliczne wyra\u017caj\u0105 z\u0142o. S\u0142owa te wywo\u0142a\u0142y kontrowersje. W efekcie rzecznik genera\u0142a podkre\u015bli\u0142, \u017ce duchowny wyra\u017ca wy\u0142\u0105cznie nauk\u0119 Ko\u015bcio\u0142a.<\/p>\r\n<p>Twierdzenie to w \u015bwietle obydwu wypowiedzi jezuickiego genera\u0142a budzi w\u0105tpliwo\u015bci. Nauczanie Ko\u015bcio\u0142a m\u00f3wi o Z\u0142ym, jako o konkretnej osobie.&nbsp;<\/p>\r\n<p>Jak czytamy w Katechizmie \u201edo wyboru niepos\u0142usze\u0144stwa sk\u0142oni\u0142 naszych pierwszych rodzic\u00f3w uwodzicielski g\u0142os przeciwstawiaj\u0105cy si\u0119 Bogu. Ten g\u0142os przez zazdro\u015b\u0107 sprowadza na nich \u015bmier\u0107. Pismo \u015bwi\u0119te i Tradycja Ko\u015bcio\u0142a widz\u0105 w tej istocie upad\u0142ego anio\u0142a, nazywanego Szatanem lub diab\u0142em. Ko\u015bci\u00f3\u0142 naucza, \u017ce by\u0142 on najpierw dobrym anio\u0142em stworzonym przez Boga:&nbsp;Diabe\u0142 bowiem i inne z\u0142e duchy zosta\u0142y stworzone przez Boga jako dobre z natury, ale same uczyni\u0142y si\u0119 z\u0142ym\u201d.<\/p>\r\n<p>Z kolei w 2018 roku komentuj\u0105c s\u0142owa prefekta Kongregacji Nauki Wiary kardyna\u0142a Gerharda M\u00fcllera o nierozerwalno\u015bci ma\u0142\u017ce\u0144stwa, o. Sosa wezwa\u0142 do umieszczenia s\u0142\u00f3w Pana Jezusa w konkretnym kontek\u015bcie historycznym. Doda\u0142, \u017ce w czasach Pana Jezusa nie by\u0142o dyktafonu pozwalaj\u0105cego nagra\u0107 Jego s\u0142owa.<\/p>\r\n<p>Nie nam os\u0105dza\u0107 czy jezuita popad\u0142 w herezj\u0119. Warto jednak zauwa\u017cy\u0107, \u017ce pod pewnymi wzgl\u0119dami s\u0142owa o. Sosiego wydaj\u0105 si\u0119 podobne do b\u0142\u0119dnych tez modernist\u00f3w, z ich naciskiem na symbolizm czy ewolucj\u0119 zasad wiary. &nbsp;<\/p>\r\n<p>W trudnych czasach kryzysu dotykaj\u0105cego wielu ludzi Ko\u015bcio\u0142a pami\u0119tajmy, \u017ce tego typu trudno\u015bci mia\u0142y miejsce ju\u017c wcze\u015bniej. Wystarczy wspomnie\u0107 kryzys aria\u0144ski czy schizm\u0119 zachodni\u0105. Za ka\u017cdym razem jednak Ko\u015bci\u00f3\u0142 \u015bwi\u0119ty wychodzi\u0142 z nich obronn\u0105 r\u0119k\u0105. Wszak zgodnie z obietnic\u0105 Chrystusa Pana, bramy piekielne go \u201enie przemog\u0105\u201d.<\/p>\r\n<p>\u0179r\u00f3d\u0142a: catholicnewsagency.com\/tempi.it&nbsp;<\/p>\r\n<p>mjend<\/p>\r\n<blockquote>\r\n<p>[<strong>Wybrane wypowiedzi internaut\u00f3w pod w\/w tekstem na stronie \u017ar\u00f3d\u0142owej:<\/strong>]<\/p>\r\n<p>Czyli w aniol\u00f3w tez nie wierzy,ciekawe jak mizna tak zyc i to jako kaplan<br>\r\n<em>Rm<\/em><br>\r\n<br>\r\n@ Zakony Jezuit\u00f3w i Dominikan\u00f3w powinny zosta\u0107 rozwi\u0105zane.<br>\r\n<em>Jasiu PUKWATERE<\/em><br>\r\n<br>\r\nSkoro w dokumentach przygotowawczych do Synodu Amazo\u0144skiego g\u0142osi si\u0119 panteizm, to nic dziwnego, \u017ce odbiera si\u0119 r\u00f3wnie\u017c konkretn\u0105 bytowo\u015b\u0107 szatanowi.<br>\r\n<em>M.<\/em><br>\r\n<br>\r\nTu nie ma miejsca na rozwa\u017cania, czy to herezja, czy nie. Twierdzenia o.Sosy zaprzeczaj\u0105 jawnie i bezpo\u015brednio nauce zawartej w Katechizmie KK, konkretnie paragrafom 391 -395 oraz 414. Brak reakcji Watykanu b\u0119dzie tylko potwierdzeniem, jakiego zam\u0119tu doczekali\u015bmy.<br>\r\n<em>Ruben<\/em><br>\r\n<br>\r\nJak nie ma z\u0142a osobowego to i nie ma miejsca, w kt\u00f3rym z\u0142o osobowe kr\u00f3luje, czyli nie ma piek\u0142a. Przy braku piek\u0142a nie ma si\u0119 czego ba\u0107, zw\u0142aszcza, \u017ce mi\u0142osierdzie Pana Boga wg jezuity jest dla wszystkich i w ka\u017cdym czasie. W skr\u00f3cie : hulaj dusza piek\u0142a nie ma. Brawa dla czarnego papie\u017ca za tak dog\u0142\u0119bne odczytanie rzeczywisto\u015bci.. A co wtedy, je\u017celi genera\u0142 jest w b\u0142\u0119dzie ? ..<br>\r\n<em>Kefas<\/em><br>\r\n<br>\r\nPrze\u0142o\u017conym zakon\u00f3w jest papie\u017c Franciszek. Te\u017c jezuita.<br>\r\n<em>oj tam<\/em><br>\r\n<br>\r\nSkoro nie ma szatana, to i nie ma piek\u0142a, nie ma op\u0119ta\u0144, nie ma pot\u0119pienia. A skoro tak, to i nie ma Zbawienia! Misji Pana Jezusa nikt nie sfilmowa\u0142 itd. Ten facet, po prostu nie wierzy, tylko wyznaje pewn\u0105 ideologi\u0119, kt\u00f3r\u0105 chce zast\u0105pi\u0107 katolick\u0105 doktryn\u0119. My\u015bl\u0119, \u017ce jest to ju\u017c od wielu lat misja zakonu, kt\u00f3rego jest genera\u0142em.<br>\r\n<em>Ireneusz<\/em><br>\r\n<br>\r\n<\/p>\r\n<\/blockquote>\r\n<p class=\"zrodlo\">Za: <a href=\"https:\/\/www.pch24.pl\/porazajace-slowa-generala-jezuitow--jego-zdaniem-diabel-to-rzeczywistosc-symboliczna,70320,i.html\">PoloniaChristiana &#8211; pch24.pl (2019-08-22)<\/a><\/p>\r\n<h4>&nbsp;<\/h4>\r\n<hr style=\"background-color: #000000; border-width: 0; color: #000000; height: 2px; line-height: 0; text-align: center; width: 100%;\">\r\n<h2>&nbsp;<\/h2>\r\n<h2>Egzorcy\u015bci odpowiadaj\u0105 genera\u0142owi jezuit\u00f3w: realne istnienie diab\u0142a to prawda wiary<\/h2>\r\n<p><strong>Rzeczywiste istnienie diab\u0142a jako bytu osobowego, kt\u00f3ry my\u015bli i dzia\u0142a, i kt\u00f3ry dokona\u0142 wyboru, buntuj\u0105c si\u0119 przeciw Bogu, jest prawd\u0105 wiary, kt\u00f3ra od zawsze nale\u017ca\u0142a do doktryny chrze\u015bcija\u0144skiej &#8211; przypomina Mi\u0119dzynarodowe Stowarzyszenie Egzorcyst\u00f3w. <\/strong><\/p>\r\n<p>To odpowied\u017a na skandaliczne s\u0142owa genera\u0142a Towarzystwa Jezusowego ks. Arturo Sosy, kt\u00f3ry zaprzeczy\u0142, jakoby istnia\u0142o osobowe z\u0142o. Stwierdzi\u0142, \u017ce szatana to \u201erzeczywisto\u015b\u0107 symboliczna\u201d.<\/p>\r\n<p>W wydanej wczoraj deklaracji egzorcy\u015bci przypominaj\u0105 o realnym istnienia diab\u0142a, kt\u00f3re kwestionowa\u0142 ks. Arturo Sosa, cytowany przez liczne media.<\/p>\r\n<p>Odwo\u0142uj\u0105c si\u0119 do magisterium Soboru Latera\u0144skiego IV, a tak\u017ce nauczania Paw\u0142a VI i Papie\u017ca Franciszka, egzorcy\u015bci przypominaj\u0105, \u017ce Ko\u015bci\u00f3\u0142 opieraj\u0105c si\u0119 na Pi\u015bmie \u015awi\u0119tym i Tradycji Apostolskiej oficjalnie naucza, \u017ce demon jest stworzeniem i bytem osobowym, przestrzegaj\u0105c przed tymi, kt\u00f3rzy uwa\u017caj\u0105 go jedynie za symbol.<\/p>\r\n<p>Tytu\u0142em przyk\u0142adu Mi\u0119dzynarodowe Stowarzyszenie Egzorcyst\u00f3w cytuje jednoznaczne s\u0142owa Franciszka o diable z adhortacji &#8222;Gaudete et exultate&#8221;: \u201eNie my\u015blmy, jakoby by\u0142 to jaki\u015b mit, wyobra\u017cenie, symbol, posta\u0107 czy poj\u0119cie. Takie oszustwo prowadzi nas do os\u0142abienia czujno\u015bci, do braku troski o siebie i do bycia bardziej nara\u017conymi\u201d.<\/p>\r\n<p>\u0179r\u00f3d\u0142o: KAI<\/p>\r\n<p>ged<\/p>\r\n<p class=\"zrodlo\">Za: <a href=\"https:\/\/www.pch24.pl\/porazajace-slowa-generala-jezuitow--jego-zdaniem-diabel-to-rzeczywistosc-symboliczna,70320,i.html\">PoloniaChristiana &#8211; pch24.pl (2019-08-24)<\/a><\/p>\r\n<h4>&nbsp;<\/h4>\r\n<hr style=\"background-color: #000000; border-width: 0; color: #000000; height: 2px; line-height: 0; text-align: center; width: 100%;\">\r\n<h4>&nbsp;<\/h4>","protected":false},"excerpt":{"rendered":"Prze\u0142o\u017cony generalny jezuit\u00f3w ojciec Arturo Sosa powiedzia\u0142 w \u015brodowym wywiadzie z \u201eIl Tempi\u201d, \u017ce szatan to jedynie rzeczywisto\u015b\u0107 symboliczna, a nie konkretna osoba. To ju\u017c kolejna wypowied\u017a \u201eczarnego papie\u017ca\u201d trudna do pogodzenia z nauk\u0105 Ko\u015bcio\u0142a. Wed\u0142ug ojca Sosy z\u0142y duch, to symbol z\u0142a istniej\u0105cego w r\u00f3\u017cnych strukturach. Nie jest jednak osob\u0105 jak cz\u0142owiek lecz sposobem [&hellip;]","protected":false},"author":1,"featured_media":0,"comment_status":"closed","ping_status":"closed","sticky":false,"template":"","format":"standard","meta":{"_acf_changed":false,"_monsterinsights_skip_tracking":false,"_monsterinsights_sitenote_active":false,"_monsterinsights_sitenote_note":"","_monsterinsights_sitenote_category":0,"ngg_post_thumbnail":0,"footnotes":"","_wp_rev_ctl_limit":""},"categories":[3],"tags":[238,39,33],"acf":[],"_links":{"self":[{"href":"https:\/\/www.bibula.com\/index.php?rest_route=\/wp\/v2\/posts\/109400"}],"collection":[{"href":"https:\/\/www.bibula.com\/index.php?rest_route=\/wp\/v2\/posts"}],"about":[{"href":"https:\/\/www.bibula.com\/index.php?rest_route=\/wp\/v2\/types\/post"}],"author":[{"embeddable":true,"href":"https:\/\/www.bibula.com\/index.php?rest_route=\/wp\/v2\/users\/1"}],"replies":[{"embeddable":true,"href":"https:\/\/www.bibula.com\/index.php?rest_route=%2Fwp%2Fv2%2Fcomments&post=109400"}],"version-history":[{"count":0,"href":"https:\/\/www.bibula.com\/index.php?rest_route=\/wp\/v2\/posts\/109400\/revisions"}],"wp:attachment":[{"href":"https:\/\/www.bibula.com\/index.php?rest_route=%2Fwp%2Fv2%2Fmedia&parent=109400"}],"wp:term":[{"taxonomy":"category","embeddable":true,"href":"https:\/\/www.bibula.com\/index.php?rest_route=%2Fwp%2Fv2%2Fcategories&post=109400"},{"taxonomy":"post_tag","embeddable":true,"href":"https:\/\/www.bibula.com\/index.php?rest_route=%2Fwp%2Fv2%2Ftags&post=109400"}],"curies":[{"name":"wp","href":"https:\/\/api.w.org\/{rel}","templated":true}]}}