{"id":109367,"date":"2019-08-20T10:16:48","date_gmt":"2019-08-20T14:16:48","guid":{"rendered":"http:\/\/www.bibula.com\/?p=109367"},"modified":"2019-08-20T10:16:48","modified_gmt":"2019-08-20T14:16:48","slug":"papiez-franciszek-oplakuje-lodowiec-na-islandii","status":"publish","type":"post","link":"https:\/\/www.bibula.com\/?p=109367","title":{"rendered":"Papie\u017c Franciszek op\u0142akuje lodowiec na Islandii"},"content":{"rendered":"<p><strong>Islandia zorganizowa\u0142a symboliczny pogrzeb lodowca Okj\u00f6kull. Do kondolencji do\u0142\u0105czy\u0142 nawet papie\u017c Franciszek, kt\u00f3ry wspar\u0142 islandzkie w\u0142adze w walce ze zmianami klimatycznymi. Nie wspomnia\u0142 jednak i nie pot\u0119pi\u0142 szalej\u0105cej na wyspie aborcji.<\/strong><\/p>\r\n<p>Lodowiec znany r\u00f3wnie\u017c jako \u201eOk\u201d pod koniec XIX wieku zajmowa\u0142 powierzchni\u0119 6,2 mil kwadratowych. W 2014 roku zajmowa\u0142 ju\u017c ledwie 0,3 mili, a naukowcy stwierdzili, \u017ce ju\u017c nie si\u0119 porusza i og\u0142osili jego \u015bmier\u0107.<\/p>\r\n<p>Teraz Islandia zorganizowa\u0142a symboliczny pogrzeb lodowca. W uroczysto\u015bci udzia\u0142 wzi\u0119li m.in. premier Islandii Katrin Jakobsdottir, minister \u015brodowiska Gudmundur Ingi Gudbrandsson i by\u0142a prezydent Irlandii Mary Robinson.<\/p>\r\n<p>Do wymar\u0142ego lodowca nawi\u0105za\u0142 nawet papie\u017c Franiszek, kt\u00f3ry w wywiadzie dla w\u0142oskiej \u201eLa Stampy\u201d ubolewa\u0142 nad tak\u0105 kolej\u0105 losu. &#8211; <em>Pewnego dnia przeczyta\u0142em o ogromnym lodowcu na Islandii, kt\u00f3ry prawie ca\u0142kowicie si\u0119 stopi\u0142. S\u0142usznie postawiono mu upami\u0119tniaj\u0105cy pomnik<\/em> &#8211; powiedzia\u0142 papie\u017c i doda\u0142, \u017ce konkretnie ta sytuacja sk\u0142oni\u0142a go do nawi\u0105zania do zmian klimatycznych w czwartym rozdziale encykliki Laudato si\u2019.<\/p>\r\n<p>Na Islandii znikaj\u0105 jednak nie tylko lodowce, ale r\u00f3wnie\u017c dzieci z zespo\u0142em Downa. W praktyce wygl\u0105da to tak, \u017ce na dzieciach, u kt\u00f3rych w trakcie ci\u0105\u017cy wykryto chorob\u0119, dokonuje si\u0119 aborcji.<\/p>\r\n<p>W 2009 roku oficjalnie na Islandii urodzi\u0142a si\u0119 tylko tr\u00f3jka dzieci z zespo\u0142em Downa. W 2017 roku podano do wiadomo\u015bci publicznej, \u017ce od pi\u0119ciu lat na wyspie nie urodzi\u0142o si\u0119 \u017cadne dziecko z trisomi\u0105.<\/p>\r\n<p>&#8211; <em>Nie postrzegamy aborcji jako morderstwa. Patrzymy na to na rzecz, kt\u00f3r\u0105 po prostu zako\u0144czyli\u015bmy<\/em> &#8211; powiedzia\u0142a Helga Sol Olafsdottir, dyrektor jednego ze szpitali. &#8211; <em>W zasadzie wyeliminowali\u015bmy zesp\u00f3\u0142 Downa z naszego spo\u0142ecze\u0144stwa. Na Islandii praktycznie nigdzie nie ma dziecka z zespo\u0142em Downa<\/em> &#8211; cieszy\u0142 si\u0119 Kari Stefansson, islandzki genetyk.<\/p>\r\n<p>\u0179r\u00f3d\u0142o: lifesitenews.com\/nczas.com<\/p>","protected":false},"excerpt":{"rendered":"Islandia zorganizowa\u0142a symboliczny pogrzeb lodowca Okj\u00f6kull. Do kondolencji do\u0142\u0105czy\u0142 nawet papie\u017c Franciszek, kt\u00f3ry wspar\u0142 islandzkie w\u0142adze w walce ze zmianami klimatycznymi. Nie wspomnia\u0142 jednak i nie pot\u0119pi\u0142 szalej\u0105cej na wyspie aborcji. Lodowiec znany r\u00f3wnie\u017c jako \u201eOk\u201d pod koniec XIX wieku zajmowa\u0142 powierzchni\u0119 6,2 mil kwadratowych. W 2014 roku zajmowa\u0142 ju\u017c ledwie 0,3 mili, a naukowcy [&hellip;]","protected":false},"author":1,"featured_media":0,"comment_status":"closed","ping_status":"closed","sticky":false,"template":"","format":"standard","meta":{"_acf_changed":false,"_monsterinsights_skip_tracking":false,"_monsterinsights_sitenote_active":false,"_monsterinsights_sitenote_note":"","_monsterinsights_sitenote_category":0,"ngg_post_thumbnail":0,"footnotes":"","_wp_rev_ctl_limit":""},"categories":[3],"tags":[94,414,301,311,20,33],"acf":[],"_links":{"self":[{"href":"https:\/\/www.bibula.com\/index.php?rest_route=\/wp\/v2\/posts\/109367"}],"collection":[{"href":"https:\/\/www.bibula.com\/index.php?rest_route=\/wp\/v2\/posts"}],"about":[{"href":"https:\/\/www.bibula.com\/index.php?rest_route=\/wp\/v2\/types\/post"}],"author":[{"embeddable":true,"href":"https:\/\/www.bibula.com\/index.php?rest_route=\/wp\/v2\/users\/1"}],"replies":[{"embeddable":true,"href":"https:\/\/www.bibula.com\/index.php?rest_route=%2Fwp%2Fv2%2Fcomments&post=109367"}],"version-history":[{"count":0,"href":"https:\/\/www.bibula.com\/index.php?rest_route=\/wp\/v2\/posts\/109367\/revisions"}],"wp:attachment":[{"href":"https:\/\/www.bibula.com\/index.php?rest_route=%2Fwp%2Fv2%2Fmedia&parent=109367"}],"wp:term":[{"taxonomy":"category","embeddable":true,"href":"https:\/\/www.bibula.com\/index.php?rest_route=%2Fwp%2Fv2%2Fcategories&post=109367"},{"taxonomy":"post_tag","embeddable":true,"href":"https:\/\/www.bibula.com\/index.php?rest_route=%2Fwp%2Fv2%2Ftags&post=109367"}],"curies":[{"name":"wp","href":"https:\/\/api.w.org\/{rel}","templated":true}]}}