{"id":109359,"date":"2019-08-20T09:34:58","date_gmt":"2019-08-20T13:34:58","guid":{"rendered":"http:\/\/www.bibula.com\/?p=109359"},"modified":"2020-10-19T14:02:03","modified_gmt":"2020-10-19T18:02:03","slug":"wicemarszalek-sejmu-rp-malgorzata-gosiewska-pis-straszy-ks-isakowicza-zaleskiego-sadem","status":"publish","type":"post","link":"https:\/\/www.bibula.com\/?p=109359","title":{"rendered":"Wicemarsza\u0142ek Sejmu RP Ma\u0142gorzata Gosiewska (PiS) straszy ks. Isakowicza-Zaleskiego s\u0105dem"},"content":{"rendered":"<p>Dosta\u0142em wczoraj pismo z kancelarii adwokackiej z Warszawy, w kt\u00f3ry p. wicemarsza\u0142ek Sejmu RP Ma\u0142gorzata Gosiewska PiS straszy mnie s\u0105dem za krytyk\u0119 jej dzia\u0142a\u0144, czy raczej braku dzia\u0142a\u0144, w sprawie prawdy i pami\u0119ci o ofiarach ukrai\u0144skiego ludob\u00f3jstwa Polak\u00f3w na Kresach Wschodnich II RP. Posz\u0142o tak\u017ce o moj\u0105 opini\u0119 o jej zwi\u0105zkach z banderowcami np. z batalionu Ajdar (zdj\u0119cie poni\u017cej), a tak\u017ce o krytyk\u0119 obozu w\u0142adzy za brak poch\u00f3wku owych ofiar. Konkretnie chodzi o <a href=\"http:\/\/isakowicz.pl\/hipokryzja-i-zaklamanie-polityczki-malgorzaty-gosiewskiej\/\"><span style=\"text-decoration: underline;\">wpis na moim prywatnym blogu<\/span><\/a><\/p>\r\n<p>Gdyby p. Gosiewska zwr\u00f3ci\u0142a do mnie jak cz\u0142owiek do cz\u0142owieka i chcia\u0142a w normalny spos\u00f3b, czyli poprzez dialog, wyja\u015bni\u0107 w\u0105tpliwo\u015bci, to z pewno\u015bci\u0105 wys\u0142ucha\u0142bym jej i stara\u0142 si\u0119 rozwi\u0105za\u0107 zaistnia\u0142y problem. Je\u017celi jednak jako Wicemarsza\u0142ek Sejmu Najja\u015bniejszej Rzeczypospolitej i Pose\u0142 Prawa i Sprawiedliwo\u015bci, wykorzystuj\u0105c swoj\u0105 pozycj\u0119 polityczn\u0105, straszy mnie, zwyk\u0142ego obywatela, s\u0105dem, to o\u015bwiadczam, \u017ce na rozpraw\u0119 s\u0105dow\u0105 ch\u0119tnie przystan\u0119. Mam nadziej\u0119, \u017ce b\u0119dzie ona jawna. Tym bardziej, \u017ce rozpocz\u0119\u0142a si\u0119 kampania wyborcza i elektorat w Warszawie, gdzie p. Gosiewska ponownie ubiega si\u0119 o mandat poselski (z miejsca trzeciego listy PIS), ma prawo oceni\u0107 i rozliczy\u0107 dzia\u0142alno\u015b\u0107, w tym te\u017c zaniechania, tak wa\u017cnej cz\u0142onkini establishmentu politycznego.<\/p>\r\n<p>Dodam, \u017ce gro\u017aby p. Wicemarsza\u0142ek przyjmuj\u0119 jako odwet za moj\u0105 krytyk\u0119 polskich i ukrai\u0144skich w\u0142adz, kt\u00f3r\u0105 to krytyk\u0119 wyrazi\u0142em publicznie w dniu 11 lipca 2019 r., przemawiaj\u0105c w imieniu Rodzin Ofiar Ludob\u00f3jstwa. Przyjmuj\u0119 to tak\u017ce jako pr\u00f3b\u0119 kneblowania.<\/p>\r\n<p><strong><em>Ks. Tadeusz Isakowicz-Zaleski<\/em><\/strong><\/p>\r\n<p><img fetchpriority=\"high\" decoding=\"async\" class=\" wp-image-20745 aligncenter\" src=\"http:\/\/isakowicz.pl\/wp-content\/uploads\/2019\/08\/Gosiewska-298x300.jpg\" sizes=\"(max-width: 298px) 100vw, 298px\" srcset=\"http:\/\/isakowicz.pl\/wp-content\/uploads\/2019\/08\/Gosiewska-298x300.jpg 298w, http:\/\/isakowicz.pl\/wp-content\/uploads\/2019\/08\/Gosiewska-150x150.jpg 150w, http:\/\/isakowicz.pl\/wp-content\/uploads\/2019\/08\/Gosiewska.jpg 469w\" alt=\"\" width=\"589\" height=\"593\"><\/p>\r\n<p>[Na zdj\u0119ciu: Ma\u0142gorzata Gosiewska w\u015br\u00f3d banderowc\u00f3w <span data-offset-key=\"7cngk-0-0\">z batalionu Ajdar]<\/span><\/p>\r\n<p class=\"zrodlo\">Za: <a href=\"http:\/\/isakowicz.pl\/wicemarszalek-sejmu-rp-malgorzata-gosiewska-pis-straszy-mnie-sadem\/\">isakowicz.pl (20 sierpnia 2019)<\/a> &#8211; [Org. tytu\u0142: \u00ab |Wicemarsza\u0142ek Sejmu RP Ma\u0142gorzata Gosiewska (PiS) straszy mnie s\u0105dem\u00bb]<\/p>\r\n<h4>&nbsp;<\/h4>\r\n<hr style=\"background-color: #000000; border-width: 0; color: #000000; height: 2px; line-height: 0; text-align: center; width: 100%;\">\r\n<h4>&nbsp;<\/h4>\r\n<h2>Wicemarszalek Gosiewska (PiS) straszy s\u0105dem ks. Isakowicza-Zaleskiego<\/h2>\r\n<p>Wicemarsza\u0142ek Sejmu z ramienia PiS Ma\u0142gorzata Gosiewska, znana z mocno proukrai\u0144skich pogl\u0105d\u00f3w, w tym m.in. publicznej obrony cz\u0142onk\u00f3w batalionu OUN, grozi ks. Tadeuszowi Isakowiczowi-Zaleskiemu s\u0105dem za to, \u017ce o\u015bmieli\u0142 si\u0119 krytycznie skomentowa\u0107 jej dzia\u0142ania.<\/p>\r\n<p>W poniedzia\u0142ek za po\u015brednictwem medi\u00f3w spo\u0142eczno\u015bciowych ks. Tadeusz Isakowicz-Zaleski poinformowa\u0142 o otrzymaniu pisma, w kt\u00f3rym nowa wicemarsza\u0142ek Sejmu z ramienia PiS, Ma\u0142gorzata Gosiewska, grozi mu wytoczeniem procesu s\u0105dowego za krytyczne komentowanie jej poczyna\u0144 w odniesieniu do Ukrainy i pami\u0119ci Polak\u00f3w pomordowanych na Kresach.<\/p>\r\n<ul>\r\n\t<li>Przeczytaj: <a href=\"https:\/\/kresy.pl\/wydarzenia\/polska\/odwiedzala-batalion-oun-zostala-nowym-wicemarszalkiem-sejmu\/\">Odwiedza\u0142a batalion OUN, zosta\u0142a nowym wicemarsza\u0142kiem Sejmu <\/a><\/li>\r\n<\/ul>\r\n<p>\u201eDosta\u0142em dzi\u015b pismo z kancelarii adwokackiej z Warszawy, w kt\u00f3ry[m] p. wicemarsza\u0142ek Sejmu RP Ma\u0142gorzata Gosiewska PiS straszy mnie s\u0105dem za krytyk\u0119 jej dzia\u0142a\u0144, czy raczej braku dzia\u0142a\u0144, w sprawie prawdy i pami\u0119ci o ofiarach ukrai\u0144skiego ludob\u00f3jstwa Polak\u00f3w na Kresach Wschodnich II RP.\u201d &#8211; napisa\u0142 duchowny. \u201e Posz\u0142o tak\u017ce o moj\u0105 opini\u0119 o jej zwi\u0105zkach z banderowcami np. z batalionu Ajdar (\u2026), a tak\u017ce o krytyk\u0119 obozu w\u0142adzy za brak poch\u00f3wku owych ofiar\u201d.<\/p>\r\n<ul>\r\n\t<li>PRZECZYTAJ: <a href=\"https:\/\/kresy.pl\/wydarzenia\/se-posel-malgorzata-gosiewska-pis-urzadzila-awanture-na-ukrainskim-lotnisku\/\">SE: pose\u0142 Ma\u0142gorzata Gosiewska (PiS) urz\u0105dzi\u0142a awantur\u0119 na ukrai\u0144skim lotnisku<\/a><\/li>\r\n<\/ul>\r\n<p>Ks. Isakowicz-Zaleski wyja\u015bni\u0142, \u017ce bezpo\u015brednim powodem takich dzia\u0142a\u0144 ze strony Gosiewskiej by\u0142 <a href=\"http:\/\/isakowicz.pl\/hipokryzja-i-zaklamanie-polityczki-malgorzaty-gosiewskiej\/?fbclid=IwAR2ZK-Fc959G2Vl52lHEMn0bTRE9p6yrjTzGc3eNZF8X4cXr4lGH0uZwZgg\" target=\"_blank\" rel=\"noopener noreferrer\">wpis na jego prywatnym blogu<\/a>. Skomentowa\u0142 w nim jej wyst\u0105pienie w sanktuarium maryjnym w Berdyczowie na Ukrainie sprzed miesi\u0105ca, gdy przemawiaj\u0105c od o\u0142tarza powiedzia\u0142a m.in.: \u201eJako przedstawiciele polskiego parlamentu musimy te\u017c zada\u0107 sobie pytanie: co Polska mo\u017ce jeszcze uczyni\u0107 dla tej ziemi i \u017cyj\u0105cych tu od wiek\u00f3w Polak\u00f3w i Ukrai\u0144c\u00f3w?\u201d. Komentuj\u0105c te s\u0142owa ksi\u0105dz napisa\u0142, \u017ce obecny rz\u0105d i parlament, podobnie jak i poprzednia koalicja, nie zrobi\u0142y w tej sprawie prawie nic, \u201ea sama Gosiewska, zwolenniczka sojuszu z ukrai\u0144skimi oligarchami i czcicielami UPA (vide: jej wizyta w banderowskich batalionach na Donbasie) nawet palcem w bucie nie kiwn\u0119\u0142a w sprawie godnego poch\u00f3wku ofiar ukrai\u0144skiego ludob\u00f3jstwa Polak\u00f3w na Kresach Wschodnich\u201d.<\/p>\r\n<p>Duchowny zaznaczy\u0142, \u017ce gdyby marsza\u0142ek Gosiewska zwr\u00f3ci\u0142a si\u0119 do niego \u201ei chcia\u0142a w normalny spos\u00f3b, czyli poprzez dialog, wyja\u015bni\u0107 w\u0105tpliwo\u015bci\u201d, to z pewno\u015bci\u0105 by jej wys\u0142ucha\u0142 i stara\u0142 si\u0119 rozwi\u0105za\u0107 problem.<\/p>\r\n<ul>\r\n\t<li>Przeczytaj tak\u017ce:&nbsp;<a href=\"https:\/\/kresy.pl\/wydarzenia\/ks-isakowicz-zaleski-pyta-komu-kibicuje-poslanka-gosiewska-w-meczu-polska-ukraina\/\">Ks. Isakowicz-Zaleski pyta: komu kibicuje pos\u0142anka Gosiewska w meczu Polska-Ukraina?<\/a><\/li>\r\n<\/ul>\r\n<p>\u201eJe\u017celi jednak jako Wicemarsza\u0142ek Sejmu Najja\u015bniejszej Rzeczypospolitej i Pose\u0142 Prawa i Sprawiedliwo\u015bci, wykorzystuj\u0105c swoj\u0105 pozycj\u0119 polityczn\u0105, straszy mnie, zwyk\u0142ego obywatela, s\u0105dem, to o\u015bwiadczam, \u017ce na rozpraw\u0119 s\u0105dow\u0105 ch\u0119tnie przystan\u0119. Mam nadziej\u0119, \u017ce b\u0119dzie ona jawna\u201d &#8211; napisa\u0142 w Facebooku ks. Isakowicz-Zaleski, zaznaczaj\u0105c, \u017ce rusza kampania wyborcza, a Gosiewska startuje do Sejmu z listy PiS. Doda\u0142 te\u017c, \u017ce gro\u017aby ze strony wicemarsza\u0142ek Sejmu przyjmuje \u201ejako odwet za moj\u0105 krytyk\u0119 polskich i ukrai\u0144skich w\u0142adz, kt\u00f3r\u0105 to krytyk\u0119 wyrazi\u0142em publicznie w dniu 11 lipca 2019 r., przemawiaj\u0105c w imieniu Rodzin Ofiar Ludob\u00f3jstwa. Przyjmuj\u0119 to tak\u017ce jako pr\u00f3b\u0119 kneblowania\u201d.<\/p>\r\n<p><iframe src=\"https:\/\/www.facebook.com\/plugins\/post.php?href=https%3A%2F%2Fwww.facebook.com%2Fpermalink.php%3Fstory_fbid%3D2378396922440757%26id%3D100008114164039&amp;width=500\" scrolling=\"no\" data-mce-fragment=\"1\" width=\"500\" height=\"710\" frameborder=\"0\"><\/iframe><\/p>\r\n<p><img decoding=\"async\" class=\"aligncenter wp-image-615720 \" src=\"https:\/\/kresy.pl\/wp-content\/uploads\/2019\/08\/Isakowicz-Gosiewska-728x366.jpg\" sizes=\"(max-width: 728px) 100vw, 728px\" srcset=\"https:\/\/kresy.pl\/wp-content\/uploads\/2019\/08\/Isakowicz-Gosiewska-728x366.jpg 728w, https:\/\/kresy.pl\/wp-content\/uploads\/2019\/08\/Isakowicz-Gosiewska-300x151.jpg 300w, https:\/\/kresy.pl\/wp-content\/uploads\/2019\/08\/Isakowicz-Gosiewska-768x386.jpg 768w, https:\/\/kresy.pl\/wp-content\/uploads\/2019\/08\/Isakowicz-Gosiewska-705x354.jpg 705w, https:\/\/kresy.pl\/wp-content\/uploads\/2019\/08\/Isakowicz-Gosiewska-450x226.jpg 450w, https:\/\/kresy.pl\/wp-content\/uploads\/2019\/08\/Isakowicz-Gosiewska.jpg 1307w\" alt=\"\" width=\"599\" height=\"301\"><\/p>\r\n<p>Przypomnijmy, \u017ce podczas tych uroczysto\u015bci kapelan \u015brodowisk kresowych, ksi\u0105dz Tadeusz Isakowicz-Zaleski, w swoim wyst\u0105pieniu zaznaczy\u0142, \u017ce \u015brodowisko rodzin ofiar ukrai\u0144skiego ludob\u00f3jstwa od lat upomina si\u0119 o prawd\u0119 i pami\u0119\u0107.<\/p>\r\n<p><em>&#8211; W ci\u0105gu lat s\u0142yszeli\u015bmy wiele obietnic &#8211;<\/em> m\u00f3wi\u0142 ksi\u0105dz. <em>&#8211; Pomimo sukces\u00f3w takich jak uchwa\u0142a Sejmu z 2016 roku, zasadnicza sprawa czyli poch\u00f3wek ofiar nie jest w \u017caden spos\u00f3b zrealizowany. Ostatnie poch\u00f3wki odby\u0142y si\u0119 osiem lat temu &#8211;<\/em> podkre\u015bli\u0142, dodaj\u0105c, \u017ce \u201eod tamtego czasu kolejne ekipy rz\u0105dowe i kolejne w\u0142adze parlamentarne nie zrobi\u0142y nic, aby ekshumowa\u0107 te ofiary, pochowa\u0107 tak, jak nakazuje tradycja chrze\u015bcija\u0144ska i europejska\u201d.<\/p>\r\n<p>&#8211; Wsparcie dla Ukrainy jest bezkrytyczne, niczego od tego pa\u0144stwa si\u0119 nie wymaga &#8211; ani pochowania ofiar, ani przerwania kultu ludob\u00f3jc\u00f3w &#8211; zaznaczy\u0142 ks. Isakowicz-Zaleski. &#8211; Je\u017celi prezydent domaga si\u0119 od Trybuna\u0142u Konstytucyjnego, <a href=\"https:\/\/kresy.pl\/wydarzenia\/polska\/pilne-tk-uchylil-przepisy-ustawy-o-ipn-o-zbrodniach-ukrainskich-nacjonalistow\/\">\u017ceby usun\u0105\u0142 [ z Ustawy o IPN &#8211; red.] s\u0142owa, kt\u00f3re s\u0105 tutaj wypisane, czyli \u201enacjonali\u015bci ukrai\u0144scy\u201d i \u201eMa\u0142opolska Wschodnia\u201d<\/a>, to w czyim interesie jest to usuni\u0119cie z ustawy? Prawda historyczna nie mo\u017ce by\u0107 usuwana z ustaw &#8211; podkre\u015bli\u0142 ksi\u0105dz Isakowicz-Zaleski.<\/p>\r\n<ul>\r\n\t<li>Przeczytaj: <a href=\"https:\/\/kresy.pl\/wydarzenia\/polska\/ustawa-o-ipn-jest-zamiennik-dla-ukrainskich-nacjonalistow\/\">Ustawa o IPN: jest zamiennik dla \u201eukrai\u0144skich nacjonalist\u00f3w\u201d <\/a><\/li>\r\n<\/ul>\r\n<p>Dodajmy, \u017ce podczas uroczysto\u015bci na Skwerze Wo\u0142y\u0144skim nie by\u0142 obecny \u017caden z najwy\u017cszych przedstawicieli polskich w\u0142adz. Jak informowali\u015bmy, <a href=\"https:\/\/kresy.pl\/wydarzenia\/prezydent-na-skwerze-wolynskim-zgoda-ukrainy-na-ekshumacje-warunkiem-upamietnienia-ludobojstwa-na-wolyniu-video\/\">prezydent Andrzej Duda z\u0142o\u017cy\u0142 wieniec pod pomnikiem przed po\u0142udniem<\/a>. Ks. Isakowicz-Zaleski ju\u017c wcze\u015bniej zwraca\u0142 uwag\u0119 na to, \u017ce prezydent nie sk\u0142ada\u0142 wie\u0144ca wsp\u00f3lnie z rodzinami ofiar OUN-UPA i Waffen-SS Galizien, a ponadto \u201euporczywie Ma\u0142opolsk\u0119 Wschodni\u0105 nazywa Galicj\u0105 Wschodni\u0105, co jest sprzeczne z prawd\u0105\u201d. Nie by\u0142o te\u017c premiera Mateusza Morawieckiego ani Marsza\u0142ka Sejmu Marka Kuchci\u0144skiego, kt\u00f3rzy przes\u0142ali okoliczno\u015bciowe listy, odczytane w ich imieniu. Obecna by\u0142a z kolei w\u0142a\u015bnie Gosiewska, co z uwagi na jej dzia\u0142alno\u015b\u0107 ws. pami\u0119ci o ludob\u00f3jstwie wo\u0142y\u0144sko-ma\u0142opolskim zosta\u0142 ch\u0142odno, a nawet krytycznie odebrane przez \u015brodowiska kresowe.<\/p>\r\n<ul>\r\n\t<li>Czytaj r\u00f3wnie\u017c: <a href=\"https:\/\/kresy.pl\/wydarzenia\/tvp-info-ocenzurowala-wypowiedz-ksiedza-isakowicza-zaleskiego\/\">TVP Info ocenzurowa\u0142a wypowied\u017a Ksi\u0119dza Isakowicza-Zaleskiego <\/a><\/li>\r\n<\/ul>\r\n<p>Przypomnijmy, \u017ce na prze\u0142omie 2014\/2015 roku&nbsp;<a href=\"https:\/\/kresy.pl\/wydarzenia\/poslanka-pis-odwiedzila-batalion-oun\/\">Gosiewska wizytowa\u0142a walcz\u0105cy w\u00f3wczas w Donbasie ochotniczy batalion OUN (Organizacji Ukrai\u0144skich Nacjonalist\u00f3w)<\/a>. Jego cz\u0142onkowie, wed\u0142ug relacji Monika Andruszewskiej, dziennikarki z Forum \u017byd\u00f3w Polskich dla Radia Wnet (obecnie korespondentka PAP na Ukrainie), byli \u201epod ogromnym wra\u017ceniem wizyty\u201d pos\u0142anki PiS. W dyskusji na portalu spo\u0142eczno\u015bciowym w listopadzie ub. roku Gosiewska twierdzi\u0142a, \u017ce walcz\u0105cy w Donbasie \u201erzekomo banderowski\u201d batalion OUN broni\u0142 Polski przed \u201ebolszewick\u0105 nawa\u0142\u0105\u201d. Ona sama broni\u0142a tej neobanderowskiej formacji ochotniczej podkre\u015blaj\u0105c, \u017ce batalion OUN walczy\u0142 pod flag\u0105 bia\u0142o-czerwon\u0105.<\/p>\r\n<ul>\r\n\t<li>Czytaj wi\u0119cej: <a href=\"https:\/\/kresy.pl\/wydarzenia\/gosiewska-pis-batalion-oun-pod-bialo-czerwona-flaga-walczyl-w-donbasie-z-bolszewicka-nawala\/\">Gosiewska (PiS): batalion OUN pod bia\u0142o-czerwon\u0105 flag\u0105 walczy\u0142 w Donbasie z bolszewick\u0105 nawa\u0142\u0105 <\/a><\/li>\r\n<\/ul>\r\n<p>W sierpniu 2016 roku w jednym z wywiad\u00f3w Gosiewska twierdzi\u0142a, \u017ce&nbsp;<a href=\"https:\/\/kresy.pl\/wydarzenia\/poslanka-pis-powinnismy-wykazac-pewne-zrozumienie-dla-kultu-upa-na-ukrainie\/\">powinni\u015bmy wykaza\u0107 pewne zrozumienie dla kultu UPA na Ukrainie<\/a>, a Polska powinna \u201eobni\u017cy\u0107 poprzeczk\u0119\u201d wzgl\u0119dem Ukrainy w kwestii gloryfikacji OUN-UPA.<\/p>\r\n<p>Pos\u0142anka PiS w 2014 roku odwiedzi\u0142a w\u00f3wczas wzbudzaj\u0105cy liczne kontrowersje batalion \u201eAjdar\u201d, kt\u00f3rego cz\u0142onk\u00f3w oskar\u017cano o liczne nadu\u017cycia, przest\u0119pstwa, a tak\u017ce zbrodnie, jakich mieli dopuszcza\u0107 si\u0119 w Donbasie.&nbsp;<a href=\"https:\/\/kresy.pl\/wydarzenia,spoleczenstwo?zobacz\/zbrodnie-i-naduzycia-w-donbasie-ukrainskie-media-opisuja-dzialalnosc-batalionow-ochotniczych#\">Pisa\u0142y o tym szeroko ukrai\u0144skie media<\/a>. Powa\u017cne zastrze\u017cenia wzgl\u0119dem dzia\u0142alno\u015bci \u201eAjdarowc\u00f3w\u201d, bardzo popularnych u cz\u0119\u015bci proukrai\u0144skich \u015brodowisk w Polsce, wysuwa\u0142a tak\u017ce organizacja&nbsp;<a href=\"https:\/\/kresy.pl\/wydarzenia,wojskowosc?zobacz\/amnesty-international-batalion-ajdar-mogl-popelnic-zbrodnie-wojenne\">Amnesty International<\/a>.<\/p>\r\n<ul>\r\n\t<li>Czytaj tak\u017ce: <a href=\"https:\/\/kresy.pl\/wydarzenia\/polska\/gosiewska-zajscia-w-bialymstoku-mogly-miec-zwiazek-z-dzialaniami-rosyjskich-sluzb\/\">Gosiewska: niewykluczone, \u017ce zaj\u015bcia w Bia\u0142ymstoku mia\u0142y zwi\u0105zek z dzia\u0142aniami rosyjskich s\u0142u\u017cb <\/a><\/li>\r\n<\/ul>\r\n<p>facebook.com \/ isakowicz.pl \/ Kresy.pl<\/p>\r\n<p class=\"zrodlo\">Za: <a href=\"https:\/\/kresy.pl\/wydarzenia\/wicemarszalek-gosiewska-pis-straszy-sadem-ks-isakowicza-zaleskiego\/\">Kresy.pl (20 sierpnia 2019)<\/a><\/p>\r\n<h4>&nbsp;<\/h4>\r\n<hr style=\"background-color: #000000; border-width: 0; color: #000000; height: 2px; line-height: 0; text-align: center; width: 100%;\">\r\n<h4>&nbsp;<\/h4>","protected":false},"excerpt":{"rendered":"Dosta\u0142em wczoraj pismo z kancelarii adwokackiej z Warszawy, w kt\u00f3ry p. wicemarsza\u0142ek Sejmu RP Ma\u0142gorzata Gosiewska PiS straszy mnie s\u0105dem za krytyk\u0119 jej dzia\u0142a\u0144, czy raczej braku dzia\u0142a\u0144, w sprawie prawdy i pami\u0119ci o ofiarach ukrai\u0144skiego ludob\u00f3jstwa Polak\u00f3w na Kresach Wschodnich II RP. Posz\u0142o tak\u017ce o moj\u0105 opini\u0119 o jej zwi\u0105zkach z banderowcami np. z [&hellip;]","protected":false},"author":1,"featured_media":0,"comment_status":"closed","ping_status":"closed","sticky":false,"template":"","format":"standard","meta":{"_acf_changed":false,"_monsterinsights_skip_tracking":false,"_monsterinsights_sitenote_active":false,"_monsterinsights_sitenote_note":"","_monsterinsights_sitenote_category":0,"ngg_post_thumbnail":0,"footnotes":"","_wp_rev_ctl_limit":""},"categories":[8],"tags":[98,169,167,17],"acf":[],"_links":{"self":[{"href":"https:\/\/www.bibula.com\/index.php?rest_route=\/wp\/v2\/posts\/109359"}],"collection":[{"href":"https:\/\/www.bibula.com\/index.php?rest_route=\/wp\/v2\/posts"}],"about":[{"href":"https:\/\/www.bibula.com\/index.php?rest_route=\/wp\/v2\/types\/post"}],"author":[{"embeddable":true,"href":"https:\/\/www.bibula.com\/index.php?rest_route=\/wp\/v2\/users\/1"}],"replies":[{"embeddable":true,"href":"https:\/\/www.bibula.com\/index.php?rest_route=%2Fwp%2Fv2%2Fcomments&post=109359"}],"version-history":[{"count":1,"href":"https:\/\/www.bibula.com\/index.php?rest_route=\/wp\/v2\/posts\/109359\/revisions"}],"predecessor-version":[{"id":119533,"href":"https:\/\/www.bibula.com\/index.php?rest_route=\/wp\/v2\/posts\/109359\/revisions\/119533"}],"wp:attachment":[{"href":"https:\/\/www.bibula.com\/index.php?rest_route=%2Fwp%2Fv2%2Fmedia&parent=109359"}],"wp:term":[{"taxonomy":"category","embeddable":true,"href":"https:\/\/www.bibula.com\/index.php?rest_route=%2Fwp%2Fv2%2Fcategories&post=109359"},{"taxonomy":"post_tag","embeddable":true,"href":"https:\/\/www.bibula.com\/index.php?rest_route=%2Fwp%2Fv2%2Ftags&post=109359"}],"curies":[{"name":"wp","href":"https:\/\/api.w.org\/{rel}","templated":true}]}}