{"id":109347,"date":"2019-08-19T11:41:00","date_gmt":"2019-08-19T15:41:00","guid":{"rendered":"http:\/\/www.bibula.com\/?p=109347"},"modified":"2020-09-17T21:34:37","modified_gmt":"2020-09-18T01:34:37","slug":"mocny-glos-ze-wschodu-przewodniczacy-episkopatu-ukrainy-wyrazil-poparcie-dla-abp-jedraszewskiego","status":"publish","type":"post","link":"https:\/\/www.bibula.com\/?p=109347","title":{"rendered":"Mocny g\u0142os ze Wschodu. Przewodnicz\u0105cy episkopatu Ukrainy wyrazi\u0142 poparcie dla abp. J\u0119draszewskiego"},"content":{"rendered":"<p><strong>Przewodnicz\u0105cy Konferencji Episkopatu Ukrainy biskup Bronis\u0142aw Bernacki wyrazi\u0142 listownie poparcie dla metropolity krakowskiego abp. Marka J\u0119draszewskiego.<\/strong><\/p>\r\n<p>W li\u015bcie opublikowanym w poniedzia\u0142ek na stronie Archidiecezji Krakowskiej bp Bernacki wyrazi\u0142 w imieniu episkopatu Ukrainy &#8222;bratersk\u0105 solidarno\u015b\u0107, wsparcie oraz nade wszystko zapewnienie o modlitwie\u201d. &#8222;My, Pasterze ukrai\u0144skiej ziemi, przez wiele lat do\u015bwiadczali\u015bmy i do dzi\u015b do\u015bwiadczamy niszcz\u0105cych skutk\u00f3w ideologii komunistycznej, kt\u00f3ra doprowadzi\u0142a wiele ludzkich istnie\u0144 do duchowego zniszczenia, a kt\u00f3ra, podobnie jak ideologia gender, przybiera\u0142a mask\u0119 walki o r\u00f3wno\u015b\u0107\u201d &#8211; napisali rzymskokatoliccy biskupi Ukrainy.<\/p>\r\n<div class=\"cut1\">[&#8230;] <span class=\"podpis_sz\">Ca\u0142y tekst dost\u0119pny w materiale \u017ar\u00f3d\u0142owym<\/span><\/div>\r\n<p>\u0179r\u00f3d\u0142o: PAPAutor: Rafa\u0142 Grzyb<\/p>\r\n<p class=\"zrodlo\">Za: <a href=\"https:\/\/www.stefczyk.info\/2019\/08\/19\/przewodniczacy-episkopatu-ukrainy-wyrazil-poparcie-dla-abp-jedraszewskiego\/\">stefczyk.info (2019.08.19)<\/a><\/p>\r\n<h4>\u00a0<\/h4>\r\n<hr style=\"background-color: #000000; border-width: 0; color: #000000; height: 2px; line-height: 0; text-align: center; width: 100%;\" \/>\r\n<h4>\u00a0<\/h4>","protected":false},"excerpt":{"rendered":"Przewodnicz\u0105cy Konferencji Episkopatu Ukrainy biskup Bronis\u0142aw Bernacki wyrazi\u0142 listownie poparcie dla metropolity krakowskiego abp. Marka J\u0119draszewskiego. W li\u015bcie opublikowanym w poniedzia\u0142ek na stronie Archidiecezji Krakowskiej bp Bernacki wyrazi\u0142 w imieniu episkopatu Ukrainy &#8222;bratersk\u0105 solidarno\u015b\u0107, wsparcie oraz nade wszystko zapewnienie o modlitwie\u201d. &#8222;My, Pasterze ukrai\u0144skiej ziemi, przez wiele lat do\u015bwiadczali\u015bmy i do dzi\u015b do\u015bwiadczamy niszcz\u0105cych skutk\u00f3w [&hellip;]","protected":false},"author":1,"featured_media":0,"comment_status":"closed","ping_status":"closed","sticky":false,"template":"","format":"standard","meta":{"_acf_changed":false,"_monsterinsights_skip_tracking":false,"_monsterinsights_sitenote_active":false,"_monsterinsights_sitenote_note":"","_monsterinsights_sitenote_category":0,"ngg_post_thumbnail":0,"footnotes":"","_wp_rev_ctl_limit":""},"categories":[3],"tags":[448,26,98,167],"acf":[],"_links":{"self":[{"href":"https:\/\/www.bibula.com\/index.php?rest_route=\/wp\/v2\/posts\/109347"}],"collection":[{"href":"https:\/\/www.bibula.com\/index.php?rest_route=\/wp\/v2\/posts"}],"about":[{"href":"https:\/\/www.bibula.com\/index.php?rest_route=\/wp\/v2\/types\/post"}],"author":[{"embeddable":true,"href":"https:\/\/www.bibula.com\/index.php?rest_route=\/wp\/v2\/users\/1"}],"replies":[{"embeddable":true,"href":"https:\/\/www.bibula.com\/index.php?rest_route=%2Fwp%2Fv2%2Fcomments&post=109347"}],"version-history":[{"count":2,"href":"https:\/\/www.bibula.com\/index.php?rest_route=\/wp\/v2\/posts\/109347\/revisions"}],"predecessor-version":[{"id":117141,"href":"https:\/\/www.bibula.com\/index.php?rest_route=\/wp\/v2\/posts\/109347\/revisions\/117141"}],"wp:attachment":[{"href":"https:\/\/www.bibula.com\/index.php?rest_route=%2Fwp%2Fv2%2Fmedia&parent=109347"}],"wp:term":[{"taxonomy":"category","embeddable":true,"href":"https:\/\/www.bibula.com\/index.php?rest_route=%2Fwp%2Fv2%2Fcategories&post=109347"},{"taxonomy":"post_tag","embeddable":true,"href":"https:\/\/www.bibula.com\/index.php?rest_route=%2Fwp%2Fv2%2Ftags&post=109347"}],"curies":[{"name":"wp","href":"https:\/\/api.w.org\/{rel}","templated":true}]}}