{"id":109282,"date":"2019-08-15T13:37:47","date_gmt":"2019-08-15T17:37:47","guid":{"rendered":"http:\/\/www.bibula.com\/?p=109282"},"modified":"2019-08-15T13:37:47","modified_gmt":"2019-08-15T17:37:47","slug":"wysyp-banderowskich-obozow-dla-mlodziezy-na-ukrainie","status":"publish","type":"post","link":"https:\/\/www.bibula.com\/?p=109282","title":{"rendered":"Wysyp banderowskich oboz\u00f3w dla m\u0142odzie\u017cy na Ukrainie"},"content":{"rendered":"<p><strong>Przewodnicz\u0105cy Ukrai\u0144skiego Komitetu \u017bydowskiego Eduard Dolinsky odnotowa\u0142 na swoim profilu w mediach spo\u0142eczno\u015bciowych wysyp letnich imprez, kt\u00f3re maj\u0105 wychowywa\u0107 ukrai\u0144skie dzieci i m\u0142odzie\u017c w duchu nacjonalistycznym, w tym banderowskim.<\/strong><\/p>\r\n<p><span id=\"ezoic-pub-ad-placeholder-114\" class=\"ezoic-adpicker-ad\"><\/span>Zdaniem Dolinskiego \u201eobecne lato jest bogate w zaj\u0119cia dla m\u0142odzie\u017cy\u201d. \u017bydowski dzia\u0142acz wymieni\u0142 szereg imprez, kt\u00f3re odbywaj\u0105 si\u0119 na Ukrainie: <a href=\"https:\/\/kresy.pl\/wydarzenia\/regiony\/ukraina\/na-wolyniu-rozpoczal-sie-festiwal-bandersztat\/\">festiwal \u201eBandersztat\u201d ko\u0142o \u0141ucka<\/a>, festiwal na cze\u015b\u0107 ideologa radykalnego ukrai\u0144skiego nacjonalizmu Dmytra Doncowa w Melitopolu, ob\u00f3z \u201eBanderowiec\u201d w rejonie drohobyckim, festiwal \u201eTropami Tarasa Borowcia\u201d w Olewsku, ob\u00f3z \u201eBohater\u00f3w UPA\u201d imienia Omelana Hrabca w obwodzie winnickim, duchowo-patriotyczny ob\u00f3z na cze\u015b\u0107 \u201eBohater\u00f3w OUN \u00abHurka\u0142o\u00bb\u201d w rejonie skoleckim, wojenno-patriotyczny ob\u00f3z \u201eCzarna sotnia\u201d w Rakowczyku, ob\u00f3z \u201eOdwa\u017cny\u201d w rejonie horochowskim organizowany przez organizacj\u0119 \u201eTryzub imienia Stepana Bandery\u201d, wszechukrai\u0144ski ob\u00f3z \u201eChor\u0105\u017cy\u201d w Kowlu imienia jednego z dow\u00f3dc\u00f3w UPA Wasyla Iwachiwa, ob\u00f3z Narodowego Aliansu \u201eLegioner\u201d, ob\u00f3z \u201eTropami niepokonanych\u201d po\u015bwi\u0119cony bojowi UPA z NKWD i tym podobne.<\/p>\r\n<p><span id=\"ezoic-pub-ad-placeholder-111\" class=\"ezoic-adpicker-ad\"><\/span>Jak stwierdzi\u0142 szef Ukrai\u0144skiego Komitetu \u017bydowskiego wszystkie te imprezy \u0142\u0105czy fakt, i\u017c s\u0105 po\u015bwi\u0119cone osobom, kt\u00f3re by\u0142y nazistowskimi kolaborantami b\u0105d\u017a zbrodniarzami wojennymi, \u201ea w wi\u0119kszo\u015bci &#8211; jednymi i drugimi\u201d. Dzia\u0142acz zwr\u00f3ci\u0142 te\u017c uwag\u0119 na udzia\u0142 duchownych w nacjonalistycznych imprezach dla dzieci i m\u0142odzie\u017cy.<\/p>\r\n<p>\u201eZdecydowana wi\u0119kszo\u015b\u0107 tych oboz\u00f3w jest finansowana przez pa\u0144stwo za po\u015brednictwem ministerstwa ds. m\u0142odzie\u017cy i sportu oraz lokalnych w\u0142adz. Ministerstwo stworzy\u0142o nawet specjalny dzia\u0142 edukacji narodowo-patriotycznej. Dziesi\u0105tki milion\u00f3w hrywien s\u0105 wyci\u0105gane na nacjonalistyczne obozy z kieszeni zwyk\u0142ych Ukrai\u0144c\u00f3w. Dzieciom pierze si\u0119 na nich m\u00f3zgi i zmienia \u015bwiadomo\u015b\u0107.\u201d &#8211; stwierdzi\u0142 Dolinsky.<\/p>\r\n<p><iframe src=\"https:\/\/www.facebook.com\/plugins\/post.php?href=https%3A%2F%2Fwww.facebook.com%2Feduard.dolinsky%2Fposts%2F2655832497782135&amp;width=500\" scrolling=\"no\" data-mce-fragment=\"1\" width=\"500\" height=\"559\" frameborder=\"0\"><\/iframe><span id=\"ezoic-pub-ad-placeholder-110\" class=\"ezoic-adpicker-ad\"><\/span><\/p>\r\n<p><a href=\"https:\/\/kresy.pl\/wydarzenia\/regiony\/ukraina\/media-ukrainskie-panstwo-dalo-pieniadze-neonazistom\/\">Przypomnijmy<\/a>, \u017ce o podobnych imprezach pisali\u015bmy rok temu. Radio Hromadske ustali\u0142o w\u00f3wczas, \u017ce ministerstwo m\u0142odzie\u017cy i sportu Ukrainy przyzna\u0142o znaczne sumy na projekty edukacyjne prowadzone przez radykalne organizacje. Naczelnikiem wydzia\u0142u wychowania narodowo-patriotycznego w ukrai\u0144skim ministerstwie, o kt\u00f3rym wspomnia\u0142 w swoim po\u015bcie Dolinsky, by\u0142 w\u00f3wczas Myko\u0142a Lachowycz, znany dzia\u0142acz nacjonalistyczny.<\/p>\r\n<ul>\r\n\t<li>CZYTAJ TAK\u0179E: <a href=\"https:\/\/kresy.pl\/wydarzenia\/regiony\/ukraina\/ukraina-8-letnie-dzieci-uczone-zabijania-na-obozie-swobody-video\/\">Ukraina: 8-letnie dzieci uczone zabijania na obozie Swobody [+VIDEO]<\/a><\/li>\r\n<\/ul>\r\n<p>Kresy.pl \/ Facebook<\/p>\r\n<blockquote>\r\n<p>[<strong>Wybrane wypowiedzi internaut\u00f3w pod w\/w tekstem na stronie \u017ar\u00f3d\u0142owej:<\/strong>]<\/p>\r\n<p><em>lp @lp:<\/em><br>\r\nNiby wszyscy widz\u0105, niby wszyscy wiedz\u0105 ale to z Polak\u00f3w robi\u0105 kolaborant\u00f3w III Rzeszy i antysemit\u00f3w. C\u00f3\u017c, w tle roszczenia na 300 mld $ a pecunia non olet jak mawia\u0142 Wespazjan, wi\u0119c p\u00f3ki co szkalowana jest Polska. Potem przyjdzie czas i na Ukrain\u0119, wszak najwi\u0119ksze procentowo skupiska \u017byd\u00f3w by\u0142y na Kresach II Rzeczpospolitej.<\/p>\r\n<p><em>JeszczePolska @JeszczePolska:<\/em><br>\r\nNooo brawoo, znowu \u201eodnotowa\u0142\u201d, co jaki\u015b czas \u201eodnotowuje, !!Potem zapada cisza!!i wszystko wraca do normy, po staremu!!taka maskirowka!<\/p>\r\n<\/blockquote>","protected":false},"excerpt":{"rendered":"Przewodnicz\u0105cy Ukrai\u0144skiego Komitetu \u017bydowskiego Eduard Dolinsky odnotowa\u0142 na swoim profilu w mediach spo\u0142eczno\u015bciowych wysyp letnich imprez, kt\u00f3re maj\u0105 wychowywa\u0107 ukrai\u0144skie dzieci i m\u0142odzie\u017c w duchu nacjonalistycznym, w tym banderowskim. Zdaniem Dolinskiego \u201eobecne lato jest bogate w zaj\u0119cia dla m\u0142odzie\u017cy\u201d. \u017bydowski dzia\u0142acz wymieni\u0142 szereg imprez, kt\u00f3re odbywaj\u0105 si\u0119 na Ukrainie: festiwal \u201eBandersztat\u201d ko\u0142o \u0141ucka, festiwal na [&hellip;]","protected":false},"author":1,"featured_media":0,"comment_status":"closed","ping_status":"closed","sticky":false,"template":"","format":"standard","meta":{"_acf_changed":false,"_monsterinsights_skip_tracking":false,"_monsterinsights_sitenote_active":false,"_monsterinsights_sitenote_note":"","_monsterinsights_sitenote_category":0,"ngg_post_thumbnail":0,"footnotes":"","_wp_rev_ctl_limit":""},"categories":[6],"tags":[18,29,167,17],"acf":[],"_links":{"self":[{"href":"https:\/\/www.bibula.com\/index.php?rest_route=\/wp\/v2\/posts\/109282"}],"collection":[{"href":"https:\/\/www.bibula.com\/index.php?rest_route=\/wp\/v2\/posts"}],"about":[{"href":"https:\/\/www.bibula.com\/index.php?rest_route=\/wp\/v2\/types\/post"}],"author":[{"embeddable":true,"href":"https:\/\/www.bibula.com\/index.php?rest_route=\/wp\/v2\/users\/1"}],"replies":[{"embeddable":true,"href":"https:\/\/www.bibula.com\/index.php?rest_route=%2Fwp%2Fv2%2Fcomments&post=109282"}],"version-history":[{"count":0,"href":"https:\/\/www.bibula.com\/index.php?rest_route=\/wp\/v2\/posts\/109282\/revisions"}],"wp:attachment":[{"href":"https:\/\/www.bibula.com\/index.php?rest_route=%2Fwp%2Fv2%2Fmedia&parent=109282"}],"wp:term":[{"taxonomy":"category","embeddable":true,"href":"https:\/\/www.bibula.com\/index.php?rest_route=%2Fwp%2Fv2%2Fcategories&post=109282"},{"taxonomy":"post_tag","embeddable":true,"href":"https:\/\/www.bibula.com\/index.php?rest_route=%2Fwp%2Fv2%2Ftags&post=109282"}],"curies":[{"name":"wp","href":"https:\/\/api.w.org\/{rel}","templated":true}]}}