{"id":109246,"date":"2019-08-13T12:57:31","date_gmt":"2019-08-13T16:57:31","guid":{"rendered":"http:\/\/www.bibula.com\/?p=109246"},"modified":"2019-08-14T09:50:21","modified_gmt":"2019-08-14T13:50:21","slug":"gangrena-w-archidiecezji-lubelskiej-czemu-abp-stanislaw-budzik-nie-reaguje","status":"publish","type":"post","link":"https:\/\/www.bibula.com\/?p=109246","title":{"rendered":"Gangrena w archidiecezji lubelskiej. Czemu abp. Stanis\u0142aw Budzik nie reaguje?"},"content":{"rendered":"<p><strong>Obrazek pierwszy &#8211; wpis ks. \u0141ukasza Kachnowicza, kt\u00f3ry wzi\u0105\u0142 sobie roczny urlop. A jego urlop jest bardzo pracowity, bo dwoi si\u0119 i troi, aby zd\u0105\u017cy\u0107 z parady na parad\u0119. Szkoda, \u017ce ci co go formowali 6 lat, a przez kolejne 9 lat powierzali wa\u017cne funkcje, nie chc\u0105 teraz za to wzi\u0105\u0107 odpowiedzialno\u015bci. Przypuszczam, \u017ce to niestety spu\u015bcizna po TW. o ps. \u201eFilozof\u201d, kt\u00f3re tak\u017ce w tych sprawach mia\u0142 odmienne pogl\u0105dy.<\/strong><\/p>\r\n<p><img fetchpriority=\"high\" decoding=\"async\" class=\"aligncenter\" src=\"http:\/\/isakowicz.pl\/wp-content\/uploads\/2019\/08\/kachno-485x1024.jpg\" width=\"595\" height=\"1256\"><\/p>\r\n<p>Obrazek drugi &#8211; kolejna r<span class=\"text_exposed_show\">ejterada ks. Alfreda Wierzbickiego w TVN. Vide: wpis @<a class=\"profileLink\" title=\"Tomasz Piotr Rzymkowski\" href=\"https:\/\/www.facebook.com\/rzymkowski?__tn__=K-R&amp;eid=ARBQSc6qrj-EViEROs2ds8MdZ-RjHhoFHzu5xoAEzCMecuF1xvwkysTQCILZkiR2b3UJvwp9j1GMDA1H&amp;fref=mentions&amp;__xts__%5B0%5D=68.ARBeh5jskGZbk-N00x76dWf3o0ks0v7vSXfZsLLuJvzi2-olOeS3D8SQE78PmawEtVoLbNIPdYAgweS_nTcDb6Oxwi5QgzIlto26teyGKZO9BUvCdpbC5BpXajzMpVsEVNeCFMFa_qBlcqIohHz0d3IyS51U_BOS_8xUyJZWo3JdC1LXo-RikhcfLfPoKBGODierhmbkceHdaoFrdJkeroudXJ-K-VyQo5z_pBFR-ojmXoLWGbmTCy1pGMhyFgfwk8cgLlQVGvaloFDF2n1BPu0zT-SpvO42nJhGEXNmhD6ydeNUze0xUGp9v7AN-z83gTg9bzpvDafHYd1up9ceUeuk4zc\" data-hovercard=\"\/ajax\/hovercard\/user.php?id=1153930515&amp;extragetparams=%7B%22__tn__%22%3A%22%2CdK-R-R%22%2C%22eid%22%3A%22ARBQSc6qrj-EViEROs2ds8MdZ-RjHhoFHzu5xoAEzCMecuF1xvwkysTQCILZkiR2b3UJvwp9j1GMDA1H%22%2C%22fref%22%3A%22mentions%22%7D\" data-hovercard-prefer-more-content-show=\"1\">Tomasz Piotr Rzymkowski<\/a><\/span><\/p>\r\n<p><img decoding=\"async\" class=\"aligncenter\" src=\"http:\/\/isakowicz.pl\/wp-content\/uploads\/2019\/08\/Screenshot_2019-08-12-8-Tomasz-Rzymkowski-na-Twitterze-%E2%80%9EOgl%C4%85da%C5%82em-Ks-prof-Alfreda-Wierzbickiego-w-TVN-Czuje-si%C4%99-obra%C5%BCony-....png\" width=\"589\" height=\"302\"><\/p>\r\n<p>Dodam, \u017ce ks. Wierzbicki w latach 2002-2012 by\u0142 prorektor Metropolitalnego Seminarium Duchownego w Lublinie, czyli formowa\u0142 ks. Kachnowicza i dopuszcza\u0142 go do \u015bwiece\u0144 kap\u0142a\u0144skich. K\u00f3\u0142ko si\u0119 zamyka.<\/p>\r\n<p><img decoding=\"async\" class=\"aligncenter\" src=\"http:\/\/isakowicz.pl\/wp-content\/uploads\/2019\/08\/Screenshot_2019-08-12-Ks-Wierzbicki-Gdybym-by%C5%82-18-letnim-ch%C5%82opakiem-czy-ja-bym-dzisiaj-poszed%C5%82-do-seminarium-%E2%80%93-w-to-w%C4%85tpi%C4%99...-768x501.png\" width=\"601\" height=\"392\"><\/p>\r\n<p>Oczywi\u015bcie wspomniana spu\u015bcizna jest bardzo trudna, ale abp. Stanis\u0142aw Budzik nie mo\u017ce jako pasterz uchyla\u0107 si\u0119 od podj\u0119cia decyzji. Inna sprawa, \u017ce Prymas Tysi\u0105clecia , kt\u00f3ry te\u017c by\u0142 biskupem lubelskim nawet w czasach terroru komunistycznego mia\u0142 odwag\u0119.<\/p>\r\n<p>Dodam, \u017ce w innych sprawach abp. Budzik mia\u0142 du\u017co inwencji, t\u0142amsz\u0105c jako biskup pomocniczy lustracj\u0119 w diecezji tarnowskiej i przymuszaj\u0105c ksi\u0119\u017cy do podpisywania list\u00f3w protestacyjnych przeciwko opisaniu w mojej ksi\u0105\u017cce \u201eKsi\u0119\u017ca wobec bezpieki\u201d niecnych uczynk\u00f3w TW \u201eWiktora\u201d, czyli \u00f3wczesnego biskupa tarnowskiego, dzi\u015b arcybiskupa katowickiego, Wiktora Skworca.<\/p>\r\n<p><strong><em>Ks. Tadeusz Isakowicz-Zaleski<\/em><\/strong><\/p>\r\n<p class=\"zrodlo\">Za: <a href=\"http:\/\/isakowicz.pl\/gangrena-w-archidiecezji-lubelskiej-czemu-abp-stanislaw-budzik-nie-reaguje\/\">isakowicz.pl (13 sierpnia 2019)<\/a><\/p>\r\n<h4>&nbsp;<\/h4>\r\n<hr style=\"background-color: #000000; border-width: 0; color: #000000; height: 2px; line-height: 0; text-align: center; width: 100%;\">\r\n<h2>&nbsp;<\/h2>\r\n<h2>Popieraj\u0105cy ideologi\u0119 homoseksualn\u0105 ksi\u0105dz wezwany do pokuty. Grozi mu suspensa<\/h2>\r\n<p><strong>Metropolita lubelski arcybiskup Stanis\u0142aw Budzik wezwa\u0142 do pokuty ksi\u0119dza \u0141ukasza Kachnowicza. Popularny duchowny popar\u0142 ideologi\u0119 LGBT. Wezwano go do pokuty i powrotu do diecezji w celu unikni\u0119cia suspensy.<\/strong><\/p>\r\n<p>Abp Stanis\u0142aw Budzik podj\u0105\u0142 wobec ks. Kachnowicza kroki prawne, przede wszystkim upomnienie kanoniczne, wzywaj\u0105ce do pokuty i wyznaczaj\u0105ce czas na powr\u00f3t do diecezji. Nast\u0119pnym krokiem b\u0119dzie na\u0142o\u017cenie kary suspensy &#8211; poinformowa\u0142 na swoim twitterze ks. dr Adam Jaszcz, rzecznik archidiecezji lubelskiej. &nbsp;<\/p>\r\n<p>Jednocze\u015bnie ks. Jaszcz wyrazi\u0142 ubolewanie z powodu b\u00f3lu tych wszystkich, kt\u00f3rzy zaufali ksi\u0119dzu Kachnowiczowi jako kap\u0142anowi reprezentuj\u0105cemu Ko\u015bci\u00f3\u0142 oraz nauczanie Jezusa o mi\u0142osierdziu, ale te\u017c o konieczno\u015bci wyznania grzechu i pokuty w drodze ku zbawieniu.<\/p>\r\n<p>&#8211; Teraz patrz\u0105 oni na cz\u0142owieka wybieraj\u0105cego ideologi\u0119 staj\u0105c\u0105 w kontrze do Ko\u015bcio\u0142a i Ewangelii, nierzadko wulgarn\u0105, a nawet profanuj\u0105c\u0105 symbole dla wierz\u0105cych \u015bwi\u0119te &#8211; napisa\u0142 rzecznik archidiecezji lubelskiej.<\/p>\r\n<p>\u0141ukasz Kachnowicz przyj\u0105\u0142 \u015bwi\u0119cenia kap\u0142a\u0144skie 29 maja 2010 r. Pracowa\u0142 w Pu\u0142awach i w Lublinie. Studiowa\u0142 histori\u0119 Ko\u015bcio\u0142a na Wydziale Teologii KUL, uzyskuj\u0105c licencjat ko\u015bcielny. Anga\u017cowa\u0142 si\u0119 w Ruch \u015awiat\u0142o-\u0179ycie, Drog\u0119 Neokatechumenaln\u0105, Przystanek Jezus, a tak\u017ce archidiecezjalny projekt ewangelizacyjny \u0179r\u00f3d\u0142o. By\u0142 r\u00f3wnie\u017c duszpasterzem akademickim oraz publicyst\u0105 katolickich portali.<\/p>\r\n<p>Na pocz\u0105tku wakacji za po\u015brednictwem&nbsp; medi\u00f3w spo\u0142eczno\u015bciowych poinformowa\u0142 o swoim \u201eurlopie\u201d od obowi\u0105zk\u00f3w duszpasterskich. Od tego czasu umieszcza w sieci fotografie z jego udzia\u0142u w Paradach R\u00f3wno\u015bci na terenie Polski oraz teksty wspieraj\u0105ce ruchy LGBT.&nbsp;<\/p>\r\n<p>&#8211; Dla jasno\u015bci, odszed\u0142em. Mo\u017cna ju\u017c nie m\u00f3wi\u0107, \u017ce jestem na urlopie. Nie jestem &#8211; napisa\u0142 w jednym z ostatnich wpis\u00f3w ks. Kachnowicz.<\/p>\r\n<p>\u0179r\u00f3d\u0142o: KAI<\/p>\r\n<p>mjend<\/p>\r\n<p class=\"zrodlo\">Za: <a href=\"https:\/\/www.pch24.pl\/popierajacy-ideologie-homoseksualna-ksiadz-wezwany-do-pokuty--grozi-mu-suspensa-,70176,i.html\">PoloniaChristiana &#8211; pch24.pl (2019-08-14)<\/a><\/p>\r\n<h4>&nbsp;<\/h4>\r\n<hr style=\"background-color: #000000; border-width: 0; color: #000000; height: 2px; line-height: 0; text-align: center; width: 100%;\">\r\n<h4>&nbsp;<\/h4>","protected":false},"excerpt":{"rendered":"Obrazek pierwszy &#8211; wpis ks. \u0141ukasza Kachnowicza, kt\u00f3ry wzi\u0105\u0142 sobie roczny urlop. A jego urlop jest bardzo pracowity, bo dwoi si\u0119 i troi, aby zd\u0105\u017cy\u0107 z parady na parad\u0119. Szkoda, \u017ce ci co go formowali 6 lat, a przez kolejne 9 lat powierzali wa\u017cne funkcje, nie chc\u0105 teraz za to wzi\u0105\u0107 odpowiedzialno\u015bci. Przypuszczam, \u017ce to [&hellip;]","protected":false},"author":1,"featured_media":0,"comment_status":"closed","ping_status":"closed","sticky":false,"template":"","format":"standard","meta":{"_acf_changed":false,"_monsterinsights_skip_tracking":false,"_monsterinsights_sitenote_active":false,"_monsterinsights_sitenote_note":"","_monsterinsights_sitenote_category":0,"ngg_post_thumbnail":0,"footnotes":"","_wp_rev_ctl_limit":""},"categories":[5],"tags":[26,98,36,33],"acf":[],"_links":{"self":[{"href":"https:\/\/www.bibula.com\/index.php?rest_route=\/wp\/v2\/posts\/109246"}],"collection":[{"href":"https:\/\/www.bibula.com\/index.php?rest_route=\/wp\/v2\/posts"}],"about":[{"href":"https:\/\/www.bibula.com\/index.php?rest_route=\/wp\/v2\/types\/post"}],"author":[{"embeddable":true,"href":"https:\/\/www.bibula.com\/index.php?rest_route=\/wp\/v2\/users\/1"}],"replies":[{"embeddable":true,"href":"https:\/\/www.bibula.com\/index.php?rest_route=%2Fwp%2Fv2%2Fcomments&post=109246"}],"version-history":[{"count":0,"href":"https:\/\/www.bibula.com\/index.php?rest_route=\/wp\/v2\/posts\/109246\/revisions"}],"wp:attachment":[{"href":"https:\/\/www.bibula.com\/index.php?rest_route=%2Fwp%2Fv2%2Fmedia&parent=109246"}],"wp:term":[{"taxonomy":"category","embeddable":true,"href":"https:\/\/www.bibula.com\/index.php?rest_route=%2Fwp%2Fv2%2Fcategories&post=109246"},{"taxonomy":"post_tag","embeddable":true,"href":"https:\/\/www.bibula.com\/index.php?rest_route=%2Fwp%2Fv2%2Ftags&post=109246"}],"curies":[{"name":"wp","href":"https:\/\/api.w.org\/{rel}","templated":true}]}}