{"id":109242,"date":"2019-08-13T12:45:45","date_gmt":"2019-08-13T16:45:45","guid":{"rendered":"http:\/\/www.bibula.com\/?p=109242"},"modified":"2019-08-13T12:45:45","modified_gmt":"2019-08-13T16:45:45","slug":"ostre-oskarzenia-iranu-pod-adresem-usa-dostarczacie-bron-do-naszych-wrogow-na-bliskim-wschodzie","status":"publish","type":"post","link":"https:\/\/www.bibula.com\/?p=109242","title":{"rendered":"Ostre oskar\u017cenia Iranu pod adresem USA: dostarczacie bro\u0144 do naszych wrog\u00f3w na Bliskim Wschodzie"},"content":{"rendered":"<p><strong>Minister spraw zagranicznych Iranu Mohammad Javad Zarif oskar\u017cy\u0142 w poniedzia\u0142ek Stany Zjednoczone o destabilizowanie sytuacji na Bliskim Wschodzie. Polityk zarzuci\u0142 Amerykanom, \u017ce ci przekazuj\u0105 swoj\u0105 bro\u0144 do cz\u0119\u015bci kraj\u00f3w Zatoki Perskiej, co mo\u017ce zagrozi\u0107 bezpiecze\u0144stwu regionu i \u015bwiata.<\/strong><\/p>\r\n<p>W wywiadzie udzielonym telewizji Al-Jazeera Zarif podkre\u015bli\u0142, \u017ce przez dzia\u0142ania Amerykan\u00f3w region Bliskiego Wschodu jest teraz \u201epude\u0142kiem od zapa\u0142ek gotowym do podpalenia\u201d.<\/p>\r\n<p>Szef MSZ Iranu oskar\u017cy\u0142 zar\u00f3wno Stany Zjednoczone, jak i ich arabskich sojusznik\u00f3w o \u201ezalewanie Bliskiego Wschodu broni\u0105\u201d, co powoduje, \u017ce niewiele brakuje, by wybuch\u0142 konflikt na \u015bwiatow\u0105 skal\u0119.<\/p>\r\n<p>Napi\u0119cie wok\u00f3\u0142 Iranu wzros\u0142o po tym, jak Stany Zjednoczone wycofa\u0142y si\u0119 w zesz\u0142ym roku z mi\u0119dzynarodowego porozumienia nuklearnego z Iranem, a prezydent Donald Trump zagrozi\u0142 atakiem na ten kraj, chc\u0105c zmusi\u0107 Teheran do rozpocz\u0119cia negocjacji nad nowym porozumieniem.<\/p>\r\n<p>W minionym miesi\u0105cu Stany Zjednoczone rozmie\u015bci\u0142y swoje okr\u0119ty w Zatoce Perskiej. By\u0142a to odpowied\u017a na incydenty z udzia\u0142em mi\u0119dzynarodowych tankowc\u00f3w w cie\u015bninie Ormuz. Swoje wsparcie dla USA zadeklarowali polscy przedstawiciele, kt\u00f3rzy nie wykluczaj\u0105, \u017ce Polska do\u0142\u0105czy w razie potrzeby do misji stabilizacyjnej w Zatoce Perskiej.<\/p>\r\n<p>\u0179r\u00f3d\u0142o: tvp.info \/ polskieradio24.pl<\/p>\r\n<p>TK<\/p>","protected":false},"excerpt":{"rendered":"Minister spraw zagranicznych Iranu Mohammad Javad Zarif oskar\u017cy\u0142 w poniedzia\u0142ek Stany Zjednoczone o destabilizowanie sytuacji na Bliskim Wschodzie. Polityk zarzuci\u0142 Amerykanom, \u017ce ci przekazuj\u0105 swoj\u0105 bro\u0144 do cz\u0119\u015bci kraj\u00f3w Zatoki Perskiej, co mo\u017ce zagrozi\u0107 bezpiecze\u0144stwu regionu i \u015bwiata. W wywiadzie udzielonym telewizji Al-Jazeera Zarif podkre\u015bli\u0142, \u017ce przez dzia\u0142ania Amerykan\u00f3w region Bliskiego Wschodu jest teraz \u201epude\u0142kiem [&hellip;]","protected":false},"author":1,"featured_media":0,"comment_status":"closed","ping_status":"closed","sticky":false,"template":"","format":"standard","meta":{"_acf_changed":false,"_monsterinsights_skip_tracking":false,"ngg_post_thumbnail":0,"footnotes":"","_wp_rev_ctl_limit":""},"categories":[6],"tags":[84,88,53,221],"acf":[],"_links":{"self":[{"href":"https:\/\/www.bibula.com\/index.php?rest_route=\/wp\/v2\/posts\/109242"}],"collection":[{"href":"https:\/\/www.bibula.com\/index.php?rest_route=\/wp\/v2\/posts"}],"about":[{"href":"https:\/\/www.bibula.com\/index.php?rest_route=\/wp\/v2\/types\/post"}],"author":[{"embeddable":true,"href":"https:\/\/www.bibula.com\/index.php?rest_route=\/wp\/v2\/users\/1"}],"replies":[{"embeddable":true,"href":"https:\/\/www.bibula.com\/index.php?rest_route=%2Fwp%2Fv2%2Fcomments&post=109242"}],"version-history":[{"count":0,"href":"https:\/\/www.bibula.com\/index.php?rest_route=\/wp\/v2\/posts\/109242\/revisions"}],"wp:attachment":[{"href":"https:\/\/www.bibula.com\/index.php?rest_route=%2Fwp%2Fv2%2Fmedia&parent=109242"}],"wp:term":[{"taxonomy":"category","embeddable":true,"href":"https:\/\/www.bibula.com\/index.php?rest_route=%2Fwp%2Fv2%2Fcategories&post=109242"},{"taxonomy":"post_tag","embeddable":true,"href":"https:\/\/www.bibula.com\/index.php?rest_route=%2Fwp%2Fv2%2Ftags&post=109242"}],"curies":[{"name":"wp","href":"https:\/\/api.w.org\/{rel}","templated":true}]}}