{"id":109240,"date":"2019-08-13T12:44:07","date_gmt":"2019-08-13T16:44:07","guid":{"rendered":"http:\/\/www.bibula.com\/?p=109240"},"modified":"2019-08-13T12:44:08","modified_gmt":"2019-08-13T16:44:08","slug":"bp-edward-kawa-niedlugo-bedziemy-sie-bali-zrobic-znak-krzyza-zeby-nikogo-nie-urazic","status":"publish","type":"post","link":"https:\/\/www.bibula.com\/?p=109240","title":{"rendered":"Bp Edward Kawa: nied\u0142ugo b\u0119dziemy si\u0119 bali zrobi\u0107 znak krzy\u017ca, \u017ceby nikogo nie urazi\u0107"},"content":{"rendered":"<p><strong>&#8211; <em>Jako obywatele swego pa\u0144stwa, jako katolicy, jako ludzie wierz\u0105cy, musimy broni\u0107 swoich warto\u015bci<\/em> &#8211; podkre\u015bli\u0142 bp Edward Kawa, kt\u00f3ry w poniedzia\u0142ek wieczorem przewodniczy\u0142 Mszy \u015awi\u0119tej w czasie Wielkiego Odpustu Kalwaryjskiego ku czci Wniebowzi\u0119cia Naj\u015bwi\u0119tszej Maryi Panny w Kalwarii Pac\u0142awskiej ko\u0142o Przemy\u015bla.<\/strong><\/p>\r\n<p>Nawi\u0105zuj\u0105c do ewangelicznej sceny cudu z Kany Galilejskiej, bp Kawa stwierdzi\u0142, \u017ce i dzisiaj my &#8211; wierni \u201epotrzebujemy tego wina, tego Ducha \u015awi\u0119tego\u201d. &#8211; <em>By\u015bmy byli mocni w wierze, aby\u015bmy dzisiaj wiedzieli w kogo wierzymy, na czym polega nasza wiara i aby\u015bmy bronili tych warto\u015bci, kt\u00f3re wyp\u0142ywaj\u0105 z wiary i mojej relacji z Bogiem. Aby\u015bmy je przekazywali, aby\u015bmy nimi \u017cyli i dawali \u015bwiatu prawdziwe \u015bwiadectwo ludzi wierz\u0105cych<\/em> &#8211; wskazywa\u0142.<\/p>\r\n<p>Lwowski biskup pomocniczy podkre\u015bli\u0142, \u017ce bardzo potrzeba, aby\u015bmy byli \u015bwiadomymi i odwa\u017cnymi katolikami. &#8211; <em>Mo\u017cemy milcze\u0107, patrze\u0107, z czasem mo\u017cemy si\u0119 zacz\u0105\u0107 ba\u0107. Ju\u017c nied\u0142ugo b\u0119dziemy si\u0119 bali nawet zrobi\u0107 znak krzy\u017ca w miejscu publicznym, bo mo\u017cemy kogo\u015b urazi\u0107. A mo\u017cemy dzisiaj, jako obywatele swego pa\u0144stwa, jako katolicy, jako ludzie wierz\u0105cy, w\u0142a\u015bnie broni\u0107 swoich warto\u015bci. M\u00f3wi\u0107 o tym, \u017ce to ja jestem katolikiem, to ja nale\u017c\u0119 do tego Ko\u015bcio\u0142a, to mnie przede wszystkim obra\u017ca to, \u017ce kto\u015b publicznie \u0142amie moje przekonania religijne, zn\u0119ca si\u0119 czy wy\u015bmiewa moj\u0105 wiar\u0119, \u0142amie moje prawa<\/em> &#8211; m\u00f3wi\u0142 stanowczo.<\/p>\r\n<p>KAI<\/p>\r\n<p>TK<\/p>\r\n<p class=\"zrodlo\">Za: <a href=\"https:\/\/www.pch24.pl\/bp-edward-kawa--niedlugo-bedziemy-sie-bali-zrobic-znak-krzyza--zeby-nikogo-nie-urazic,70132,i.html\">PoloniaChristiana &#8211; pch24.pl (2019-08-13)<\/a><\/p>\r\n<blockquote>\r\n<p>[<strong>Wybrane wypowiedzi internaut\u00f3w pod w\/w tekstem na stronie \u017ar\u00f3d\u0142owej:<\/strong>]<\/p>\r\n<p>Jak wiemy po powrocie z Brukseli na lotnisku w Warszawie hierarchowie zapytani dlaczego pochowali Krzy\u017ce do kieszeni wewn\u0119trznych marynarek o\u015bwiadczyli: &#8222;aby nie dra\u017cni\u0107&#8221;.<br>\r\n<em>Ry\u015b<\/em><\/p>\r\n<\/blockquote>\r\n<h4>&nbsp;<\/h4>\r\n<hr style=\"background-color: #000000; border-width: 0; color: #000000; height: 2px; line-height: 0; text-align: center; width: 100%;\">\r\n<h4>&nbsp;<\/h4>","protected":false},"excerpt":{"rendered":"&#8211; Jako obywatele swego pa\u0144stwa, jako katolicy, jako ludzie wierz\u0105cy, musimy broni\u0107 swoich warto\u015bci &#8211; podkre\u015bli\u0142 bp Edward Kawa, kt\u00f3ry w poniedzia\u0142ek wieczorem przewodniczy\u0142 Mszy \u015awi\u0119tej w czasie Wielkiego Odpustu Kalwaryjskiego ku czci Wniebowzi\u0119cia Naj\u015bwi\u0119tszej Maryi Panny w Kalwarii Pac\u0142awskiej ko\u0142o Przemy\u015bla. Nawi\u0105zuj\u0105c do ewangelicznej sceny cudu z Kany Galilejskiej, bp Kawa stwierdzi\u0142, \u017ce i [&hellip;]","protected":false},"author":1,"featured_media":0,"comment_status":"closed","ping_status":"closed","sticky":false,"template":"","format":"standard","meta":{"_acf_changed":false,"_monsterinsights_skip_tracking":false,"_monsterinsights_sitenote_active":false,"_monsterinsights_sitenote_note":"","_monsterinsights_sitenote_category":0,"ngg_post_thumbnail":0,"footnotes":"","_wp_rev_ctl_limit":""},"categories":[5],"tags":[98],"acf":[],"_links":{"self":[{"href":"https:\/\/www.bibula.com\/index.php?rest_route=\/wp\/v2\/posts\/109240"}],"collection":[{"href":"https:\/\/www.bibula.com\/index.php?rest_route=\/wp\/v2\/posts"}],"about":[{"href":"https:\/\/www.bibula.com\/index.php?rest_route=\/wp\/v2\/types\/post"}],"author":[{"embeddable":true,"href":"https:\/\/www.bibula.com\/index.php?rest_route=\/wp\/v2\/users\/1"}],"replies":[{"embeddable":true,"href":"https:\/\/www.bibula.com\/index.php?rest_route=%2Fwp%2Fv2%2Fcomments&post=109240"}],"version-history":[{"count":0,"href":"https:\/\/www.bibula.com\/index.php?rest_route=\/wp\/v2\/posts\/109240\/revisions"}],"wp:attachment":[{"href":"https:\/\/www.bibula.com\/index.php?rest_route=%2Fwp%2Fv2%2Fmedia&parent=109240"}],"wp:term":[{"taxonomy":"category","embeddable":true,"href":"https:\/\/www.bibula.com\/index.php?rest_route=%2Fwp%2Fv2%2Fcategories&post=109240"},{"taxonomy":"post_tag","embeddable":true,"href":"https:\/\/www.bibula.com\/index.php?rest_route=%2Fwp%2Fv2%2Ftags&post=109240"}],"curies":[{"name":"wp","href":"https:\/\/api.w.org\/{rel}","templated":true}]}}