{"id":109238,"date":"2019-08-13T12:38:05","date_gmt":"2019-08-13T16:38:05","guid":{"rendered":"http:\/\/www.bibula.com\/?p=109238"},"modified":"2019-08-14T09:38:06","modified_gmt":"2019-08-14T13:38:06","slug":"impresje-lwowskie-i-praukrainskie-stanislaw-michalkiewicz","status":"publish","type":"post","link":"https:\/\/www.bibula.com\/?p=109238","title":{"rendered":"Impresje lwowskie i \u201epraukrai\u0144skie&#8221; &#8211; <em>Stanis\u0142aw Michalkiewicz<\/em>"},"content":{"rendered":"<p>Co tu ukrywa\u0107; podr\u00f3\u017ce kszta\u0142c\u0105. Niedawno w grupce przyjaci\u00f3\u0142 wybra\u0142em si\u0119 do Lwowa, kt\u00f3ry zgodnie z aktualnym suwem historycznym nale\u017cy do Ukrainy. Historia bowiem &#8211; tak przynajmniej twierdzi\u0142 Antoni S\u0142onimski &#8211; rozwija si\u0119 dwusuwowo, o czym najlepiej przypomina pobyt w\u0142a\u015bnie we Lwowie. Suw pierwszy &#8211; chrze\u015bcijanie dla lw\u00f3w. Suw drugi &#8211; Lw\u00f3w dla chrze\u015bcijan. Wszystko si\u0119 zgadza tym bardziej, \u017ce i chrze\u015bcijanin chrze\u015bcijaninowi nier\u00f3wny. Jedni s\u0105 bowiem katolikami, inni &#8211; i grekokatolikami, a wreszcie inni &#8211; prawos\u0142awnymi. Nie wiem, czy we Lwowie s\u0105 jacy\u015b protestanci, ale je\u015bli nawet s\u0105, to w zdecydowanej mniejszo\u015bci, jeszcze mniejszej, ni\u017c mniejszo\u015b\u0107 katolicka. Kiedy\u015b by\u0142o inaczej &#8211; o czym \u015bwiadcz\u0105 lwowskie ko\u015bcio\u0142y, na czele z katedr\u0105, w kt\u00f3rej kr\u00f3l Jan Kazimierz 1 kwietnia 1656 roku og\u0142osi\u0142 Matk\u0119 Bosk\u0105 Kr\u00f3low\u0105 Korony Polskiej &#8211; a zatem i Wielk\u0105 Ksi\u0119\u017cn\u0105 Litewsk\u0105, bo po Unii Lubelskiej obydwa tytu\u0142y by\u0142y ze sob\u0105 zwi\u0105zane. Jak ju\u017c wspomina\u0142em, nie by\u0142 to akt wy\u0142\u0105cznie religijny, ale i pa\u0144stwowy, bo podkanclerzy Stefan Koryci\u0144ski wyg\u0142osi\u0142 tzw. deklaracj\u0119 obioru, \u201e<i>w imieniu rz\u0105dc\u00f3w, dostojnik\u00f3w i wszystkich lud\u00f3w kr\u00f3lestwa tego<\/i>\u201d. Ta deklaracja zosta\u0142a zarejestrowana w grodzie, co wed\u0142ug \u00f3wczesnego prawa odpowiada\u0142o og\u0142oszeniu w Dzienniku Ustaw. W dodatku Pius XII w 1950 roku og\u0142osi\u0142 dogmat o wniebowzi\u0119ciu Matki Bo\u017cej &#8211; \u017ce zosta\u0142a wzi\u0119ta do nieba \u201e<i>z dusz\u0105 i cia\u0142em<\/i>\u201d &#8211; co oznacza, \u017ce w Jej przypadku nie nast\u0105pi\u0142o rozdzielenie duszy z cia\u0142em, co normalnie oznacza \u015bmier\u0107. Zatem akt z 1 kwietnia 1656 roku nie dotyczy osoby zmar\u0142ej, tylko \u017cyj\u0105cej, a poniewa\u017c nie zosta\u0142 on uchylony przez \u017cadn\u0105 w\u0142adz\u0119, ani polsk\u0105, ani obc\u0105 &#8211; abstrahuj\u0105c ju\u017c od kompetencji w\u0142adzy obcej w tej sprawie &#8211; to znaczy, \u017ce Polska jest monarchi\u0105, a ci wszyscy prezydenci &#8211; tylko rodzajem regent\u00f3w. Tymczasem poczynaj\u0105 oni sobie, jakby nie byli regentami i taki na przyk\u0142ad prezydent Lech Kaczy\u0144ski ratyfikowa\u0142 traktat lizbo\u0144ski, amputuj\u0105cy Polsce ogromny kawa\u0142 suwerenno\u015bci, nawet nie pr\u00f3buj\u0105c zasi\u0119gn\u0105\u0107 opinii Kr\u00f3lowej w tej sprawie. Tote\u017c nic dziwnego, \u017ce mog\u0142a poczu\u0107 si\u0119 dotkni\u0119ta tym lekcewa\u017ceniem, z czego powinni\u015bmy wyci\u0105gn\u0105\u0107 wnioski i si\u0119 opami\u0119ta\u0107 z t\u0105 demokracj\u0105. Tymczasem demokracj\u0119 zachwalaj\u0105 nawet niekt\u00f3re osoby duchowne, co sprawia, \u017ce Ko\u015bci\u00f3\u0142 na w\u0142asne \u017cyczenie staje si\u0119 bezradny wobec ofensywy sodomit\u00f3w &#8211; by\u0107 mo\u017ce nawet inspirowanej przez \u017byd\u00f3w &#8211; by w ten spos\u00f3b wywo\u0142a\u0107 w Polsce konflikt zast\u0119pczy, odwracaj\u0105cy uwag\u0119 narodu od najwi\u0119kszego zagro\u017cenia, jakie zawis\u0142o nad nim od 1939 roku, w postaci okupacji \u017cydowskiej.<\/p>\r\n<p>Tak sobie rozmy\u015bla\u0142em podczas sumy w katedrze lwowskiej, kiedy zgromadzeni tam Polacy \u015bpiewali pie\u015bni, u nas ju\u017c dawno wyparte przez r\u00f3\u017cne grafoma\u0144skie produkcje na obstalunek, podczas gdy tamte nie tylko s\u0105 teologicznie pouczaj\u0105ce, ale i brzmi\u0105 dostojnie, r\u00f3wnie\u017c z powodu dawno\u015bci: \u201e<i>Idzie, idzie B\u00f3g prawdziwy, idzie S\u0119dzia Sprawiedliwy, sta\u0144my wszyscy jednym ko\u0142em i uderzmy przed nim czo\u0142em<\/i>\u201d. Bo ta katedra jest ca\u0142y czas ta sama, tylko Polak\u00f3w we Lwowie jest mniej, w zwi\u0105zku z czym dawne katolickie ko\u015bcio\u0142y zosta\u0142y przej\u0119te przez grekokatolik\u00f3w &#8211; bo ten obrz\u0105dek jest rodzajem ukrai\u0144skiego ko\u015bcio\u0142a narodowego. W odr\u00f3\u017cnieniu bowiem od nacjonalizmu polskiego, kt\u00f3ry jest poczciwy, nacjonali\u015bci ukrai\u0144scy owin\u0119li sobie ko\u015bci\u00f3\u0142 grekokatolicki dooko\u0142a palca, wi\u0119c ta\u0144czy on tak, jak mu oni zagraj\u0105. Tote\u017c pewnie dlatego w pobli\u017cu le\u017c\u0105cego oko\u0142o 30 kilometr\u00f3w od Lwowa Zadw\u00f3rza, zwanego \u201e<i>Polskimi Termopilami<\/i>\u201d, gdzie 17 sierpnia 1920 roku 330 polskich \u017co\u0142nierzy powstrzymywa\u0142o nap\u00f3r Armii Konnej Budionnego na miasto i gdzie zostali pochowani w bratniej mogile, nad kt\u00f3r\u0105 usypano kurhan i postawiono pomnik u st\u00f3p kt\u00f3rego jest napis przypominaj\u0105cy o walce tych \u017co\u0142nierzy, kt\u00f3rzy, nawiasem m\u00f3wi\u0105c, wszyscy zgin\u0119li &#8211; tote\u017c pewnie dlatego trudno tam trafi\u0107, bo poza poln\u0105 \u015bcie\u017ck\u0105 nie prowadzi tam \u017cadna droga, przy kt\u00f3rej sta\u0142aby tablica informuj\u0105ca, jak tam dojecha\u0107. Tutejsi Polacy jednak i bez tablicy wiedz\u0105, tote\u017c &#8211; jak nam powiedzia\u0142 miejscowy dr\u00f3\u017cnik &#8211; bo pomnik stoi przy dwutorowej linii kolejowej &#8211; w ka\u017cd\u0105 rocznic\u0119 przybywaj\u0105 tam \u201e<i>t\u0142umy<\/i>\u201d. By\u0107 mo\u017ce brak takich drogowskaz\u00f3w ma charakter intencjonalny, ale by\u0107 mo\u017ce jest nast\u0119pstwem og\u00f3lnego zaniedbania, jakim ta cz\u0119\u015b\u0107 Ukrainy si\u0119 charakteryzuje, a im dalej na wsch\u00f3d, tym podobno gorzej. Fatalne s\u0105 zw\u0142aszcza boczne drogi, wi\u0119c wida\u0107, \u017ce pan S\u0142awomir Nowak, uchodz\u0105cy przy Donaldzie Tusku za t\u0119g\u0105 g\u0142ow\u0119, tu si\u0119 nie popisa\u0142 i s\u0142usznie zamierzaj\u0105 wsadzi\u0107 go do wi\u0119zienia &#8211; bo jestem pewien, \u017ce pow\u00f3d si\u0119 znajdzie i wcale nie trzeba go b\u0119dzie naci\u0105ga\u0107.<\/p>\r\n<p>Za to nie brakuje teorii, bardzo zreszt\u0105 podobnych do snutych przez nadwi\u015bla\u0144skich zwolennik\u00f3w \u201e<i>Wielkiej Lechii<\/i>\u201d, z tym, \u017ce na Ukrainie rol\u0119 pana Bieszka odgrywa pan Wasyl Kobyluch. Twierdzi on, \u017ce Ukraina, to znaczy &#8211; prastara ziemia ukrai\u0144ska jest \u201e<i>kolebk\u0105 ludzko\u015bci<\/i>\u201d i \u017ce tutejsi \u201e<i>Praukrai\u0144cy<\/i>\u201d dali pocz\u0105tek wszystkim j\u0119zykom \u015bwiata. Nie tylko zreszt\u0105 j\u0119zykom, bo i religiom. Na przyk\u0142ad \u201e<i>Praukrai\u0144cy<\/i>\u201d ju\u017c 45 tysi\u0119cy lat temu wynale\u017ali obrz\u0119d chrztu wod\u0105, z czego sprytnie skorzysta\u0142 Chrystus, kt\u00f3ry zreszt\u0105 od 12 do 20 roku \u017cycia pobiera\u0142 na Rusi nauki w tutejszej Wy\u017cszej Szkole M\u0119drc\u00f3w. My\u015bl\u0119, \u017ce ta Wy\u017csza Szko\u0142a wypu\u015bci\u0142a znacznie wi\u0119cej absolwent\u00f3w, tote\u017c nic dziwnego, \u017ce trwaj\u0105 mi\u0119dzy nimi za\u017carte spory, na przyk\u0142ad o to, kto wymy\u015bli\u0142 ko\u0142o. Pan Kobyluch twierdzi ponad wszelk\u0105 w\u0105tpliwo\u015b\u0107, \u017ce wynalazku tego dokonali \u201e<i>Praukrai\u0144cy<\/i>\u201d, ale z kolei jego rosyjscy odpowiednicy twierdz\u0105, \u017ce ko\u0142o wynale\u017ali Rosjanie, podobnie zreszt\u0105, jak wiele innych rzeczy. Na przyk\u0142ad matematyk\u0119 wynalaz\u0142 Pietia Goras, a z kolei filozofi\u0119 &#8211; Pantarejew, kt\u00f3ry odkry\u0142, \u017ce \u201e<i>wsio p\u0142awajet<\/i>\u201d. Nie potrzebuj\u0119 dodawa\u0107, \u017ce ka\u017cde z tych twierdze\u0144 jest poparte niezbitymi dowodami r\u00f3wnie\u017c w postaci dokument\u00f3w, jakie ka\u017cdy mo\u017ce zobaczy\u0107 w bibliotekach dalekich uniwersytet\u00f3w, na przyk\u0142ad &#8211; Uniwersytetu Ziemi Ognistej w Punta Arenas. Co na temat wynalezienia ko\u0142a s\u0105dz\u0105 zwolennicy Wielkiej Lechii &#8211; tego szczerze m\u00f3wi\u0105c nie wiem, ale my\u015bl\u0119, \u017ce po kilku mi\u0119dzynarodowych sympozjonach naukowych w Wy\u017cszej Szkole M\u0119drc\u00f3w, ta kwestia zostanie uzgodniona, by\u0107 mo\u017ce nawet &#8211; przez g\u0142osowanie &#8211; \u017ceby wszystko by\u0142o zgodne z demokracj\u0105.<\/p>\r\n<p><strong><em>Stanis\u0142aw Michalkiewicz<\/em><\/strong><\/p>\r\n<p>Felieton &nbsp;<b>\u2022<\/b>&nbsp; Portal Informacyjny \u201eMagna Polonia\u201d (www.magnapolonia.org) &nbsp;<b>\u2022<\/b>&nbsp; 13 sierpnia 2019<\/p>","protected":false},"excerpt":{"rendered":"Co tu ukrywa\u0107; podr\u00f3\u017ce kszta\u0142c\u0105. Niedawno w grupce przyjaci\u00f3\u0142 wybra\u0142em si\u0119 do Lwowa, kt\u00f3ry zgodnie z aktualnym suwem historycznym nale\u017cy do Ukrainy. Historia bowiem &#8211; tak przynajmniej twierdzi\u0142 Antoni S\u0142onimski &#8211; rozwija si\u0119 dwusuwowo, o czym najlepiej przypomina pobyt w\u0142a\u015bnie we Lwowie. Suw pierwszy &#8211; chrze\u015bcijanie dla lw\u00f3w. Suw drugi &#8211; Lw\u00f3w dla chrze\u015bcijan. Wszystko [&hellip;]","protected":false},"author":1,"featured_media":0,"comment_status":"closed","ping_status":"closed","sticky":false,"template":"","format":"standard","meta":{"_acf_changed":false,"_monsterinsights_skip_tracking":false,"_monsterinsights_sitenote_active":false,"_monsterinsights_sitenote_note":"","_monsterinsights_sitenote_category":0,"ngg_post_thumbnail":0,"footnotes":"","_wp_rev_ctl_limit":""},"categories":[9],"tags":[188,34,167],"acf":[],"_links":{"self":[{"href":"https:\/\/www.bibula.com\/index.php?rest_route=\/wp\/v2\/posts\/109238"}],"collection":[{"href":"https:\/\/www.bibula.com\/index.php?rest_route=\/wp\/v2\/posts"}],"about":[{"href":"https:\/\/www.bibula.com\/index.php?rest_route=\/wp\/v2\/types\/post"}],"author":[{"embeddable":true,"href":"https:\/\/www.bibula.com\/index.php?rest_route=\/wp\/v2\/users\/1"}],"replies":[{"embeddable":true,"href":"https:\/\/www.bibula.com\/index.php?rest_route=%2Fwp%2Fv2%2Fcomments&post=109238"}],"version-history":[{"count":0,"href":"https:\/\/www.bibula.com\/index.php?rest_route=\/wp\/v2\/posts\/109238\/revisions"}],"wp:attachment":[{"href":"https:\/\/www.bibula.com\/index.php?rest_route=%2Fwp%2Fv2%2Fmedia&parent=109238"}],"wp:term":[{"taxonomy":"category","embeddable":true,"href":"https:\/\/www.bibula.com\/index.php?rest_route=%2Fwp%2Fv2%2Fcategories&post=109238"},{"taxonomy":"post_tag","embeddable":true,"href":"https:\/\/www.bibula.com\/index.php?rest_route=%2Fwp%2Fv2%2Ftags&post=109238"}],"curies":[{"name":"wp","href":"https:\/\/api.w.org\/{rel}","templated":true}]}}