{"id":109232,"date":"2019-08-12T13:53:13","date_gmt":"2019-08-12T17:53:13","guid":{"rendered":"http:\/\/www.bibula.com\/?p=109232"},"modified":"2019-08-12T13:55:42","modified_gmt":"2019-08-12T17:55:42","slug":"muzulmanski-nauczyciel-w-polsce-mowi-o-tym-kiedy-mozna-zabijac-niewiernych-nie-zabijamy-od-razu-video","status":"publish","type":"post","link":"https:\/\/www.bibula.com\/?p=109232","title":{"rendered":"Muzu\u0142ma\u0144ski nauczyciel w Polsce m\u00f3wi o tym kiedy mo\u017cna ZABIJA\u00c4\u2020 niewiernych \u201eNie zabijamy\u2026 od razu&#8221;"},"content":{"rendered":"<p><strong>W sieci pojawi\u0142o si\u0119 bardzo niepokoj\u0105ce nagranie na kt\u00f3rym muzu\u0142ma\u0144ski nauczyciel w Polsce opowiada studentom o tym, kiedy mo\u017cna zabi\u0107 cz\u0142owieka. Nagranie udost\u0119pni\u0142a strona facebookowa \u201eWcale nie Sebki\u201d.<\/strong><\/p>\r\n<p><img fetchpriority=\"high\" decoding=\"async\" class=\"aligncenter\" title=\"Islam_Poznan_nczas\" src=\"https:\/\/nczas.com\/wp-content\/uploads\/2019\/08\/Islam_Poznan_nczas-696x464.jpg\" sizes=\"(max-width: 696px) 100vw, 696px\" srcset=\"https:\/\/nczas.com\/wp-content\/uploads\/2019\/08\/Islam_Poznan_nczas-696x464.jpg 696w, https:\/\/nczas.com\/wp-content\/uploads\/2019\/08\/Islam_Poznan_nczas-300x200.jpg 300w, https:\/\/nczas.com\/wp-content\/uploads\/2019\/08\/Islam_Poznan_nczas-768x512.jpg 768w, https:\/\/nczas.com\/wp-content\/uploads\/2019\/08\/Islam_Poznan_nczas-630x420.jpg 630w, https:\/\/nczas.com\/wp-content\/uploads\/2019\/08\/Islam_Poznan_nczas.jpg 900w\" alt=\"Muzu\u0142ma\u0144ski nauczyciel w Poznaniu m\u00f3wi o zabijaniu \u0179r\u00f3d\u0142o: Facebook \" width=\"596\" height=\"397\"><\/p>\r\n<p style=\"text-align: center;\"><em>Muzu\u0142ma\u0144ski nauczyciel w Poznaniu m\u00f3wi o zabijaniu \u0179r\u00f3d\u0142o: Facebook &#8222;Wcale nie Sebki&#8221; prt sc<\/em><\/p>\r\n<p>M\u0119\u017cczyzna na nagraniu &#8211; prawdopodobnie pochodzenia arabskiego lub tureckiego &#8211; gimnastykuje si\u0119 intelektualnie jak mo\u017ce by jego przekaz zabrzmia\u0142 w miar\u0119 liberalnie.<\/p>\r\n<p>Pewnych rzeczy si\u0119 jednak nie da zak\u0142ama\u0107 wi\u0119c z przekazu nauczyciela jasno wynika &#8211; w Islamie mo\u017cna zabija\u0107, a s\u0105 takie przypadki kiedy jest to wskazane i nie chodzi tu o europejski model kary \u015bmierci za morderstwo.<\/p>\r\n<p>Mo\u017cna zabija\u0107 tych, kt\u00f3rzy odst\u0105pili od wiary (cho\u0107 m\u0119\u017cczyzna stara si\u0119 to zagmatwa\u0107), tych kt\u00f3rzy dopu\u015bcili si\u0119 zdrady i mo\u017cna zabija\u0107 tych co nie pozwalaj\u0105 na g\u0142oszenie Islamu.<\/p>\r\n<p>W tym ostatnim przypadku m\u0119\u017cczyzna z nagrania u\u017cywa bardzo niepokoj\u0105cego por\u00f3wnania do rozjechania kogo\u015b wozem stra\u017cackim &#8211; od razu nasuwa si\u0119 skojarzenie z jarmarkiem Bo\u017conarodzeniowym w Niemczech.<\/p>\r\n<p>Nauczyciel m\u00f3wi tez o tym, \u017ce w Islamie co prawda nie ma przymusu wiary, ale niewierz\u0105cy musz\u0105 p\u0142aci\u0107 Muzu\u0142manom haracz &#8211; ten oburzaj\u0105cy pomys\u0142 te\u017c stara si\u0119 jako\u015b wyt\u0142umaczy\u0107.<\/p>\r\n<p><strong>\u0179EBY ZOBACZY\u00c4\u2020 FILM <a href=\"https:\/\/www.facebook.com\/niesebki\/videos\/429516724320814\/\"><span style=\"text-decoration: underline;\">KLIKNIJ TUTAJ<\/span><\/a><\/strong><\/p>\r\n<p>\u0179r\u00f3d\u0142o: Facebook<\/p>\r\n<p class=\"zrodlo\">Za: <a href=\"https:\/\/nczas.com\/2019\/08\/12\/muzulmanski-nauczyciel-w-polsce-mowi-o-tym-kiedy-mozna-zabijac-niewiernych-nie-zabijamy-od-razu-video\/\">Najwy\u017cszy Czas! (12\/08\/2019)<\/a> &#8211; [Org. tytu\u0142: \u00abMuzu\u0142ma\u0144ski nauczyciel w Polsce m\u00f3wi o tym kiedy mo\u017cna ZABIJA\u00c4\u2020 niewiernych \u201eNie zabijamy\u2026 od razu\u201d [VIDEO]\u00bb]<\/p>\r\n<h4>&nbsp;<\/h4>\r\n<hr style=\"background-color: #000000; border-width: 0; color: #000000; height: 2px; line-height: 0; text-align: center; width: 100%;\">\r\n<h4>&nbsp;<\/h4>\r\n<h2>W Warszawie jest ju\u017c tylu islamskich imigrant\u00f3w, \u017ce w meczetach zrobi\u0142o si\u0119 ciasno<\/h2>\r\n<p><strong>Dzia\u0142aj\u0105cy w Warszawie imam Nezar Charif twierdzi, \u017ce w Warszawie jest ju\u017c tylu muzu\u0142man\u00f3w, \u017ce potrzebny jest kolejny meczet.<\/strong><\/p>\r\n<p>Charif rozmawia\u0142 z dziennikarzem portalu Onet, kt\u00f3ry to portal zamie\u015bci\u0142 w niedziel\u0119 nagranie wywiadu. \u201eWi\u0119kszy meczet, albo rozbudow\u0119\u201d &#8211; tak imam okre\u015bli\u0142 potrzeby spo\u0142eczno\u015bci mieszkaj\u0105cych w Warszawie muzu\u0142man\u00f3w. Doda\u0142 jednak, \u017ce na razie \u015brodowisko to nie dysponuje mo\u017cliwo\u015bciami by przeprowadzi\u0107 tego rodzaju inwestycj\u0119.<\/p>\r\n<p>\u201eJu\u017c jest kilka meczet\u00f3w w Warszawie, w ka\u017cdym meczecie jest ciasno\u201d &#8211; t\u0142umaczy\u0142 Charif podkre\u015blaj\u0105cy, \u017ce liczba muzu\u0142man\u00f3w w Warszawie si\u0119 zwi\u0119ksza. Sam dziennikarz dopowiada, \u017ce aby wsp\u00f3lnie uczestniczy\u0107 w obchodach muzu\u0142ma\u0144skich \u015bwi\u0105t, wyznawcy islamu wynajmuj\u0105 na te potrzeby inne hale.<\/p>\r\n<p>Jak zauwa\u017ca imam Charif, najwi\u0119kszy meczet jest w stanie pomie\u015bci\u0107 oko\u0142o tysi\u0105ca os\u00f3b. Dlatego jeszcze raz zaznacza &#8211; \u201ePrzyda\u0142by si\u0119 jeszcze jeden meczet\u201d<\/p>\r\n<p>Jak poinformowa\u0142 w niedziel\u0119 portal Dziennik Narodowy, aby przeprowadzi\u0107 tego dnia islamskie \u015bwi\u0119to Eid al-Adha, grupa muzu\u0142man\u00f3w wynaj\u0119\u0142a na ten dzie\u0144 w Warszawie hal\u0119 mog\u0105c\u0105 pomie\u015bci\u0107 2 tys. os\u00f3b.<\/p>\r\n<p>Polska jest pa\u0144stwem kt\u00f3re w zesz\u0142ym roku przyj\u0119\u0142a rekordow\u0105 liczb\u0119 imigrant\u00f3w spo\u015br\u00f3d wszystkich pa\u0144stw Unii Europejskiej. <a href=\"https:\/\/kresy.pl\/wydarzenia\/polska\/polityka-otwartych-granica-liczba-zezwolen-na-prace-cudzoziemcow-wzrosla-od-2015-wzrosla-pieciokrotnie\/\">W czasach rz\u0105du Prawa i Sprawiedliwo\u015bci liczba pozwole\u0144 na prac\u0119 wydanych cudzoziemcom wzros\u0142a w Polsce pi\u0119ciokrotnie.<\/a><\/p>\r\n<ul>\r\n\t<li>Czytaj tak\u017ce:&nbsp;<a href=\"https:\/\/kresy.pl\/publicystyka\/na-progu-imigracyjnej-katastrofy\/\">Na progu imigracyjnej katastrofy. Sko\u0144czymy jak Niemcy, Francuzi i Brytyjczycy?<\/a><\/li>\r\n<\/ul>\r\n<p>onet.pl\/dzienniknarodowy.pl\/kresy.pl<\/p>\r\n<p class=\"zrodlo\">Za: <a href=\"https:\/\/kresy.pl\/wydarzenia\/polska\/w-warszawie-jest-juz-tylu-islamskich-imigrantow-ze-w-meczetach-zrobila-sie-ciasno\/\">Kresy.pl (12 sierpnia 2019)<\/a><\/p>\r\n<h4>&nbsp;<\/h4>\r\n<hr style=\"background-color: #000000; border-width: 0; color: #000000; height: 2px; line-height: 0; text-align: center; width: 100%;\">\r\n<h4>&nbsp;<\/h4>\r\n<h2>Muzu\u0142manie w Polsce przyznaj\u0105 si\u0119 do \u0142amania prawa. Ub\u00f3j rytualny i tajne spotkanie w rze\u017aniach [FOTO]<\/h2>\r\n<p><strong>Na terenie Rzeczypospolitej Polskiej (na szcz\u0119\u015bcie) barbarzy\u0144ski ub\u00f3j rytualny jest zakazany. Niestety okazuje si\u0119, \u017ce istniej\u0105ce w Polsce gminy muzu\u0142ma\u0144skie chc\u0105 by\u0107 nie fair wobec naszego prawa i potajemnie umawiaj\u0105 si\u0119 z rze\u017anikami na zakazane praktyki, tym samym omijaj\u0105c przepisy.<\/strong><\/p>\r\n<p>Tajne spotkanie w rze\u017aniach organizowane po to, aby w bestialski, barbarzy\u0144ski i niehumanitarny spos\u00f3b mordowa\u0107 zwierz\u0119ta &#8211; brzmi to jak opis jakiego\u015b horroru o satanistach.<\/p>\r\n<p>Niestety okazuje si\u0119, \u017ce to nie film, a rzeczywisto\u015b\u0107. Takiego procederu pono\u0107 dopuszczaj\u0105 si\u0119 mieszkaj\u0105cy w naszym kraju Muzu\u0142manie.<\/p>\r\n<p>Co wi\u0119cej, niekt\u00f3rzy nie do\u015b\u0107, \u017ce sami si\u0119 do tego przyznaj\u0105 w mediach spo\u0142eczno\u015bciowych, to jeszcze szukaj\u0105 w Internecie ludzi, kt\u00f3rzy mogliby im pom\u00f3c w pope\u0142nieniu przest\u0119pstwa.<\/p>\r\n<p>Nie wiadomo czy Facebook, kt\u00f3ry z tak\u0105 zawzi\u0119to\u015bci\u0105 \u015bledzi i cenzuruje polskie strony prawicowe ju\u017c zaj\u0105\u0142 si\u0119 t\u0105 spraw\u0105.<\/p>\r\n<p>Gdzie podziali si\u0119 obro\u0144cy zwierz\u0105t? Czy polskie organy \u015bcigania ju\u017c dzia\u0142aj\u0105? Czy te\u017c zostanie to puszczone tym ludziom p\u0142azem?<\/p>\r\n<p>Dow\u00f3d:<\/p>\r\n<p><img decoding=\"async\" class=\"aligncenter\" src=\"https:\/\/nczas.com\/wp-content\/uploads\/2019\/08\/68755270_2400390003537171_5620701654484516864_n.png\" width=\"600\" height=\"586\"><\/p>\r\n<p style=\"text-align: center;\"><em>\u0179r\u00f3d\u0142o: Facebook<\/em><\/p>\r\n<p class=\"zrodlo\">Za: <a href=\"https:\/\/nczas.com\/2019\/08\/12\/muzulmanie-w-polsce-przyznaja-sie-do-lamania-prawa-uboj-rytualny-i-tajne-spotkanie-w-rzezniach-foto\/\">Najwy\u017cszy Czas! (12\/08\/2019)<\/a><\/p>\r\n<h4>&nbsp;<\/h4>\r\n<hr style=\"background-color: #000000; border-width: 0; color: #000000; height: 2px; line-height: 0; text-align: center; width: 100%;\">\r\n<h4>&nbsp;<\/h4>","protected":false},"excerpt":{"rendered":"W sieci pojawi\u0142o si\u0119 bardzo niepokoj\u0105ce nagranie na kt\u00f3rym muzu\u0142ma\u0144ski nauczyciel w Polsce opowiada studentom o tym, kiedy mo\u017cna zabi\u0107 cz\u0142owieka. Nagranie udost\u0119pni\u0142a strona facebookowa \u201eWcale nie Sebki\u201d. Muzu\u0142ma\u0144ski nauczyciel w Poznaniu m\u00f3wi o zabijaniu \u0179r\u00f3d\u0142o: Facebook &#8222;Wcale nie Sebki&#8221; prt sc M\u0119\u017cczyzna na nagraniu &#8211; prawdopodobnie pochodzenia arabskiego lub tureckiego &#8211; gimnastykuje si\u0119 intelektualnie [&hellip;]","protected":false},"author":1,"featured_media":0,"comment_status":"closed","ping_status":"closed","sticky":false,"template":"","format":"standard","meta":{"_acf_changed":false,"_monsterinsights_skip_tracking":false,"_monsterinsights_sitenote_active":false,"_monsterinsights_sitenote_note":"","_monsterinsights_sitenote_category":0,"ngg_post_thumbnail":0,"footnotes":"","_wp_rev_ctl_limit":""},"categories":[8],"tags":[76,70,98,169],"acf":[],"_links":{"self":[{"href":"https:\/\/www.bibula.com\/index.php?rest_route=\/wp\/v2\/posts\/109232"}],"collection":[{"href":"https:\/\/www.bibula.com\/index.php?rest_route=\/wp\/v2\/posts"}],"about":[{"href":"https:\/\/www.bibula.com\/index.php?rest_route=\/wp\/v2\/types\/post"}],"author":[{"embeddable":true,"href":"https:\/\/www.bibula.com\/index.php?rest_route=\/wp\/v2\/users\/1"}],"replies":[{"embeddable":true,"href":"https:\/\/www.bibula.com\/index.php?rest_route=%2Fwp%2Fv2%2Fcomments&post=109232"}],"version-history":[{"count":0,"href":"https:\/\/www.bibula.com\/index.php?rest_route=\/wp\/v2\/posts\/109232\/revisions"}],"wp:attachment":[{"href":"https:\/\/www.bibula.com\/index.php?rest_route=%2Fwp%2Fv2%2Fmedia&parent=109232"}],"wp:term":[{"taxonomy":"category","embeddable":true,"href":"https:\/\/www.bibula.com\/index.php?rest_route=%2Fwp%2Fv2%2Fcategories&post=109232"},{"taxonomy":"post_tag","embeddable":true,"href":"https:\/\/www.bibula.com\/index.php?rest_route=%2Fwp%2Fv2%2Ftags&post=109232"}],"curies":[{"name":"wp","href":"https:\/\/api.w.org\/{rel}","templated":true}]}}