{"id":109188,"date":"2019-08-09T11:49:28","date_gmt":"2019-08-09T15:49:28","guid":{"rendered":"http:\/\/www.bibula.com\/?p=109188"},"modified":"2020-09-17T21:35:34","modified_gmt":"2020-09-18T01:35:34","slug":"franciszek-oszalal-ostrzega-przed-suwerenizmem-chwali-unie-europejska-i-von-der-leyen-bo-jest-kobieta-pojawia-sie-tez-hitler-i-thunberg","status":"publish","type":"post","link":"https:\/\/www.bibula.com\/?p=109188","title":{"rendered":"Franciszek oszala\u0142. Ostrzega przed suwerenizmem, chwali Uni\u0119 Europejsk\u0105 i von der Leyen bo jest kobiet\u0105. Pojawia si\u0119 te\u017c Hitler i Thunberg"},"content":{"rendered":"<p class=\"lead ng-binding\"><strong>Franciszek powiedzia\u0142 dziennikowi \u201eLa Stampa\u201d, \u017ce \u201eEuropa nie mo\u017ce si\u0119 rozpu\u015bci\u0107\u201d. &#8211; <em>To jedno\u015b\u0107 historyczna i kulturowa oraz geograficzna<\/em> &#8211; przekonywa\u0142 i wezwa\u0142 o ochron\u0119 jej dziedzictwa. Przestrzeg\u0142 przed suwerenizmem i zamykaniem si\u0119 w swojej to\u017csamo\u015bci.<\/strong><\/p>\r\n<p>&#8211; <em>Marzenie ojc\u00f3w za\u0142o\u017cycieli by\u0142o sp\u00f3jne, bo by\u0142a to realizacja tej jedno\u015bci. Teraz nie mo\u017cna straci\u0107 tego dziedzictwa<\/em> &#8211; o\u015bwiadczy\u0142 Franciszek w wywiadzie dla w\u0142oskiej gazety.<\/p>\r\n<div class=\"cut1\">[&#8230;] <span class=\"podpis_sz\">Ca\u0142y tekst dost\u0119pny w materiale \u017ar\u00f3d\u0142owym<\/span><\/div>\r\n<p><em>\u0179r\u00f3d\u0142o: PAP<\/em><\/p>\r\n<h4>\u00a0<\/h4>\r\n<hr style=\"background-color: #000000; border-width: 0; color: #000000; height: 2px; line-height: 0; text-align: center; width: 100%;\" \/>\r\n<h4>\u00a0<\/h4>\r\n<blockquote>\r\n<p><strong>KOMENTARZ <em>BIBU\u0141Y<\/em><\/strong>: Nie jeste\u015bmy pewni czy &#8222;Franciszek oszala\u0142&#8221;, bowiem oszale\u0107 mo\u017ce kto\u015b kto wcze\u015bniej by\u0142 zdrowy na umy\u015ble i duchu. W przypadku ks. Bergoglio by\u0142o inaczej i ca\u0142a jego kariera pokazuje, \u017ce zawsze sprzyja\u0142 lewicowym nurtom i ideologiom. I w\u0142a\u015bnie DLATEGO zosta\u0142 wybrany aby sprawowa\u0107 Urz\u0105d Biskupa Rzymu &#8211; wybrany przez ignorant\u00f3w w purpurze, przez ludzi z\u0142ej woli przebranych w purpur\u0119 wykorzystuj\u0105cych swoj\u0105 pozycj\u0119 do destrukcji Ko\u015bcio\u0142a, wreszcie przez hierarch\u00f3w-idiot\u00f3w, kt\u00f3rzy daj\u0105 si\u0119 ba\u0142amuci\u0107 przez media. Zreszt\u0105, wybrany w <span style=\"text-decoration: underline;\"><a href=\"http:\/\/www.bibula.com\/?p=83706\">bardzo niejasnych okoliczno\u015bciach<\/a><\/span>.<\/p>\r\n<p>Franciszek jest dzisiaj najwi\u0119kszym niebezpiecze\u0144stwem dla Ko\u015bcio\u0142a Powszechnego. <strong>Jest jakim\u015b dopustem Bo\u017cym<\/strong> dla b\u0142\u0105dz\u0105cego, zagubionego, posoborowego Ko\u015bcio\u0142a.<\/p>\r\n<\/blockquote>\r\n<h4>\u00a0<\/h4>\r\n<hr style=\"background-color: #000000; border-width: 0; color: #000000; height: 2px; line-height: 0; text-align: center; width: 100%;\" \/>\r\n<h4>\u00a0<\/h4>","protected":false},"excerpt":{"rendered":"Franciszek powiedzia\u0142 dziennikowi \u201eLa Stampa\u201d, \u017ce \u201eEuropa nie mo\u017ce si\u0119 rozpu\u015bci\u0107\u201d. &#8211; To jedno\u015b\u0107 historyczna i kulturowa oraz geograficzna &#8211; przekonywa\u0142 i wezwa\u0142 o ochron\u0119 jej dziedzictwa. Przestrzeg\u0142 przed suwerenizmem i zamykaniem si\u0119 w swojej to\u017csamo\u015bci. &#8211; Marzenie ojc\u00f3w za\u0142o\u017cycieli by\u0142o sp\u00f3jne, bo by\u0142a to realizacja tej jedno\u015bci. Teraz nie mo\u017cna straci\u0107 tego dziedzictwa &#8211; [&hellip;]","protected":false},"author":1,"featured_media":0,"comment_status":"closed","ping_status":"closed","sticky":false,"template":"","format":"standard","meta":{"_acf_changed":false,"_monsterinsights_skip_tracking":false,"_monsterinsights_sitenote_active":false,"_monsterinsights_sitenote_note":"","_monsterinsights_sitenote_category":0,"ngg_post_thumbnail":0,"footnotes":"","_wp_rev_ctl_limit":""},"categories":[3],"tags":[448,414,23,301,238,33],"acf":[],"_links":{"self":[{"href":"https:\/\/www.bibula.com\/index.php?rest_route=\/wp\/v2\/posts\/109188"}],"collection":[{"href":"https:\/\/www.bibula.com\/index.php?rest_route=\/wp\/v2\/posts"}],"about":[{"href":"https:\/\/www.bibula.com\/index.php?rest_route=\/wp\/v2\/types\/post"}],"author":[{"embeddable":true,"href":"https:\/\/www.bibula.com\/index.php?rest_route=\/wp\/v2\/users\/1"}],"replies":[{"embeddable":true,"href":"https:\/\/www.bibula.com\/index.php?rest_route=%2Fwp%2Fv2%2Fcomments&post=109188"}],"version-history":[{"count":2,"href":"https:\/\/www.bibula.com\/index.php?rest_route=\/wp\/v2\/posts\/109188\/revisions"}],"predecessor-version":[{"id":117143,"href":"https:\/\/www.bibula.com\/index.php?rest_route=\/wp\/v2\/posts\/109188\/revisions\/117143"}],"wp:attachment":[{"href":"https:\/\/www.bibula.com\/index.php?rest_route=%2Fwp%2Fv2%2Fmedia&parent=109188"}],"wp:term":[{"taxonomy":"category","embeddable":true,"href":"https:\/\/www.bibula.com\/index.php?rest_route=%2Fwp%2Fv2%2Fcategories&post=109188"},{"taxonomy":"post_tag","embeddable":true,"href":"https:\/\/www.bibula.com\/index.php?rest_route=%2Fwp%2Fv2%2Ftags&post=109188"}],"curies":[{"name":"wp","href":"https:\/\/api.w.org\/{rel}","templated":true}]}}