{"id":109009,"date":"2019-07-25T11:21:11","date_gmt":"2019-07-25T15:21:11","guid":{"rendered":"http:\/\/www.bibula.com\/?p=109009"},"modified":"2019-07-25T11:22:04","modified_gmt":"2019-07-25T15:22:04","slug":"ciag-dalszy-rewolucji-w-papieskim-instytucie-malzenstwa-i-rodziny-zwolniono-czolowego-wykladowce","status":"publish","type":"post","link":"https:\/\/www.bibula.com\/?p=109009","title":{"rendered":"Ci\u0105g dalszy rewolucji w papieskim Instytucie Ma\u0142\u017ce\u0144stwa i Rodziny \u2013 zwolniono czo\u0142owego wyk\u0142adowc\u0119"},"content":{"rendered":"<p><strong>Ksi\u0105dz Livio Melina, kierownik Katedry Fundamentalnej Teologii Moralnej oraz ojciec Jos\u00c3\u00a9 Noriega, kierownik Katedry Specjalistycznej Teologii Moralnej nie b\u0119d\u0105 na jesieni naucza\u0107 w za\u0142o\u017conym przez Jana Paw\u0142a II Instytucie Ma\u0142\u017ce\u0144stwa i Rodziny. Pra\u0142at Livio Melina jest uwa\u017cany za nast\u0119pc\u0119 wiernego tradycyjnemu nauczaniu Ko\u015bcio\u0142a, kardyna\u0142a Carlo Caffary. Zwolnienie by\u0142ego przewodnicz\u0105cego instytutu i wieloletniego wyk\u0142adowcy i studenta budzi obawy zwi\u0105zane z odej\u015bciem od pierwotnej misji tej wa\u017cnej instytucji.<\/strong><\/p>\r\n<p>W poniedzia\u0142ek wszyscy wyk\u0142adowcy Instytutu otrzymali listy, wkt\u00f3rych poinformowano ich o tymczasowym zawieszeniu, jeszcze przed ustaleniem programu na nowy rok akademicki. Wi\u0119kszo\u015b\u0107 z nich zostanie prawdopodobnie przywr\u00f3cona do swych obowi\u0105zk\u00f3w. Nie dotyczy to jednak ksi\u0119\u017cy Noriegi i Meliny. W poniedzia\u0142ek&nbsp;poinformowano ksi\u0119dza Melin\u0119 , \u017ce nie b\u0119dzie prowadzi\u0107 \u017cadnych zaj\u0119\u0107, gdy\u017c kurs teologii fundamentalnej teologii moralnej zosta\u0142 usuni\u0119ty z programu.<\/p>\r\n<p>Jak podkre\u015bla Riccardo Cascioli, redaktor naczelny <em>La Nuova Bussola<\/em>, ksi\u0105dz Melina by\u0142 od wielu lat zwi\u0105zany z Instytutem. W 1982 roku, gdy go utworzono, zosta\u0142 jego studentem, a w 1985 roku jako pierwszy uzyska\u0142 w nim doktorat. W 2002 roku zosta\u0142 zast\u0119pc\u0105 przewodnicz\u0105cego Instytutu, a w 2006 jego rektorem. Funkcj\u0119 t\u0119 piastowa\u0142 do 2016 roku.<\/p>\r\n<p>Jego zwolnienie wpisuje si\u0119 w przeobra\u017cenia Instytutu, dokonywane w ostatnich latach. W 2016 roku na czele Instytutu stan\u0105\u0142 arcybiskup Vincenzo Paglia. W 2017 roku Watykan zmieni\u0142 nazw\u0119 Papieskiego Instytutu Jana Paw\u0142a II dla Studi\u00f3w nad Ma\u0142\u017ce\u0144stwem i Rodzin\u0105. Od tej pory nazywa si\u0119 on Papieskiego Instytutu Teologicznego Jana Paw\u0142a II dla Nauk o Ma\u0142\u017ce\u0144stwie i Rodzinie.<\/p>\r\n<p>Przewodnicz\u0105cego Instytutu obdarowano mianem wielkiego kanclerza. Z kolei w lipcu 2019 przedstawiono nowe statuty uniwersytetu, zwi\u0119kszaj\u0105c w\u0142adz\u0119 wielkiego kanclerza arcybiskupa Paglii. Instytut pozostaje zwi\u0105zany z katolickim Uniwersytetem Latera\u0144skim.<\/p>\r\n<p>Zdaniem krytyk\u00f3w zmiany prowadz\u0105 do odej\u015bcia od za\u0142o\u017ce\u0144 przy\u015bwiecaj\u0105cych wcze\u015bniej instytutowi. Jest to niepokoj\u0105ce w kontek\u015bcie dyskusji nad adhortacj\u0105 \u201eAmoris Laetitia\u201d i spodziewanym Synodem Amazo\u0144skim.<\/p>\r\n<p>W trudnych czasach kryzysu dotykaj\u0105cego wielu ludzi Ko\u015bcio\u0142a pami\u0119tajmy, \u017ce tego typu trudno\u015bci mia\u0142y miejsce ju\u017c wcze\u015bniej. Wystarczy wspomnie\u0107 kryzys aria\u0144ski czy schizm\u0119 zachodni\u0105. Za ka\u017cdym razem jednak Ko\u015bci\u00f3\u0142 \u015bwi\u0119ty wychodzi\u0142 z nich obronn\u0105 r\u0119k\u0105. Wszak zgodnie z obietnic\u0105 Chrystusa Pana, bramy piekielne go \u201enie przemog\u0105\u201d.<\/p>\r\n<p>\u0179r\u00f3d\u0142a: lifesitenews.com \/ pch24.pl<\/p>\r\n<p>mjend<\/p>\r\n<p class=\"zrodlo\">Za: <a href=\"https:\/\/www.pch24.pl\/ciag-dalszy-rewolucji-w-papieskim-instytucie-malzenstwa-i-rodziny---zwolniono-czolowego-wykladowce-,69721,i.html\">PoloniaChristiana &#8211; pch24.pl (2019-07-25)<\/a><\/p>\r\n<h4>&nbsp;<\/h4>\r\n<hr style=\"background-color: #000000; border-width: 0; color: #000000; height: 2px; line-height: 0; text-align: center; width: 100%;\">\r\n<h4>&nbsp;<\/h4>\r\n<blockquote>\r\n<p><strong>KOMENTARZ <em>BIBU\u0141Y<\/em><\/strong>: Ot, posoborowy Ko\u015bci\u00f3\u0142 nie nad\u0105\u017ca za wymaganiami \u015bwiata i zaczyna zjada\u0107 sam siebie, po\u017cera to co mia\u0142o jeszcze cechy ci\u0105g\u0142o\u015bci nauczania i tradycyjnej nauki Ko\u015bcio\u0142a, nawet to co zdarzy\u0142o si\u0119 g\u0142osi\u0107 Janowi Paw\u0142owi II &#8211; wielkiemu or\u0119downikowi wcielania rewolucyjnych zmian <em>Vaticanum II<\/em>.&nbsp;<\/p>\r\n<\/blockquote>\r\n<h4>&nbsp;<\/h4>\r\n<hr style=\"background-color: #000000; border-width: 0; color: #000000; height: 2px; line-height: 0; text-align: center; width: 100%;\">\r\n<h4>&nbsp;<\/h4>","protected":false},"excerpt":{"rendered":"Ksi\u0105dz Livio Melina, kierownik Katedry Fundamentalnej Teologii Moralnej oraz ojciec Jos\u00c3\u00a9 Noriega, kierownik Katedry Specjalistycznej Teologii Moralnej nie b\u0119d\u0105 na jesieni naucza\u0107 w za\u0142o\u017conym przez Jana Paw\u0142a II Instytucie Ma\u0142\u017ce\u0144stwa i Rodziny. Pra\u0142at Livio Melina jest uwa\u017cany za nast\u0119pc\u0119 wiernego tradycyjnemu nauczaniu Ko\u015bcio\u0142a, kardyna\u0142a Carlo Caffary. Zwolnienie by\u0142ego przewodnicz\u0105cego instytutu i wieloletniego wyk\u0142adowcy i studenta [&hellip;]","protected":false},"author":1,"featured_media":0,"comment_status":"closed","ping_status":"closed","sticky":false,"template":"","format":"standard","meta":{"_acf_changed":false,"_monsterinsights_skip_tracking":false,"ngg_post_thumbnail":0,"footnotes":"","_wp_rev_ctl_limit":""},"categories":[3],"tags":[41,33],"acf":[],"_links":{"self":[{"href":"https:\/\/www.bibula.com\/index.php?rest_route=\/wp\/v2\/posts\/109009"}],"collection":[{"href":"https:\/\/www.bibula.com\/index.php?rest_route=\/wp\/v2\/posts"}],"about":[{"href":"https:\/\/www.bibula.com\/index.php?rest_route=\/wp\/v2\/types\/post"}],"author":[{"embeddable":true,"href":"https:\/\/www.bibula.com\/index.php?rest_route=\/wp\/v2\/users\/1"}],"replies":[{"embeddable":true,"href":"https:\/\/www.bibula.com\/index.php?rest_route=%2Fwp%2Fv2%2Fcomments&post=109009"}],"version-history":[{"count":0,"href":"https:\/\/www.bibula.com\/index.php?rest_route=\/wp\/v2\/posts\/109009\/revisions"}],"wp:attachment":[{"href":"https:\/\/www.bibula.com\/index.php?rest_route=%2Fwp%2Fv2%2Fmedia&parent=109009"}],"wp:term":[{"taxonomy":"category","embeddable":true,"href":"https:\/\/www.bibula.com\/index.php?rest_route=%2Fwp%2Fv2%2Fcategories&post=109009"},{"taxonomy":"post_tag","embeddable":true,"href":"https:\/\/www.bibula.com\/index.php?rest_route=%2Fwp%2Fv2%2Ftags&post=109009"}],"curies":[{"name":"wp","href":"https:\/\/api.w.org\/{rel}","templated":true}]}}