{"id":108990,"date":"2019-07-23T14:35:48","date_gmt":"2019-07-23T18:35:48","guid":{"rendered":"http:\/\/www.bibula.com\/?p=108990"},"modified":"2019-07-24T14:17:34","modified_gmt":"2019-07-24T18:17:34","slug":"facebook-grozi-usunieciem-strony-kresy-pl-z-powodu-opublikowania-historycznego-zdjecia-pomoz-obronic-portal","status":"publish","type":"post","link":"https:\/\/www.bibula.com\/?p=108990","title":{"rendered":"Facebook grozi usuni\u0119ciem strony Kresy.pl z powodu opublikowania historycznego zdj\u0119cia. Pom\u00f3\u017c obroni\u0107 portal"},"content":{"rendered":"<p>Wczoraj w godzinach wieczornych administratorzy naszej strony na Facebooku otrzymali oficjalne ostrze\u017cenie o mo\u017cliwym \u201ecofni\u0119ciu publikacji\u201d (czytaj: usuni\u0119ciu) naszej strony w tym serwisie. Powodem jest s\u0142ynne zdj\u0119cie przedstawiaj\u0105ce \u017co\u0142nierzy Wermachtu wy\u0142amuj\u0105cych polski graniczny szlaban we wrze\u015bniu 1939 roku. Zdaniem Facebooka zdj\u0119cie to \u0142amie \u201estandardy spo\u0142eczno\u015bci\u201d. Jakby tego by\u0142o ma\u0142o, chodzi o wpis zamieszczony przez nas 4,5 roku temu.<\/p>\r\n<p><img fetchpriority=\"high\" decoding=\"async\" class=\" wp-image-613217 aligncenter\" src=\"https:\/\/kresy.pl\/wp-content\/uploads\/2019\/07\/67416035_426245901317178_6930520766840569856_n.jpg\" sizes=\"(max-width: 523px) 100vw, 523px\" srcset=\"https:\/\/kresy.pl\/wp-content\/uploads\/2019\/07\/67416035_426245901317178_6930520766840569856_n.jpg 523w, https:\/\/kresy.pl\/wp-content\/uploads\/2019\/07\/67416035_426245901317178_6930520766840569856_n-300x278.jpg 300w, https:\/\/kresy.pl\/wp-content\/uploads\/2019\/07\/67416035_426245901317178_6930520766840569856_n-450x416.jpg 450w\" alt=\"\" width=\"600\" height=\"555\"><\/p>\r\n<p>Zdj\u0119cie, o kt\u00f3rym mowa, jest dobrze znane wszystkim Polakom i ma wr\u0119cz emblematyczny charakter dla zagadnienia niemieckiej napa\u015bci na Polsk\u0119 oraz pocz\u0105tku II wojny \u015bwiatowej. Co wi\u0119cej, chodzi o \u201ewykroczenie\u201d, kt\u00f3re \u201epope\u0142nili\u015bmy\u201d 21 lutego 2015 roku. Zdj\u0119cie to zacz\u0119\u0142o Facebookowi przeszkadza\u0107 akurat w dniu, w kt\u00f3rym nasz portal poinformowa\u0142, \u017ce po s\u0142ynnych incydentach, do kt\u00f3rych dosz\u0142o podczas parady r\u00f3wno\u015bci w Bia\u0142ymstoku, <a href=\"https:\/\/kresy.pl\/wydarzenia\/polska\/policja-po-zajsciach-w-bialymstoku-nie-zglosil-sie-nikt-poszkodowany\/\" target=\"_blank\" rel=\"noopener noreferrer\">\u017caden z (rzekomo) poszkodowanych zwolennik\u00f3w homoseksualizmu nie zg\u0142osi\u0142 si\u0119 na policj\u0119<\/a>. Cho\u0107 nie ma to wi\u0119kszego znaczenia, warto zauwa\u017cy\u0107, \u017ce wed\u0142ug Facebooka, w lutym 2015 roku obublikowali\u015bmy zdj\u0119cie bez \u017cadnego komentarza czy cho\u0107by towarzysz\u0105cego mu linka. O tak odleg\u0142ych wydarzeniach trudno wyrokowa\u0107 cokolwiek z ca\u0142\u0105 pewno\u015bci\u0105, ale niemal na pewno taka sytuacja nie mia\u0142a miejsca. Zdj\u0119cie by\u0142o zapewne ilustracj\u0105 artyku\u0142u <a href=\"https:\/\/kresy.pl\/kresopedia\/studium-o-prowokacji\/\"><em>Studium o prowokacji<\/em><\/a> Stanis\u0142awa Cata-Mackiewicza.<\/p>\r\n<p>Nie jest to pierwszy raz, gdy otrzymujemy absurdalne ostrze\u017cenia od Facebooka. Kilka tygodni temu Facebook usun\u0105\u0142 zdj\u0119cie jednej z produkowanych przez nas koszulek patriotycznych, poniewa\u017c zdaniem moderator\u00f3w XVI-wieczny wizerunek feniksa powstaj\u0105cego z popio\u0142\u00f3w oraz napis \u201ePolonia Restituta\u201d to tre\u015bci o charakterze \u201eerotycznym\u201d.<\/p>\r\n<p><img decoding=\"async\" class=\" wp-image-613218 aligncenter\" src=\"https:\/\/kresy.pl\/wp-content\/uploads\/2019\/07\/Zrzut-ekranu-2019-07-06-o-14.38.48-728x489.jpg\" sizes=\"(max-width: 728px) 100vw, 728px\" srcset=\"https:\/\/kresy.pl\/wp-content\/uploads\/2019\/07\/Zrzut-ekranu-2019-07-06-o-14.38.48-728x489.jpg 728w, https:\/\/kresy.pl\/wp-content\/uploads\/2019\/07\/Zrzut-ekranu-2019-07-06-o-14.38.48-300x202.jpg 300w, https:\/\/kresy.pl\/wp-content\/uploads\/2019\/07\/Zrzut-ekranu-2019-07-06-o-14.38.48-768x516.jpg 768w, https:\/\/kresy.pl\/wp-content\/uploads\/2019\/07\/Zrzut-ekranu-2019-07-06-o-14.38.48-705x474.jpg 705w, https:\/\/kresy.pl\/wp-content\/uploads\/2019\/07\/Zrzut-ekranu-2019-07-06-o-14.38.48-450x302.jpg 450w, https:\/\/kresy.pl\/wp-content\/uploads\/2019\/07\/Zrzut-ekranu-2019-07-06-o-14.38.48.jpg 972w\" alt=\"\" width=\"598\" height=\"402\"><span id=\"ezoic-pub-ad-placeholder-110\" class=\"ezoic-adpicker-ad\"><\/span><\/p>\r\n<p><a href=\"https:\/\/kresy.pl\/wydarzenia\/facebook-blokuje-posty-portalu-kresy-pl\/\" target=\"_blank\" rel=\"noopener noreferrer\">Jak informowali\u015bmy<\/a>, na prze\u0142omie maja i czerwca Facebook \u015bci\u0105\u0142 niemal do zera zasi\u0119gi naszych post\u00f3w. Nasze wpisy publikowane na stronie licz\u0105cej prawie 100 tys. fan\u00f3w dociera\u0142y do \u015brednio 100 odbiorc\u00f3w. Blokad\u0119 wprowadzono bez \u017cadnego ostrze\u017cenia i bez jakiegokolwiek uzasadnienia. Po kilku tygodniach Facebook nieco poluzowa\u0142 swoje restrykcje, ale wci\u0105\u017c stosuje wzgl\u0119dem nas tzw. \u201eshadow banning\u201d czyli obcina zasi\u0119gi naszych publikacji, co przek\u0142ada si\u0119 na utrat\u0119 oko\u0142o 1\/4 ruchu naszego portalu. Nasz fanpage tworzyli\u015bmy mozolnie przez 10 lat.<\/p>\r\n<p>Polityka Facebooka jest jawnym \u0142amaniem konstytucyjnych zapis\u00f3w o zakazie stosowania cenzury prewencyjnej. Artyku\u0142 54 Konstytucji RP jasno stanowi, \u017ce \u201eCenzura prewencyjna \u015brodk\u00f3w spo\u0142ecznego przekazu oraz koncesjonowanie prasy s\u0105 zakazane\u201d. Mimo to pa\u0144stwo polskie od lat wykazuje si\u0119 ca\u0142kowit\u0105 bierno\u015bci\u0105 wobec mi\u0119dzynarodowego giganta, cho\u0107 o przypadkach ideologicznie motywowanej cenzury wiadomo powszechnie od co najmniej 2016 roku. Zamiast tego rz\u0105d podejmuje dzia\u0142ania pozorowane, jak uruchomienie strony maj\u0105cej da\u0107 Polakom mo\u017cliwo\u015b\u0107 rzekomego odwo\u0142ania si\u0119 od wyrok\u00f3w facebookowych cenzor\u00f3w. Dzi\u0119ki uruchomionej z wielkim hukiem <a href=\"https:\/\/obywatel.gov.pl\/dokumenty-i-dane-osobowe\/odwolaj-sie-od-decyzji-portalu\" target=\"_blank\" rel=\"noopener noreferrer\">stronie <\/a>Polacy mog\u0105 si\u0119 dzi\u015b odwo\u0142ywa\u0107 od cenzorskich dzia\u0142a\u0144 Facebooka do\u2026 Facebooka. W automatycznie generowanej odpowiedzi firma Zuckerberga uczciwie przy tym informuje, \u017ce na \u201eapelacj\u0119\u201d mo\u017ce odpowiedzie\u0107, albo i nie.<\/p>\r\n<p>https:\/\/www.facebook.com\/andruszkiewicz.blog\/posts\/2130536640326983<\/p>\r\n<p>W odpowiedzi na nasze odwo\u0142anie Facebook przes\u0142a\u0142 nam po kilku tygodniach lakoniczn\u0105 wiadomo\u015b\u0107 po angielsku, w kt\u00f3rej poinformowano nas, \u017ce sprawdzono \u201erzeczony post i potwierdzono, \u017ce w istocie narusza on nasz\u0105 [Facebooka] polityk\u0119\u201d. Niestety nie wiemy, o jaki post chodzi, bo w naszym odwo\u0142aniu mowa by\u0142a wy\u0142\u0105cznie o bezzasadnym obci\u0119ciu zasi\u0119g\u00f3w naszej strony.<\/p>\r\n<p>Po ujawnieniu, \u017ce Facebook stosuje wzgl\u0119dem nas cenzur\u0119 prewencyjn\u0105 oraz, \u017ce nie zada\u0142 sobie przy tym trudu przedstawienia cho\u0107by najbardziej naci\u0105ganego pretekstu, firma Zuckerberga niespodziewanie poinformowa\u0142a nas, \u017ce 12 czerwca (czyli dwa tygodnie po wprowadzeniu blokady) a\u017c trzy z naszych post\u00f3w z\u0142ama\u0142y jej regulamin. Do dzi\u015b nie powiadomiono nas jednak, o kt\u00f3re z wielu wpis\u00f3w chodzi, kt\u00f3ry z naszych redaktor\u00f3w je opublikowa\u0142 i jaki zapis regulaminu Facebooka zosta\u0142 przez nas z\u0142amany.<\/p>\r\n<p>W \u015bwietle powy\u017cszych wypadk\u00f3w jest dla nas jasne, \u017ce Facebook pr\u0119dzej czy p\u00f3\u017aniej usunie nasz\u0105 stutysi\u0119czn\u0105 spo\u0142eczno\u015b\u0107 ze swojego serwisu. Obecnie szuka wygodnego pretekstu i znalezienie go wydaje si\u0119 by\u0107 jedynie kwesti\u0105 czasu, gdy\u017c, jak si\u0119 okazuje, mo\u017ce nim by\u0107 dos\u0142ownie wszystko.<\/p>\r\n<p>Anonimowi moderatorzy Facebooka, kieruj\u0105cy si\u0119 swoimi ideologicznymi uprzedzeniami, najwyra\u017aniej zamierzaj\u0105 powa\u017cnie zaszkodzi\u0107 naszej medialnej inicjatywie. <strong>Najlepsz\u0105 odpowiedzi\u0105 na ich dzia\u0142ania b\u0119dzie ustawienie ju\u017c teraz sta\u0142ego zlecenia na Kresy.pl. Je\u015bli cenisz nasz\u0105 prac\u0119, wyce\u0144 j\u0105 uczciwie i adekwatnie do mo\u017cliwo\u015bci swojego portfela.<\/strong><\/p>\r\n<p>Kresy.pl<\/p>\r\n<p><img decoding=\"async\" class=\"aligncenter\" src=\"https:\/\/kresy.pl\/wp-content\/uploads\/2019\/06\/My-Post-1-970x542.jpg\" width=\"600\" height=\"335\"><\/p>\r\n<p class=\"zrodlo\">Za: <a href=\"https:\/\/kresy.pl\/publicystyka\/facebook-grozi-usunieciem-strony-kresy-pl-z-powodu-opublikowania-historycznego-zdjecia-pomoz-nam-sie-bronic\/\">Kresy.pl (23 lipca 2019)<\/a> &#8211; [Org. tytu\u0142: \u00abFacebook grozi usuni\u0119ciem strony Kresy.pl z powodu opublikowania historycznego zdj\u0119cia. Pom\u00f3\u017c nam si\u0119 broni\u0107\u00bb]<\/p>\r\n<h4>&nbsp;<\/h4>\r\n<hr style=\"background-color: #000000; border-width: 0; color: #000000; height: 2px; line-height: 0; text-align: center; width: 100%;\">\r\n<h4>&nbsp;<\/h4>\r\n<h2>Facebook przeprasza i przywraca usuni\u0119te zdj\u0119cia Niemc\u00f3w wy\u0142amuj\u0105cych polski szlaban<\/h2>\r\n<p><strong>Po tym, jak powiadomili\u015bmy wczoraj o cenzurowaniu przez Facebook historycznego zdj\u0119cia przedstawiaj\u0105cego niemieckich \u017co\u0142nierzy wy\u0142amuj\u0105cych polski szlaban graniczny we wrze\u015bniu 1939 r., firma przywr\u00f3ci\u0142a usuni\u0119t\u0105 fotografi\u0119 i przeprosi\u0142a za pomy\u0142k\u0119.<\/strong><\/p>\r\n<p>Jak informowali\u015bmy wczoraj, w poniedzia\u0142ek w godzinach wieczornych administratorzy naszej strony na Facebooku otrzymali oficjalne ostrze\u017cenie o mo\u017cliwym \u201ecofni\u0119ciu publikacji\u201d (czytaj: usuni\u0119ciu) naszej strony w tym serwisie. Powodem by\u0142o s\u0142ynne zdj\u0119cie przedstawiaj\u0105ce \u017co\u0142nierzy Wermachtu wy\u0142amuj\u0105cych polski graniczny szlaban we wrze\u015bniu 1939 roku. Zdaniem Facebooka zdj\u0119cie to \u0142amie \u201estandardy spo\u0142eczno\u015bci\u201d. Jakby tego by\u0142o ma\u0142o, chodzi\u0142o o wpis zamieszczony przez nas 4,5 roku temu.<\/p>\r\n<p>Dzi\u015b w nocy, o godzinie 1:33 Facebook wys\u0142a\u0142 do naszych redaktor\u00f3w powiadomienie m\u00f3wi\u0105ce, \u017ce zdj\u0119cie zosta\u0142o przywr\u00f3cone, oraz, \u017ce przeprasza za pomy\u0142k\u0119. Powiadomienie odczytali\u015bmy na porannej zmianie. To pierwszy przypadek, w kt\u00f3rym firma wycofa\u0142a si\u0119 z kontrowersyjnej decyzji wzgl\u0119dem naszego portalu.<\/p>\r\n<p>Kilka tygodni temu Facebook usun\u0105\u0142 zdj\u0119cie jednej z produkowanych przez nas koszulek patriotycznych, poniewa\u017c zdaniem moderator\u00f3w XVI-wieczny wizerunek feniksa powstaj\u0105cego z popio\u0142\u00f3w oraz napis \u201ePolonia Restituta\u201d to tre\u015bci o charakterze \u201eerotycznym\u201d.<\/p>\r\n<p>Jak informowali\u015bmy, na prze\u0142omie maja i czerwca Facebook \u015bci\u0105\u0142 niemal do zera zasi\u0119gi naszych post\u00f3w. Nasze wpisy publikowane na stronie licz\u0105cej prawie 100 tys. fan\u00f3w dociera\u0142y do \u015brednio 100 odbiorc\u00f3w. Blokad\u0119 wprowadzono bez \u017cadnego ostrze\u017cenia i bez jakiegokolwiek uzasadnienia. Po kilku tygodniach Facebook nieco poluzowa\u0142 swoje restrykcje, ale wci\u0105\u017c stosuje wzgl\u0119dem nas tzw. \u201eshadow banning\u201d czyli obcina zasi\u0119gi naszych publikacji, co przek\u0142ada si\u0119 na utrat\u0119 oko\u0142o 1\/4 ruchu naszego portalu. Nasz fanpage tworzyli\u015bmy mozolnie przez 10 lat.<\/p>\r\n<p>Polityka Facebooka jest jawnym \u0142amaniem konstytucyjnych zapis\u00f3w o zakazie stosowania cenzury prewencyjnej. Artyku\u0142 54 Konstytucji RP jasno stanowi, \u017ce \u201eCenzura prewencyjna \u015brodk\u00f3w spo\u0142ecznego przekazu oraz koncesjonowanie prasy s\u0105 zakazane\u201d. Mimo to pa\u0144stwo polskie od lat wykazuje si\u0119 ca\u0142kowit\u0105 bierno\u015bci\u0105 wobec mi\u0119dzynarodowego giganta, cho\u0107 o przypadkach ideologicznie motywowanej cenzury wiadomo powszechnie od co najmniej 2016 roku. Zamiast tego rz\u0105d podejmuje dzia\u0142ania pozorowane, jak uruchomienie strony maj\u0105cej da\u0107 Polakom mo\u017cliwo\u015b\u0107 rzekomego odwo\u0142ania si\u0119 od wyrok\u00f3w facebookowych cenzor\u00f3w. Dzi\u0119ki uruchomionej z wielkim hukiem stronie Polacy mog\u0105 si\u0119 dzi\u015b odwo\u0142ywa\u0107 od cenzorskich dzia\u0142a\u0144 Facebooka do\u2026 Facebooka. W automatycznie generowanej odpowiedzi firma Zuckerberga uczciwie przy tym informuje, \u017ce na \u201eapelacj\u0119\u201d mo\u017ce odpowiedzie\u0107, albo i nie.<\/p>\r\n<p>W odpowiedzi na nasze odwo\u0142anie Facebook przes\u0142a\u0142 nam po kilku tygodniach lakoniczn\u0105 wiadomo\u015b\u0107 po angielsku, w kt\u00f3rej poinformowano nas, \u017ce sprawdzono \u201erzeczony post i potwierdzono, \u017ce w istocie narusza on nasz\u0105 [Facebooka] polityk\u0119\u201d. Niestety nie wiemy, o jaki post chodzi, bo w naszym odwo\u0142aniu mowa by\u0142a wy\u0142\u0105cznie o bezzasadnym obci\u0119ciu zasi\u0119g\u00f3w naszej strony.<\/p>\r\n<p>Po ujawnieniu, \u017ce Facebook stosuje wzgl\u0119dem nas cenzur\u0119 prewencyjn\u0105 oraz, \u017ce nie zada\u0142 sobie przy tym trudu przedstawienia cho\u0107by najbardziej naci\u0105ganego pretekstu, firma Zuckerberga niespodziewanie poinformowa\u0142a nas, \u017ce 12 czerwca (czyli dwa tygodnie po wprowadzeniu blokady) a\u017c trzy z naszych post\u00f3w z\u0142ama\u0142y jej regulamin. Do dzi\u015b nie powiadomiono nas jednak, o kt\u00f3re z wielu wpis\u00f3w chodzi, kt\u00f3ry z naszych redaktor\u00f3w je opublikowa\u0142 i jaki zapis regulaminu Facebooka zosta\u0142 przez nas z\u0142amany.<\/p>\r\n<p>Kresy.pl<\/p>\r\n<p class=\"zrodlo\">Za: <a href=\"https:\/\/kresy.pl\/publicystyka\/facebook-przeprasza-i-przywraca-usuniete-zdjecie-niemcow-wylamujacych-polski-szlaban\/\">Kresy.pl (24 lipca 2019)<\/a><\/p>\r\n<h4>&nbsp;<\/h4>\r\n<hr style=\"background-color: #000000; border-width: 0; color: #000000; height: 2px; line-height: 0; text-align: center; width: 100%;\">\r\n<h4>&nbsp;<\/h4>","protected":false},"excerpt":{"rendered":"Wczoraj w godzinach wieczornych administratorzy naszej strony na Facebooku otrzymali oficjalne ostrze\u017cenie o mo\u017cliwym \u201ecofni\u0119ciu publikacji\u201d (czytaj: usuni\u0119ciu) naszej strony w tym serwisie. Powodem jest s\u0142ynne zdj\u0119cie przedstawiaj\u0105ce \u017co\u0142nierzy Wermachtu wy\u0142amuj\u0105cych polski graniczny szlaban we wrze\u015bniu 1939 roku. Zdaniem Facebooka zdj\u0119cie to \u0142amie \u201estandardy spo\u0142eczno\u015bci\u201d. Jakby tego by\u0142o ma\u0142o, chodzi o wpis zamieszczony przez nas [&hellip;]","protected":false},"author":1,"featured_media":0,"comment_status":"closed","ping_status":"closed","sticky":false,"template":"","format":"standard","meta":{"_acf_changed":false,"_monsterinsights_skip_tracking":false,"ngg_post_thumbnail":0,"footnotes":"","_wp_rev_ctl_limit":""},"categories":[8],"tags":[16,155],"acf":[],"_links":{"self":[{"href":"https:\/\/www.bibula.com\/index.php?rest_route=\/wp\/v2\/posts\/108990"}],"collection":[{"href":"https:\/\/www.bibula.com\/index.php?rest_route=\/wp\/v2\/posts"}],"about":[{"href":"https:\/\/www.bibula.com\/index.php?rest_route=\/wp\/v2\/types\/post"}],"author":[{"embeddable":true,"href":"https:\/\/www.bibula.com\/index.php?rest_route=\/wp\/v2\/users\/1"}],"replies":[{"embeddable":true,"href":"https:\/\/www.bibula.com\/index.php?rest_route=%2Fwp%2Fv2%2Fcomments&post=108990"}],"version-history":[{"count":0,"href":"https:\/\/www.bibula.com\/index.php?rest_route=\/wp\/v2\/posts\/108990\/revisions"}],"wp:attachment":[{"href":"https:\/\/www.bibula.com\/index.php?rest_route=%2Fwp%2Fv2%2Fmedia&parent=108990"}],"wp:term":[{"taxonomy":"category","embeddable":true,"href":"https:\/\/www.bibula.com\/index.php?rest_route=%2Fwp%2Fv2%2Fcategories&post=108990"},{"taxonomy":"post_tag","embeddable":true,"href":"https:\/\/www.bibula.com\/index.php?rest_route=%2Fwp%2Fv2%2Ftags&post=108990"}],"curies":[{"name":"wp","href":"https:\/\/api.w.org\/{rel}","templated":true}]}}