{"id":108852,"date":"2019-07-12T14:46:46","date_gmt":"2019-07-12T18:46:46","guid":{"rendered":"http:\/\/www.bibula.com\/?p=108852"},"modified":"2019-07-12T14:49:29","modified_gmt":"2019-07-12T18:49:29","slug":"prymicja-ks-bartosza-tokarskiego-fsspx-w-toruniu","status":"publish","type":"post","link":"https:\/\/www.bibula.com\/?p=108852","title":{"rendered":"Prymicja ks. Bartosza Tokarskiego FSSPX w Toruniu"},"content":{"rendered":"<p><strong>W sobot\u0119 6 lipca br. w jednym z toru\u0144skich ko\u015bcio\u0142\u00f3w parafialnych ks. Bartosz Tokarski FSSPX odprawi\u0142 prymicyjn\u0105 Msz\u0119 \u015bwi\u0119t\u0105 wotywn\u0105 o Niepokalanym Sercu Naj\u015bwi\u0119tszej Maryi Panny. Nowo wy\u015bwi\u0119conemu kap\u0142anowi asystowali ksi\u0119\u017ca: Dawid Wierzycki FSSPX (manduktor), Jakub Wawrzyn FSSPX (diakon) oraz Klemens Kordeuter FSSPX (subdiakon), a ks. Karol Stehlin FSSPX wyg\u0142osi\u0142 wzruszaj\u0105ce kazanie o roli Matki Bo\u017cej w \u017cyciu kap\u0142ana katolickiego.<\/strong><\/p>\r\n<p>We Mszy \u015bw. uczestniczyli ksi\u0119\u017ca, klerycy i bracia Bractwa Kap\u0142a\u0144skiego \u015aw. Piusa X z Polski i zagranicy, siostry Bractwa \u015aw. Piusa X, grono zaprzyja\u017anionych kap\u0142an\u00f3w oraz liczni wierni. Liturgi\u0119 u\u015bwietnili muzyk\u0105 ks. Raivo Kokis FSSPX (gra\u0142 na organach) oraz ch\u00f3r seminarium z Zaitzkofen. Ks. Bartosz Tokarski i wsp\u00f3lnie z nim wy\u015bwi\u0119cony ks. Klemens Kordeuter udzielili obecnym uroczystego b\u0142ogos\u0142awie\u0144stwa prymicyjnego.<\/p>\r\n<p><img fetchpriority=\"high\" decoding=\"async\" class=\"aligncenter\" src=\"https:\/\/news.fsspx.pl\/wp-content\/uploads\/Obrazek-prymicyjny.jpg\" width=\"599\" height=\"446\"><\/p>\r\n<p style=\"text-align: center;\"><em>Obrazek prymicyjny ks. Bartosza Tokarskiego<\/em><\/p>\r\n<p>Ksi\u0119\u017ca nast\u0119pnego dnia odprawili uroczyste Msze \u015bw. odpowiednio w kaplicy pw. \u015bw. J\u00f3zefa w Poznaniu i ko\u015bciele pw. Niepokalanego Serca Naj\u015bwi\u0119tszej Maryi Panny w Gdyni.<\/p>\r\n<p>Ks. Bartosz Tokarski przyj\u0105\u0142 \u015bwi\u0119cenia kap\u0142a\u0144skie 29 czerwca br. w Zaitzkofen z r\u0105k bp. Bernarda Fellaya. Decyzj\u0105 prze\u0142o\u017conych pos\u0142ug\u0119 duszpastersk\u0105 rozpocznie w nowo utworzonym przeoracie Bractwa w Mosinie pod Poznaniem, a opiek\u0105 duchow\u0105 otoczy wiernych skupionych wok\u00f3\u0142 kaplicy pw. \u015bw. Wojciecha w Szczecinie.<\/p>\r\n<p><em>Virgo Mater, fac cor meum secundum Cor Iesu!<\/em><\/p>\r\n<p>Galeria z prymicji w Zaitzkofen:<\/p>\r\n<p><img decoding=\"async\" class=\"aligncenter\" src=\"https:\/\/news.fsspx.pl\/wp-content\/uploads\/DSC_0689.jpg\" width=\"599\" height=\"899\"><\/p>\r\n<p>Wi\u0119cej zdj\u0119\u0107 w galerii: <span style=\"text-decoration: underline;\"><strong><a href=\"https:\/\/news.fsspx.pl\/2019\/07\/prymicja-ks-bartosza-tokarskiego-fsspx-w-toruniu\/\">tutaj<\/a><\/strong><\/span><\/p>","protected":false},"excerpt":{"rendered":"W sobot\u0119 6 lipca br. w jednym z toru\u0144skich ko\u015bcio\u0142\u00f3w parafialnych ks. Bartosz Tokarski FSSPX odprawi\u0142 prymicyjn\u0105 Msz\u0119 \u015bwi\u0119t\u0105 wotywn\u0105 o Niepokalanym Sercu Naj\u015bwi\u0119tszej Maryi Panny. Nowo wy\u015bwi\u0119conemu kap\u0142anowi asystowali ksi\u0119\u017ca: Dawid Wierzycki FSSPX (manduktor), Jakub Wawrzyn FSSPX (diakon) oraz Klemens Kordeuter FSSPX (subdiakon), a ks. Karol Stehlin FSSPX wyg\u0142osi\u0142 wzruszaj\u0105ce kazanie o roli Matki [&hellip;]","protected":false},"author":1,"featured_media":0,"comment_status":"closed","ping_status":"closed","sticky":false,"template":"","format":"standard","meta":{"_acf_changed":false,"_monsterinsights_skip_tracking":false,"_monsterinsights_sitenote_active":false,"_monsterinsights_sitenote_note":"","_monsterinsights_sitenote_category":0,"ngg_post_thumbnail":0,"footnotes":"","_wp_rev_ctl_limit":""},"categories":[5],"tags":[32,98],"acf":[],"_links":{"self":[{"href":"https:\/\/www.bibula.com\/index.php?rest_route=\/wp\/v2\/posts\/108852"}],"collection":[{"href":"https:\/\/www.bibula.com\/index.php?rest_route=\/wp\/v2\/posts"}],"about":[{"href":"https:\/\/www.bibula.com\/index.php?rest_route=\/wp\/v2\/types\/post"}],"author":[{"embeddable":true,"href":"https:\/\/www.bibula.com\/index.php?rest_route=\/wp\/v2\/users\/1"}],"replies":[{"embeddable":true,"href":"https:\/\/www.bibula.com\/index.php?rest_route=%2Fwp%2Fv2%2Fcomments&post=108852"}],"version-history":[{"count":0,"href":"https:\/\/www.bibula.com\/index.php?rest_route=\/wp\/v2\/posts\/108852\/revisions"}],"wp:attachment":[{"href":"https:\/\/www.bibula.com\/index.php?rest_route=%2Fwp%2Fv2%2Fmedia&parent=108852"}],"wp:term":[{"taxonomy":"category","embeddable":true,"href":"https:\/\/www.bibula.com\/index.php?rest_route=%2Fwp%2Fv2%2Fcategories&post=108852"},{"taxonomy":"post_tag","embeddable":true,"href":"https:\/\/www.bibula.com\/index.php?rest_route=%2Fwp%2Fv2%2Ftags&post=108852"}],"curies":[{"name":"wp","href":"https:\/\/api.w.org\/{rel}","templated":true}]}}