{"id":108684,"date":"2019-07-02T15:34:00","date_gmt":"2019-07-02T19:34:00","guid":{"rendered":"http:\/\/www.bibula.com\/?p=108684"},"modified":"2019-07-02T15:34:00","modified_gmt":"2019-07-02T19:34:00","slug":"szwajcaria-swiecenia-kaplanskie-w-econe","status":"publish","type":"post","link":"https:\/\/www.bibula.com\/?p=108684","title":{"rendered":"Szwajcaria: \u015awi\u0119cenia kap\u0142a\u0144skie w Ec\u00c3\u00b4ne"},"content":{"rendered":"<p>28 czerwca br., w \u015bwi\u0119to Naj\u015bwi\u0119tszego Serca Pana Jezusa, w seminarium duchownym \u015bw. Piusa X w szwajcarskim Ec\u00c3\u00b4ne bp Alfons de Galarreta udzieli\u0142 \u015bwi\u0119ce\u0144 prezbiteratu sze\u015bciu diakonom z Bractwa \u015aw. Piusa X (czterem Francuzom, Anglikowi i W\u0142ochowi) oraz diakonowi z tradycyjnej kapucy\u0144skiej wsp\u00f3lnoty w Morgon. Razem z nimi \u015bwi\u0119cenia diakonatu otrzyma\u0142o tak\u017ce 10 subdiakon\u00f3w (dziewi\u0119ciu z Bractwa: sze\u015bciu Francuz\u00f3w, Kanadyjczyk, Szwajcar i W\u0142och oraz jeden kapucyn z Morgon). Ceremonii, jak co roku odbywaj\u0105cej si\u0119 pod namiotem polowym, gdy\u017c kaplica seminarium nie pomie\u015bci\u0142aby przyby\u0142ych wiernych, towarzyszy\u0142 wyj\u0105tkowy skwar: temperatura si\u0119ga\u0142a a\u017c 38 stopni Celsjusza.<\/p>\r\n<p>Na kazaniu hiszpa\u0144ski biskup pomocniczy Bractwa, a zarazem pierwszy asystent prze\u0142o\u017conego generalnego, na podstawie jednej z konferencji duchowych za\u0142o\u017cyciela Bractwa, abp. Marcelego Lefebvre\u2019a, nakre\u015bli\u0142 program \u017cycia kap\u0142a\u0144skiego, wymieniaj\u0105c punkty charakteryzuj\u0105ce ducha Bractwa Kap\u0142a\u0144skiego \u015aw. Piusa X:<\/p>\r\n<ol>\r\n\t<li>prymat podej\u015bcia nadprzyrodzonego, aby dusza kap\u0142a\u0144ska nie osch\u0142a w styczno\u015bci z panuj\u0105cym powszechnie naturalizmem;<\/li>\r\n\t<li>g\u0142oszenie prawdziwej nauki, aby karmi\u0107 wiernych prawd\u0105, bez kt\u00f3rej zgin\u0105;<\/li>\r\n\t<li>\u017cycie modlitw\u0105 jako serce apostolatu, albowiem to Pan Jezus jest krzewem winnym, za\u015b kap\u0142ani &#8211; jedynie jego odro\u015blami;<\/li>\r\n\t<li>duch rzymski i mi\u0142o\u015b\u0107 do Ko\u015bcio\u0142a w jego niezmiennym nauczaniu, na\u015bladuj\u0105ca mi\u0142o\u015b\u0107 zupe\u0142nego oddania Pana Jezusa swemu Mistycznemu Cia\u0142u;<\/li>\r\n\t<li>troska o ko\u015bcielny porz\u0105dek hierarchiczny;<\/li>\r\n\t<li>walka z laicyzacj\u0105, d\u0105\u017c\u0105c\u0105 do wprowadzenia fakultatywnego celibatu;<\/li>\r\n\t<li>nabo\u017ce\u0144stwo do Naj\u015bwi\u0119tszej Maryi Panny, a w szczeg\u00f3lno\u015bci do Matki Bo\u017cej Wsp\u00f3\u0142cierpi\u0105cej, kt\u00f3ra jest naj\u015bci\u015blej zjednoczona z dzie\u0142em odkupienia dokonanym przez Jej boskiego Syna.<\/li>\r\n<\/ol>\r\n<p>Ka\u017cdy z tych punkt\u00f3w duchowego programu Bractwa, a rzeczywisto\u015bci dwutysi\u0105cletniej Tradycji katolickiej, niczym drogowskaz b\u0119dzie kierowa\u0142 neoprezbiter\u00f3w na drodze ich pos\u0142ugi kap\u0142a\u0144skiej, na wi\u0119ksz\u0105 chwa\u0142\u0119 Bo\u017c\u0105 i dla zbawienia dusz.<\/p>\r\n<p><img fetchpriority=\"high\" decoding=\"async\" class=\"aligncenter\" src=\"https:\/\/news.fsspx.pl\/wp-content\/uploads\/ordinations_3d.jpg\" width=\"599\" height=\"337\"><\/p>\r\n<p style=\"text-align: center;\"><em>Prostracja w czasie \u015bpiewu Litanii do Wszystkich \u015awi\u0119tych<\/em><\/p>\r\n<p>&nbsp;<\/p>\r\n<p><img decoding=\"async\" class=\"aligncenter\" src=\"https:\/\/news.fsspx.pl\/wp-content\/uploads\/ordinations_4_1.jpg\" width=\"598\" height=\"336\"><\/p>\r\n<p style=\"text-align: center;\"><em>Ryt nak\u0142adania r\u0105k w czasie ceremonii \u015bwi\u0119ce\u0144<\/em><\/p>\r\n<p><strong>\u0179r\u00f3d\u0142o<\/strong><\/p>\r\n<ul>\r\n\t<li><a href=\"https:\/\/fsspx.news\/fr\/econe-2019-esprit-de-la-fraternite-sacerdotale-saint-pie-x-48888\" rel=\"external noopener noreferrer\" data-wpel-link=\"external\">Ec\u00c3\u00b4ne 2019 : l\u2019esprit de la Fraternit\u00c3\u00a9 Sacerdotale Saint-Pie X<\/a> &#8211; tam\u017ce galeria zdj\u0119\u0107<\/li>\r\n\t<li><a href=\"https:\/\/fsspx.news\/fr\/sermon-de-mgr-de-galarreta-lors-des-ordinations-du-28-juin-2019-a-econe-suisse\" rel=\"external noopener noreferrer\" data-wpel-link=\"external\">Sermon de Mgr de Galarreta lors des ordinations du 28 juin 2019, \u00c3\u00a0 Ec\u00c3\u00b4ne (Suisse)<\/a><\/li>\r\n<\/ul>\r\n<h4>&nbsp;<\/h4>\r\n<hr style=\"background-color: #000000; border-width: 0; color: #000000; height: 2px; line-height: 0; text-align: center; width: 100%;\">\r\n<h4>&nbsp;<\/h4>","protected":false},"excerpt":{"rendered":"28 czerwca br., w \u015bwi\u0119to Naj\u015bwi\u0119tszego Serca Pana Jezusa, w seminarium duchownym \u015bw. Piusa X w szwajcarskim Ec\u00c3\u00b4ne bp Alfons de Galarreta udzieli\u0142 \u015bwi\u0119ce\u0144 prezbiteratu sze\u015bciu diakonom z Bractwa \u015aw. Piusa X (czterem Francuzom, Anglikowi i W\u0142ochowi) oraz diakonowi z tradycyjnej kapucy\u0144skiej wsp\u00f3lnoty w Morgon. Razem z nimi \u015bwi\u0119cenia diakonatu otrzyma\u0142o tak\u017ce 10 subdiakon\u00f3w (dziewi\u0119ciu [&hellip;]","protected":false},"author":1,"featured_media":0,"comment_status":"closed","ping_status":"closed","sticky":false,"template":"","format":"standard","meta":{"_acf_changed":false,"_monsterinsights_skip_tracking":false,"_monsterinsights_sitenote_active":false,"_monsterinsights_sitenote_note":"","_monsterinsights_sitenote_category":0,"ngg_post_thumbnail":0,"footnotes":"","_wp_rev_ctl_limit":""},"categories":[3],"tags":[119,32,239],"acf":[],"_links":{"self":[{"href":"https:\/\/www.bibula.com\/index.php?rest_route=\/wp\/v2\/posts\/108684"}],"collection":[{"href":"https:\/\/www.bibula.com\/index.php?rest_route=\/wp\/v2\/posts"}],"about":[{"href":"https:\/\/www.bibula.com\/index.php?rest_route=\/wp\/v2\/types\/post"}],"author":[{"embeddable":true,"href":"https:\/\/www.bibula.com\/index.php?rest_route=\/wp\/v2\/users\/1"}],"replies":[{"embeddable":true,"href":"https:\/\/www.bibula.com\/index.php?rest_route=%2Fwp%2Fv2%2Fcomments&post=108684"}],"version-history":[{"count":0,"href":"https:\/\/www.bibula.com\/index.php?rest_route=\/wp\/v2\/posts\/108684\/revisions"}],"wp:attachment":[{"href":"https:\/\/www.bibula.com\/index.php?rest_route=%2Fwp%2Fv2%2Fmedia&parent=108684"}],"wp:term":[{"taxonomy":"category","embeddable":true,"href":"https:\/\/www.bibula.com\/index.php?rest_route=%2Fwp%2Fv2%2Fcategories&post=108684"},{"taxonomy":"post_tag","embeddable":true,"href":"https:\/\/www.bibula.com\/index.php?rest_route=%2Fwp%2Fv2%2Ftags&post=108684"}],"curies":[{"name":"wp","href":"https:\/\/api.w.org\/{rel}","templated":true}]}}