{"id":108639,"date":"2019-06-28T10:38:23","date_gmt":"2019-06-28T14:38:23","guid":{"rendered":"http:\/\/www.bibula.com\/?p=108639"},"modified":"2019-06-28T10:41:26","modified_gmt":"2019-06-28T14:41:26","slug":"szef-solidarnosci-zwiazki-zawodowe-powinny-sprzeciwic-sie-propagandzie-lgbt-w-zakladach-pracy","status":"publish","type":"post","link":"https:\/\/www.bibula.com\/?p=108639","title":{"rendered":"Szef Solidarno\u015bci: Zwi\u0105zki zawodowe powinny sprzeciwi\u0107 si\u0119 propagandzie LGBT w zak\u0142adach pracy"},"content":{"rendered":"<p><strong>Przewodnicz\u0105cy NSZZ \u201eSolidarno\u015b\u0107\u201d Piotr Duda skomentowa\u0142 w TVP Info nag\u0142o\u015bnione w ostatnich dniach przypadki propagandy ideologii LGBT w dw\u00f3ch zak\u0142adach szwedzkich firm w Polsce. Jego zdaniem sprzeciw wobec tej propagandy powinien by\u0107 nowym polem dzia\u0142alno\u015bci zwi\u0105zk\u00f3w zawodowych.<\/strong><\/p>\r\n<p>Zdaniem Piotra Dudy, kt\u00f3ry w pi\u0105tek wyst\u0105pi\u0142 w programie \u201eMin\u0119\u0142a 9\u201d w TVP Info, ludzie powinni swoje pogl\u0105dy pozostawia\u0107 przed bram\u0105 zak\u0142adu pracy. \u201eNiestety, ta propaganda dotycz\u0105ca LGBT wchodzi ju\u017c na zak\u0142ady pracy i takie wnioski z tego, \u017ce trzeba faktycznie podj\u0105\u0107 dzia\u0142ania\u201d &#8211; m\u00f3wi\u0142 Duda. W opinii szefa \u201eSolidarno\u015bci\u201d jest to forma dyskryminacji, kt\u00f3ra powinna spotka\u0107 si\u0119 ze sprzeciwem zwi\u0105zk\u00f3w zawodowych.<\/p>\r\n<p>Zwolnienie z pracy pracownika Ikei za to, \u017ce powo\u0142uj\u0105c si\u0119 na Bibli\u0119 uzasadnia\u0142 sw\u00f3j sprzeciw wobec wci\u0105gania go we wspieranie LGBT Piotr Duda nazwa\u0142 \u201ewielkim skandalem\u201d i \u201ekuriozaln\u0105 sytuacj\u0105\u201d. Jego zdaniem jest to przyk\u0142ad dyskryminacji i \u0142amania praw pracowniczych.<\/p>\r\n<p>Duda zwr\u00f3ci\u0142 uwag\u0119 na post\u0119powanie du\u017cych mi\u0119dzynarodowych korporacji, kt\u00f3re jego zdaniem \u201eza nic maj\u0105 polskie prawo, konstytucj\u0119, kodeks pracy\u201d. W jego opinii jest to nie do przyj\u0119cia.<\/p>\r\n<p>Jak <a href=\"https:\/\/kresy.pl\/wydarzenia\/ikea-w-polsce-zwolnila-sprzedawce-za-cytowanie-biblii-przy-argumentowaniu-sprzeciwu-wobec-promowania-lgbt\/\">pisali\u015bmy <\/a>w czwartek, pracownik jednego ze sklep\u00f3w sieci IKEA w Polsce zosta\u0142 zwolniony z pracy po tym, jak argumentuj\u0105c sw\u00f3j sprzeciw wobec przymuszania do propagowania ideologii LGBT powo\u0142a\u0142 si\u0119 na swoj\u0105 wiar\u0119 i cytaty z Biblii pot\u0119piaj\u0105ce czyny homoseksualne. Innym pracownikom, kt\u00f3rzy go poparli, gro\u017c\u0105 nagany. Zwolnionego pracownika wzi\u0105\u0142 w obron\u0119 Instytut Ordo Iuris, kt\u00f3ry z\u0142o\u017cy\u0142 w jego imieniu pozew do s\u0105du pracy. R\u00f3wnie\u017c w pi\u0105tek media nag\u0142o\u015bni\u0142y <a href=\"https:\/\/kresy.pl\/wydarzenia\/polska\/pracownicy-volvo-we-wroclawiu-nie-chca-promocji-lgbt-w-miejscu-pracy\/\">sprzeciw pracownik\u00f3w i zwi\u0105zk\u00f3w zawodowych w fabryce Volvo we Wroc\u0142awiu przeciw wy\u015bwietlaniu w zak\u0142adowej sto\u0142\u00f3wce filmu z zaproszeniem do do\u0142\u0105czenia do \u201eSpo\u0142eczno\u015bci LGBTQ+ w Volvo\u201d<\/a>.<\/p>\r\n<p>Kresy.pl \/ TVP Info \/ Radio Maryja<\/p>\r\n<p class=\"zrodlo\">Za: <a href=\"https:\/\/kresy.pl\/wydarzenia\/polska\/szef-s-zwiazki-zawodowe-powinny-sprzeciwic-sie-propagandzie-lgbt-w-zakladach-pracy\/\">Kresy.pl (28 czerwca 2019)<\/a><\/p>\r\n<h4>&nbsp;<\/h4>\r\n<hr style=\"background-color: #000000; border-width: 0; color: #000000; height: 2px; line-height: 0; text-align: center; width: 100%;\">\r\n<h4>&nbsp;<\/h4>\r\n<h2>Bunt pracownik\u00f3w w polskiej fabryce Volvo. Nie chc\u0105 u siebie indoktrynacji LGBT<\/h2>\r\n<p><strong>W fabryce Volvo we Wroc\u0142awiu dosz\u0142o do sporu pomi\u0119dzy pracownikami i firm\u0105. Jego powodem by\u0142a propozycja utworzenia \u201espo\u0142eczno\u015bci LGBTQ+\u201d.<\/strong><\/p>\r\n<p>Grzegorz Zachara, przewodnicz\u0105cy zwi\u0105zk\u00f3w zawodowych Solidarno\u015b\u0107\u201980 w Volvo, powiedzia\u0142 portalowi TVP Info kilka dni temu na monitorach zainstalowanych na sto\u0142\u00f3wce pojawi\u0142y si\u0119 og\u0142oszenia o mo\u017cliwo\u015bci do\u0142\u0105czenia do stowarzyszenia pracownik\u00f3w LGBTQ+. \u201eNa monitorze pracodawcy zaproszono do zrzeszania si\u0119, poinformowano, \u017ce co\u015b takiego w firmie dzia\u0142a\u201d &#8211; opowiada &#8211; \u201eWy\u015bwietlano to na ka\u017cdej przerwie, pracownicy to ogl\u0105dali. Posz\u0142y do\u015b\u0107 mocne komentarze\u201d.<\/p>\r\n<p>ZZ postanowi\u0142y interweniowa\u0107. Ich zdaniem pracodawca powinien bowiem by\u0107 ca\u0142kowicie transparentny i nie promowa\u0107 \u017cadnym mniejszo\u015bci czy wi\u0119kszo\u015bci seksualnych, politycznych czy religijnych. \u201eSwoj\u0105 seksualno\u015b\u0107, przekonania, zostawiamy przed bram\u0105. W pracy jeste\u015bmy r\u00f3wni, mamy te same koszulki, nie rozmawiamy o swoich preferencjach seksualnych, politycznych, religijnych, by nie wprowadza\u0107 dodatkowych podzia\u0142\u00f3w czy napi\u0119\u0107. Po to, by nikt nie by\u0142 dyskryminowany\u201d &#8211; stwierdzi\u0142 Zachara.<\/p>\r\n<p>Wed\u0142ug Zachary zarz\u0105d wroc\u0142awskiej fabryki Volvo nie odpowiedzia\u0142 na razie zwi\u0105zkom na ich protest. Kontrowersyjne og\u0142oszenie jednak znikn\u0119\u0142o z monitor\u00f3w ju\u017c na drugi dzie\u0144.<br>\r\n\u201eDochodz\u0105 mnie g\u0142osy pracownik\u00f3w, \u017ce czuj\u0105 si\u0119 dyskryminowani poniewa\u017c s\u0105 heteroseksualni a Volvo promuje LGBT\u201d &#8211; podkre\u015bli\u0142 &#8211; \u201eMy nie jeste\u015bmy przeciwko mniejszo\u015bciom. W zak\u0142adzie jeste\u015bmy r\u00f3wni, to nasza osobista sprawa\u201d.<\/p>\r\n<p>Jak informuje Radio Wroc\u0142aw Volvo stwierdzi\u0142o w komunikacie, \u017ce \u201efirma w \u017caden spos\u00f3b nie weryfikuje kto z pracownik\u00f3w do tej grupy przyst\u0119puje, w jakim charakterze czy z jakich powod\u00f3w\u201d. Volvo twierdzi, \u017ce nie wymaga\u0142a nigdy od pracownik\u00f3w \u017cadnych osobistych informacji, tak\u017ce tych o orientacji seksualnej.<\/p>\r\n<p>To ju\u017c kolejna w ostatnim czasie afera w Volvo z LGBT w tle. W poprzedniej oberwa\u0142o im si\u0119 jednak od lewicy. W maju firma reklamowa\u0142a fakt, \u017ce ich pracownikom przys\u0142uguje p\u00f3\u0142roczny urlop rodzicielski bez wzgl\u0119du na p\u0142e\u0107. Og\u0142oszenie to by\u0142o opatrzone grafik\u0105 przedstawiaj\u0105c\u0105 dw\u00f3ch trzymaj\u0105cych si\u0119 za r\u0119ce m\u0119\u017cczyzn r\u00f3\u017cnych ras patrz\u0105cych na dziewczynk\u0119 bawi\u0105c\u0105 si\u0119 samochodzikiem. W polskiej wersji obrazek ten zast\u0105piono jednak takim, na kt\u00f3rym wida\u0107 heteroseksualn\u0105, bia\u0142\u0105 par\u0119.<\/p>\r\n<p class=\"zrodlo\">Za: <a href=\"https:\/\/www.stefczyk.info\/2019\/06\/27\/teczowa-afera-w-volvo-pracownicy-nie-chca-grupy-lgbt\/?fbclid=IwAR0sh9bnh3LUhoji-g2Oxg1tmg761l6pI8AxaHQPX0eM4d0rbTKwx7W6Ugc\">Stefczyk.info (2019.06.27)<\/a><\/p>\r\n<h4>&nbsp;<\/h4>\r\n<hr style=\"background-color: #000000; border-width: 0; color: #000000; height: 2px; line-height: 0; text-align: center; width: 100%;\">\r\n<h4>&nbsp;<\/h4>","protected":false},"excerpt":{"rendered":"Przewodnicz\u0105cy NSZZ \u201eSolidarno\u015b\u0107\u201d Piotr Duda skomentowa\u0142 w TVP Info nag\u0142o\u015bnione w ostatnich dniach przypadki propagandy ideologii LGBT w dw\u00f3ch zak\u0142adach szwedzkich firm w Polsce. Jego zdaniem sprzeciw wobec tej propagandy powinien by\u0107 nowym polem dzia\u0142alno\u015bci zwi\u0105zk\u00f3w zawodowych. Zdaniem Piotra Dudy, kt\u00f3ry w pi\u0105tek wyst\u0105pi\u0142 w programie \u201eMin\u0119\u0142a 9\u201d w TVP Info, ludzie powinni swoje pogl\u0105dy [&hellip;]","protected":false},"author":1,"featured_media":0,"comment_status":"closed","ping_status":"closed","sticky":false,"template":"","format":"standard","meta":{"_acf_changed":false,"_monsterinsights_skip_tracking":false,"_monsterinsights_sitenote_active":false,"_monsterinsights_sitenote_note":"","_monsterinsights_sitenote_category":0,"ngg_post_thumbnail":0,"footnotes":"","_wp_rev_ctl_limit":""},"categories":[8],"tags":[26,98],"acf":[],"_links":{"self":[{"href":"https:\/\/www.bibula.com\/index.php?rest_route=\/wp\/v2\/posts\/108639"}],"collection":[{"href":"https:\/\/www.bibula.com\/index.php?rest_route=\/wp\/v2\/posts"}],"about":[{"href":"https:\/\/www.bibula.com\/index.php?rest_route=\/wp\/v2\/types\/post"}],"author":[{"embeddable":true,"href":"https:\/\/www.bibula.com\/index.php?rest_route=\/wp\/v2\/users\/1"}],"replies":[{"embeddable":true,"href":"https:\/\/www.bibula.com\/index.php?rest_route=%2Fwp%2Fv2%2Fcomments&post=108639"}],"version-history":[{"count":0,"href":"https:\/\/www.bibula.com\/index.php?rest_route=\/wp\/v2\/posts\/108639\/revisions"}],"wp:attachment":[{"href":"https:\/\/www.bibula.com\/index.php?rest_route=%2Fwp%2Fv2%2Fmedia&parent=108639"}],"wp:term":[{"taxonomy":"category","embeddable":true,"href":"https:\/\/www.bibula.com\/index.php?rest_route=%2Fwp%2Fv2%2Fcategories&post=108639"},{"taxonomy":"post_tag","embeddable":true,"href":"https:\/\/www.bibula.com\/index.php?rest_route=%2Fwp%2Fv2%2Ftags&post=108639"}],"curies":[{"name":"wp","href":"https:\/\/api.w.org\/{rel}","templated":true}]}}