{"id":108556,"date":"2019-06-21T21:29:04","date_gmt":"2019-06-22T01:29:04","guid":{"rendered":"http:\/\/www.bibula.com\/?p=108556"},"modified":"2019-06-21T21:29:04","modified_gmt":"2019-06-22T01:29:04","slug":"zmiany-klimatyczne-szesc-klamstw-i-szesc-faktow","status":"publish","type":"post","link":"https:\/\/www.bibula.com\/?p=108556","title":{"rendered":"Zmiany klimatyczne. Sze\u015b\u0107 k\u0142amstw i sze\u015b\u0107 fakt\u00f3w"},"content":{"rendered":"<div class=\"art-postcontent clearfix\">\r\n<div class=\"art-article\">\r\n<p>Przy okazji COP24 jak na d\u0142oni by\u0142o wida\u0107 indolencj\u0119 znacznej grupy dziennikarzy relacjonuj\u0105cych owo wydarzenie oraz tzw. ekspert\u00f3w. Poni\u017cej prezentujemy i prostujemy tylko kilka z d\u0142ugiego szeregu najcz\u0119\u015bciej powtarzanych bzdur.<\/p>\r\n<p><em><strong>Powtarzane k\u0142amstwo:<\/strong><\/em><br>\r\n<em>Celem COP24 jest poprawa jako\u015bci powietrza i walka ze smogiem.<\/em> <br>\r\n&nbsp;<br>\r\n<strong>Prawda:<\/strong> <br>\r\nCOP24 zajmowa\u0142 si\u0119 ograniczeniem emisji dwutlenku w\u0119gla do atmosfery. Zdaniem cz\u0119\u015bci naukowc\u00f3w i polityk\u00f3w, CO2 powoduje globalne ocieplenie. Ten gaz nie jest jednak zanieczyszczeniem powietrza, kt\u00f3rym oddychamy i nie ma wp\u0142ywu na nasze zdrowie. Smog i CO2 to zupe\u0142nie inne rzeczy, kt\u00f3re nie maj\u0105 ze sob\u0105 nic wsp\u00f3lnego i w \u017cadnym wypadku nie nale\u017cy ich uto\u017csamia\u0107. <br>\r\n&nbsp;<\/p>\r\n<p><em><strong>Powtarzane k\u0142amstwo:<\/strong><\/em><br>\r\n<em>Wp\u0142yw cz\u0142owieka na ocieplenie klimatu to niepodwa\u017calny fakt naukowy.<\/em> <br>\r\n&nbsp;<br>\r\n<strong>Prawda:<\/strong><br>\r\nNaukowcy nie s\u0105 wcale zgodni co do tego faktu. Wielu wybitnych przedstawicieli \u015bwiata nauki twierdzi, \u017ce dzia\u0142alno\u015b\u0107 cz\u0142owieka ma bardzo niewielki wp\u0142yw na klimat lub nie ma go wcale. Np. Komitet Nauk Geologicznych Polskiej Akademii Nauk w opublikowanym kilka lat temu stanowisku stwierdzi\u0142: \u201eNale\u017cy bezwzgl\u0119dnie zachowa\u0107 daleko id\u0105c\u0105 pow\u015bci\u0105gliwo\u015b\u0107 w przypisywaniu cz\u0142owiekowi wy\u0142\u0105cznej, czy cho\u0107by tylko dominuj\u0105cej, odpowiedzialno\u015bci za zwi\u0119kszon\u0105 emisj\u0119 gaz\u00f3w cieplarnianych, gdy\u017c prawdziwo\u015b\u0107 takiego twierdzenia nie zosta\u0142a udowodniona. (&#8230;)B\u0142\u0119dne te\u017c mog\u0105 by\u0107 decyzje polityk\u00f3w podejmowane o oparciu o niekompletny zesp\u00f3\u0142 danych. W takich warunkach \u0142atwo o &#8211; przystrojony poprawno\u015bci\u0105 polityczn\u0105 &#8211; lobbing inspirowany przez kr\u0119gi zainteresowane na przyk\u0142ad sprzeda\u017c\u0105 szczeg\u00f3lnie kosztownych, tak zwanych ekologicznych, technologii energetycznych.\u201d Problem w tym, \u017ce zwolennicy hipotezy o wp\u0142ywie cz\u0142owieka na zmiany klimatu nie dopuszczaj\u0105 do jakiejkolwiek naukowej dyskusji. Traktuj\u0105 swoj\u0105 hipotez\u0119 jak prawd\u0119 objawion\u0105 i pr\u00f3buj\u0105 dyskredytowa\u0107 wszystkich, kt\u00f3rzy twierdz\u0105 inaczej. <br>\r\n&nbsp;<\/p>\r\n<p><strong><em>Powtarzane k\u0142amstwo:<\/em><\/strong><br>\r\n<em>Niemal ca\u0142y CO2, kt\u00f3ry trafia do atmosfery, jest wynikiem dzia\u0142alno\u015bci cz\u0142owieka. W szczeg\u00f3lno\u015bci winny jest przemys\u0142 i energetyka.<\/em> <br>\r\n&nbsp;<br>\r\n<strong>Prawda:<\/strong><br>\r\nDzia\u0142alno\u015b\u0107 cz\u0142owieka odpowiada zaledwie za oko\u0142o 5 proc. emisji CO2 do atmosfery. Reszta to naturalna emisja tego gazu powodowana przez oceany, l\u0105dy, wulkany i biosfer\u0119 (rozk\u0142ad ro\u015blinno\u015bci).<br>\r\n&nbsp;<\/p>\r\n<p><em><strong>Powtarzane k\u0142amstwo:<\/strong><\/em><br>\r\n<em>Polska emituje najwi\u0119cej CO2 w Europie i jest jednym z najwi\u0119kszych emitent\u00f3w na \u015bwiecie.<\/em> <br>\r\n&nbsp;<br>\r\n<strong>Prawda:<\/strong><br>\r\nPolska nie jest nawet w czo\u0142\u00f3wce kraj\u00f3w emituj\u0105cych najwi\u0119ksze ilo\u015bci CO2 na \u015bwiecie. Na tej li\u015bcie zajmujemy dopiero 21 miejsce. Ca\u0142a Unia Europejska odpowiada za niespe\u0142na 10 proc. globalnej emisji. W samej Unii Europejskiej wi\u0119cej CO2 od Polski emituj\u0105 Niemcy (a\u017c dwukrotnie), Wielka Brytania, Francja i W\u0142ochy. Pod wzgl\u0119dem emisji CO2 na 1 mieszka\u0144ca zajmujemy w UE dopiero 11 miejsce. <br>\r\n&nbsp;<\/p>\r\n<p><em><strong>Powtarzane k\u0142amstwo:<\/strong><\/em><br>\r\n<em>Ca\u0142y \u015bwiat odchodzi od w\u0119gla. Zamyka kopalnie, a elektrownie w\u0119glowe zamienia na wiatraki i panele s\u0142oneczne.<\/em> <br>\r\n&nbsp;<br>\r\n<strong>Prawda:<\/strong><br>\r\nPomi\u0119dzy rokiem 2000 a 2018 konsumpcja w\u0119gla na \u015bwiecie wzros\u0142a o 56 proc. W Chinach wydobywa si\u0119 3 mld ton w\u0119gla rocznie, w USA 700 mln ton. Inne kraje azjatyckie i Australia to kolejny 1 mld ton. W Polsce w ubieg\u0142ym roku wyprodukowano 65,5 mln ton w\u0119gla. W czasie gdy Unia Europejska ka\u017ce Polsce zamyka\u0107 kopalnie, importuje w\u0119giel na pot\u0119g\u0119. W 2017 roku do kraj\u00f3w UE sprowadzono 173 mln ton w\u0119gla. Odpowiada to pracy 57 kopal\u0144, kt\u00f3re mog\u0142yby da\u0107 zatrudnienie 175 tys. g\u00f3rnik\u00f3w i 700 tys. pracownik\u00f3w w otoczeniu g\u00f3rnictwa. <br>\r\n&nbsp;<\/p>\r\n<p><strong><em>Powtarzane k\u0142amstwo:<\/em><\/strong><br>\r\n<em>Energia ze \u017ar\u00f3de\u0142 odnawialnych jest ta\u0144sza od energii z w\u0119gla i mo\u017ce w pe\u0142ni zaspokoi\u0107 potrzeby energetyczne.<\/em> <br>\r\n&nbsp;<br>\r\n<strong>Prawda:<\/strong> <br>\r\n\u0179r\u00f3d\u0142a odnawialne s\u0105 w stanie zaspokoi\u0107 jedynie niewielk\u0105 cz\u0119\u015b\u0107 zapotrzebowania na energi\u0119. Panele s\u0142oneczne dostarczaj\u0105 energii wy\u0142\u0105cznie w dzie\u0144 przy s\u0142onecznej pogodzie, a wiatraki tylko, gdy wieje wiatr. Ponadto nie da si\u0119 magazynowa\u0107 energii z OZE na wi\u0119ksz\u0105 skal\u0119. Energia ze \u017ar\u00f3de\u0142 odnawialnych jest niepor\u00f3wnywalnie dro\u017csza od energii z w\u0119gla. Publikowane w mediach wyliczenia, kt\u00f3re wskazuj\u0105 co innego nie uwzgl\u0119dniaj\u0105 faktu, \u017ce w\u0119giel jest obci\u0105\u017cony gigantycznymi op\u0142atami wprowadzonymi przez Uni\u0119 Europejsk\u0105. Z kolei wiatraki i panele s\u0142oneczne korzystaj\u0105 z olbrzymiego systemu dop\u0142at i subwencji. Tylko w Niemczech dop\u0142aty do OZE wynosz\u0105 20 mld euro rocznie. Szacuje si\u0119, \u017ce subwencjonowanie energii odnawialnej w tym kraju w latach 2015-2035 b\u0119dzie kosztowa\u0107 500 mld euro. <br>\r\n<br>\r\nmk\/\u017ar\u00f3d\u0142o: solidarnosckatowice.pl<br>\r\n<br>\r\nza: <a href=\"https:\/\/www.tysol.pl\/a27755-Zmiany-klimatyczne-Szesc-klamstw-i-szesc-faktow\">https:\/\/www.tysol.pl<\/a><\/p>\r\n<\/div>\r\n<\/div>","protected":false},"excerpt":{"rendered":"Przy okazji COP24 jak na d\u0142oni by\u0142o wida\u0107 indolencj\u0119 znacznej grupy dziennikarzy relacjonuj\u0105cych owo wydarzenie oraz tzw. ekspert\u00f3w. Poni\u017cej prezentujemy i prostujemy tylko kilka z d\u0142ugiego szeregu najcz\u0119\u015bciej powtarzanych bzdur. Powtarzane k\u0142amstwo: Celem COP24 jest poprawa jako\u015bci powietrza i walka ze smogiem. &nbsp; Prawda: COP24 zajmowa\u0142 si\u0119 ograniczeniem emisji dwutlenku w\u0119gla do atmosfery. Zdaniem cz\u0119\u015bci [&hellip;]","protected":false},"author":1,"featured_media":0,"comment_status":"closed","ping_status":"closed","sticky":false,"template":"","format":"standard","meta":{"_acf_changed":false,"_monsterinsights_skip_tracking":false,"_monsterinsights_sitenote_active":false,"_monsterinsights_sitenote_note":"","_monsterinsights_sitenote_category":0,"ngg_post_thumbnail":0,"footnotes":"","_wp_rev_ctl_limit":""},"categories":[12],"tags":[414,93,20],"acf":[],"_links":{"self":[{"href":"https:\/\/www.bibula.com\/index.php?rest_route=\/wp\/v2\/posts\/108556"}],"collection":[{"href":"https:\/\/www.bibula.com\/index.php?rest_route=\/wp\/v2\/posts"}],"about":[{"href":"https:\/\/www.bibula.com\/index.php?rest_route=\/wp\/v2\/types\/post"}],"author":[{"embeddable":true,"href":"https:\/\/www.bibula.com\/index.php?rest_route=\/wp\/v2\/users\/1"}],"replies":[{"embeddable":true,"href":"https:\/\/www.bibula.com\/index.php?rest_route=%2Fwp%2Fv2%2Fcomments&post=108556"}],"version-history":[{"count":0,"href":"https:\/\/www.bibula.com\/index.php?rest_route=\/wp\/v2\/posts\/108556\/revisions"}],"wp:attachment":[{"href":"https:\/\/www.bibula.com\/index.php?rest_route=%2Fwp%2Fv2%2Fmedia&parent=108556"}],"wp:term":[{"taxonomy":"category","embeddable":true,"href":"https:\/\/www.bibula.com\/index.php?rest_route=%2Fwp%2Fv2%2Fcategories&post=108556"},{"taxonomy":"post_tag","embeddable":true,"href":"https:\/\/www.bibula.com\/index.php?rest_route=%2Fwp%2Fv2%2Ftags&post=108556"}],"curies":[{"name":"wp","href":"https:\/\/api.w.org\/{rel}","templated":true}]}}