{"id":108514,"date":"2019-06-20T12:56:10","date_gmt":"2019-06-20T16:56:10","guid":{"rendered":"http:\/\/www.bibula.com\/?p=108514"},"modified":"2019-06-25T14:30:05","modified_gmt":"2019-06-25T18:30:05","slug":"auschwitz-moze-sie-stac-obszarem-eksterytorialnym-czy-bedziemy-mieli-pierwsza-enklawe-izraela-w-europie","status":"publish","type":"post","link":"https:\/\/www.bibula.com\/?p=108514","title":{"rendered":"Auschwitz mo\u017ce si\u0119 sta\u0107 obszarem eksterytorialnym. Czy b\u0119dziemy mieli pierwsz\u0105 enklaw\u0119 Izraela w Europie?"},"content":{"rendered":"<p style=\"padding-left: 40px;\"><em>Odpowiemy w ciemno: TAK.<br>\r\nAdmin<\/em><\/p>\r\n<p>\u015arodowiska \u017cydowskie poczynaj\u0105 sobie coraz \u015bmielej. Nie do\u015b\u0107, \u017ce polscy podatnicy finansuj\u0105 takie antypolskie o\u015brodki jak Muzeum Polin czy obecne muzeum w Auschwitz, to jeszcze okazuje si\u0119, \u017ce ca\u0142kiem powa\u017cnie wysuwa si\u0119 postulaty aby niemiecki ob\u00f3z zag\u0142ady w Brzezince uczyni\u0107 obszarem zarz\u0105dzanym przez Izrael lub \u015brodowiska \u017cydowskie.<\/p>\r\n<p>Bior\u0105c pod uwag\u0119 zachowanie obecnych w\u0142adz muzeum w Auschwitz Birkenau w\u0142a\u015bciwie dawny niemiecki ob\u00f3z i <strong>jest ju\u017c de facto eksterytorialny.<\/strong> \u015awiadczy o tym bardzo wiele aspekt\u00f3w, jak te, \u017ce konsekwentnie uniemo\u017cliwia si\u0119 wchodzenie tam z polskimi flagami przez polskich patriot\u00f3w, oraz pozmieniane opisy konkretnych miejsc w obozie, stosuj\u0105ce rasistowsk\u0105 retoryk\u0119 opisuj\u0105c wi\u0119\u017ani\u00f3w <strong>dziel\u0105c ich na \u017byd\u00f3w i tak zwanych Nie-\u017byd\u00f3w<\/strong>, czyli chyba jak\u0105\u015b form\u0119 podludzi.<\/p>\r\n<p>W najnowszym tygodniku Sieci b\u0119d\u0105cym de facto propagandow\u0105 partii rz\u0105dz\u0105cej PiS, pojawi\u0142y si\u0119 ju\u017c po raz kolejny oczekiwania niejakiego Jonnego Danielsa, sier\u017canta izraelskich si\u0142 zbrojnych i jednocze\u015bnie wyj\u0105tkowo skutecznego agenta wp\u0142ywu, kt\u00f3ry uzyska\u0142 zdumiewaj\u0105cy dost\u0119p do najwy\u017cszych w\u0142adz w Polsce i jest uwa\u017cany za reprezentanta strony \u017cydowskiej.<\/p>\r\n<p>Pan Daniels, kt\u00f3ry do ko\u0144ca nie wiadomo kim jest poza tym, \u017ce reprezentuje fundacj\u0119 o nazwie From The Depth, ma wielu znajomych w PiS i niekt\u00f3rzy z\u0142o\u015bliwcy twierdz\u0105, \u017ce posiada pozycj\u0119 tak mocn\u0105 jakby to on by\u0142 rzeczywistym prezydentem Polski.<\/p>\r\n<p>Zreszt\u0105 ju\u017c nie pierwszy raz zaproponowa\u0142 uczynienie z Auschwitz enklawy. Sugerowa\u0142 to ju\u017c w lutym 2018 roku, kiedy trwa\u0142 powa\u017cny kryzys w relacjach dyplomatycznych mi\u0119dzy Polsk\u0105 a Izraelem, spowodowany sprzeciwem Izraela wobec polskiej ustawy o IPN.<\/p>\r\n<p>Wtedy postulat utworzenia czego\u015b w rodzaju enklawy Izraela w Auschwitz wydawa\u0142 si\u0119 zbyt daleko posuni\u0119ty. Teraz nie jest to ju\u017c takie oczywiste, zw\u0142aszcza bior\u0105c pod uwag\u0119 ostatnie zachowanie prezydenta Izraela, kt\u00f3ry zaprosi\u0142 do Auschwitz prezydenta Federacji Rosyjskiej W\u0142adimira Putina, nie uzgadniaj\u0105c tego najwyra\u017aniej z polskim MSZ. Mo\u017ce to po prostu oznacza\u0107, \u017ce z punktu widzenia Izraela Auschwitz nie le\u017cy w Polsce.<\/p>\r\n<p>Nie zapominajmy, \u017ce ta teza k\u0142\u00f3ci si\u0119 z promowan\u0105 ostatnio teori\u0105, wedle kt\u00f3rej \u017bydzi w Holokau\u015bcie gin\u0119li nie w niemieckich tylko w polskich obozach zag\u0142ady. Skoro zatem Auschwitz nie le\u017cy w Polsce, tylko w Izraelu, bo tym terytorium dysponuje jak swoim prezydent Izraela, to mo\u017ce przynajmniej w przypadku tego obozu uzasadnione jest nazywanie go nie niemieckim, nie polskim,tylko izraelskim?<\/p>\r\n<p>By\u0107 mo\u017ce przypadkiem jest te\u017c to, \u017ce w ekspozycji w muzeum Yad Vashem obozy \u015bmierci na terenie Trzeciej Rzeszy oznaczone s\u0105 bia\u0142o czerwonymi znacznikami. Trzeba przyzna\u0107, \u017ce \u015bwietnie wsp\u00f3\u0142gra to popularn\u0105 ostatnio narracj\u0105, aby nazywa\u0107 niemieckie obozy zag\u0142ady polskimi.<\/p>\r\n<p>Trzeba przyzna\u0107, \u017ce postulat pana Danielsa, odno\u015bnie przej\u0119cia finansowania Auschwitz jako miejsca o znaczeniu muzealnym jest kusz\u0105cy. Przynajmniej polski podatnik nie b\u0119dzie zmuszony do finansowania o\u015brodk\u00f3w jawnie antypolskich. Enklawa Izraela zwana Auschwitz z obecnego poziomu de facto podniesie si\u0119 po prostu do poziomu de iure.<\/p>\r\n<p>Kwestia eksterytorialno\u015bci jest bardzo delikatna, bo dok\u0142adnie takie oczekiwania mieli p\u00f3\u017aniejsi naje\u017ad\u017acy, Niemcy, oczekuj\u0105cy eksterytorialnej autostrady na Prusy Wschodnie. Historia lubi si\u0119 powtarza\u0107 i teraz s\u0142yszymy o eksterytorialno\u015bci Auschwitz, obozu \u015bmierci zbudowanego dla Polak\u00f3w.<\/p>\r\n<p><em><a href=\"https:\/\/zmianynaziemi.pl\/wiadomosc\/auschwitz-moze-sie-stac-obszarem-eksterytorialnym-czy-bedziemy-mieli-pierwsza-enklawe\" target=\"_blank\" rel=\"noopener noreferrer\">https:\/\/zmianynaziemi.pl<\/a><\/em><\/p>\r\n<p><em>W kwestii eksterytorialno\u015bci \u201epolskie\u201d rz\u0105dy b\u0119d\u0105 mieli g\u2026 do powiedzenia.<\/em><br>\r\n<em>Admin<\/em><\/p>\r\n<blockquote>\r\n<p>[<strong>Wybrane wypowiedzi internaut\u00f3w pod w\/w tekstem na stronie \u017ar\u00f3d\u0142owej:<\/strong>]<\/p>\r\n<p><em>Moher49<\/em>:<br>\r\nPrzecie\u017c ju\u017c jest. Flaga polska w Auschwitz jest niemile widziana.<br>\r\nPrezydent Izraela zaprasza tu go\u015bci, nie pytaj\u0105c o zgod\u0119 Polak\u00f3w, kt\u00f3rzy maj\u0105 cicho siedzie\u0107, bo taka jest wola Boga.<\/p>\r\n<\/blockquote>\r\n<p class=\"zrodlo\">Za: <a href=\"https:\/\/marucha.wordpress.com\/2019\/06\/19\/auschwitz-moze-sie-stac-obszarem-eksterytorialnym-czy-bedziemy-mieli-pierwsza-enklawe-izraela-w-europie\/\">Dziennik gajowego Maruchy (2019-06-19)<\/a><\/p>\r\n<h4>&nbsp;<\/h4>\r\n<hr style=\"background-color: #000000; border-width: 0; color: #000000; height: 2px; line-height: 0; text-align: center; width: 100%;\">\r\n<h4>&nbsp;<\/h4>\r\n<h2>Eksterytorialno\u015b\u0107 obozu Auschwitz, a mo\u017ce i\u2026 miasta O\u015bwi\u0119cim?!<\/h2>\r\n<p>Poniewa\u017c ostatnio niekt\u00f3rzy publicy\u015bci (prawicowi i niezale\u017cni, ma si\u0119 rozumie\u0107(!); jak np. R. Ziemkiewicz, niezmienny wielbiciel \u201eprzyjaciela Polski\u201d, Szewacha Weissa) zacz\u0119li &#8211; po 20 latach dopiero! &#8211; \u201eodkrywa\u0107 Ameryk\u0119\u201d, w sprawie faktycznej &#8211; cho\u0107 jeszcze nie <em>de iure <\/em>&#8211; eksterytorialno\u015bci obozu Auschwitz (a mo\u017ce nawet &#8211; samego miasta O\u015bwi\u0119cim?), pozwalam sobie przypomnie\u0107 fragment mojego felietonu (z maja 2006 r.), po\u015bwi\u0119conego post\u0119powaniu toru\u0144skiej prokuratury (\u201eszcz\u0119\u015bliwie\u201d umorzonemu p\u00f3\u017aniej), ws. rzekomego <strong>zniewa\u017cenia narodu \u017cydowskiego przez red. Michalkiewicza, w jego felietonie &#8211; wyg\u0142oszonym dn. 29. marca 2006 r. &#8211; na antenie Radia Maryja. <\/strong>[Za czas\u00f3w pierwszej \u201edobrej zmiany\u201d\u2026] A oto \u00f3w fragment (opis \u201eincydentu\u201d), kt\u00f3ry wyda\u0142 mi si\u0119 tym bardziej aktualny; z uwagi na to, co dzia\u0142o si\u0119 w Auschwitz w dniu 14 czerwca, podczas tegorocznej rocznicy pierwszego transportu wi\u0119\u017ani\u00f3w do Auschwitz (g\u0142\u00f3wnie Polak\u00f3w), <strong>pod czujn\u0105 <\/strong><strong> i <\/strong><strong>osobist\u0105 <\/strong><strong>kontrol\u0105 \u201epacyfikatora\u201d (Polak\u00f3w) i nadzorcy obozu, dyr. Cywi\u0144skiego, kt\u00f3ry \u201enie poni\u017cy\u0142 si\u0119\u201d nawet do z\u0142o\u017cenia zniczy, w ho\u0142dzie pomordowanym!<\/strong><\/p>\r\n<p>*****<\/p>\r\n<p>(\u2026) Aby Czytelnik\u00f3w d\u0142u\u017cej ju\u017c nie m\u0119czy\u0107 polemik\u0105, z wynurzeniami zidiocia\u0142ych hunwejbin\u00f3w \u201epoprawno\u015bci politycznej\u201d, przejd\u017amy obecnie do rzeczywistych tre\u015bci, zawartych w inkryminowanym felietonie S. Michalkiewicza. Znajdujemy tam zdanie o tworzeniu &#8211; ofensyw\u0105 \u201eGW\u201d &#8211; <strong>\u201eatmosfery sprzyjaj\u0105cej ust\u0119pliwo\u015bci rz\u0105du, wobec \u017c\u0105da\u0144 przedstawicieli izraelskich w\u0142adz\u201d<\/strong>, a tak\u017ce roztropn\u0105 opini\u0119, i\u017c <strong>\u201e\u017c\u0105danie spacyfikowania Radia Maryja, stanowi\u0142o bezprzyk\u0142adn\u0105 ingerencj\u0119 w polskie sprawy wewn\u0119trzne\u201d.<\/strong> Na tym chcia\u0142bym si\u0119 skupi\u0107, gdy\u017c i o to &#8211; zapewne &#8211; \u201ezahaczy\u201d red. Michalkiewicza, przes\u0142uchuj\u0105cy go prokurator, a na temat \u201ebezprzyk\u0142adnej ingerencji w polskie sprawy wewn\u0119trzne\u201d oraz \u201eust\u0119pliwo\u015bci rz\u0105du\u201d, <strong>mam do przekazania &#8211; opinii publicznej &#8211; fakty zgo\u0142a nietuzinkowe!<\/strong> [Na t\u0119 okoliczno\u015b\u0107 zwracam si\u0119 tak\u017ce do toru\u0144skiej prokuratury, o przes\u0142uchanie mnie w charakterze \u015bwiadka; a mo\u017ce nawet &#8211; podejrzanego..?]<\/p>\r\n<p>Cofnijmy si\u0119 wi\u0119c nieco w przesz\u0142o\u015b\u0107, do roku 1998. W owym czasie by\u0142em ju\u017c po kilkuletnich staraniach o zrealizowanie du\u017cego filmu dokumentalnego, po\u015bwi\u0119conego stosunkom polsko-\u017cydowskim, pocz\u0105wszy od pierwszej wielkiej fali imigracyjnej, za panowania Kazimierza Wielkiego, a\u017c po wsp\u00f3\u0142czesno\u015b\u0107. Film zamierzony by\u0142 w trzech cz\u0119\u015bciach; rzetelny, bo oparty wy\u0142\u0105cznie na udokumentowanych faktach i pozbawiony jakichkolwiek komentarzy odautorskich. Je\u015bli jednak oparty na faktach, to ju\u017c trudno, ale tak\u017ce\u2026 \u201eantysemicki\u201d niechybnie, skoro &#8211; jak ju\u017c wiemy &#8211; <strong>niekt\u00f3re fakty tak\u017ce bywaj\u0105 \u201eantysemitami\u201d..! <\/strong>Poniewa\u017c &#8211; jako si\u0119 rzek\u0142o &#8211; Maczuga jest straszliwa, nie znaj\u0105ca co to \u201ezmi\u0142uj si\u0119!\u201d, wi\u0119c wszyscy potencjalni sponsorzy w Polsce, dawali &#8211; pr\u0119dzej czy p\u00f3\u017aniej &#8211; drapaka, us\u0142yszawszy temat zamierzonego filmu. W ko\u0144cu trafi\u0142 mi si\u0119 kto\u015b z Ameryki, zdecydowany sfinansowa\u0107 film; przynajmniej w cz\u0119\u015bci.&nbsp; \u0179ywi\u0105c naiwne przekonanie, \u017ce za rok film mo\u017ce ju\u017c by\u0107 prawie gotowy, postanowi\u0142em &#8211; nie czekaj\u0105c na zapowiedziane pieni\u0105dze &#8211; za w\u0142asne \u015brodki nakr\u0119ci\u0107 relacj\u0119 z tzw. Marszu \u0179ywych, w kt\u00f3rym uczestniczyli w\u00f3wczas tak\u017ce premierzy: Buzek i Nethaniahu. Szczeg\u00f3lnie (a w\u0142a\u015bciwie wy\u0142\u0105cznie) zainteresowany by\u0142em rozmowami z m\u0142odymi uczestnikami Marszu: <strong>zw\u0142aszcza z Ameryki, gdzie poddawani s\u0105 notorycznie &#8211; od wielu, wielu lat &#8211; \u201eedukacji\u201d o \u201epolskich obozach koncentracyjnych\u201d,<\/strong> bo nie jest to zjawisko z ostatniego roku (2005), jak mo\u017cna by s\u0105dzi\u0107, z ostatnich \u201eodkry\u0107\u201d demo-liberalnych medi\u00f3w!. [I rzeczywi\u015bcie: nagra\u0142em wielce pouczaj\u0105ce &#8211; w tym wzgl\u0119dzie &#8211; opinie m\u0142odych \u017byd\u00f3w ameryka\u0144skich; a tak\u017ce &#8211; uzasadnienia obecno\u015bci pancernej ochrony izraelskiej, uzbrojonej w \u201egiwery\u201d do kostek, \u201eniezb\u0119dnej, bo broni\u0105cej\u201d ich &#8211; w Polsce &#8211; przed\u2026 \u201eatakami polskich antysemit\u00f3w\u201d!]<\/p>\r\n<p>Pr\u00f3by uzyskania informacji o Marszu (i akredytacji przy nim) w \u015brodowiskowych instytucjach polskich \u017byd\u00f3w (kt\u00f3re zdumiewaj\u0105co\u2026 \u201enie posiada\u0142y\u201d \u017cadnych informacji na temat Marszu) nie przynios\u0142y najmniejszego skutku, wi\u0119c skontaktowa\u0142em si\u0119 z Kancelari\u0105 Premiera, gdzie odby\u0142em kilka rozm\u00f3w z min. Jerzym Markiem Nowakowskim (p\u00f3\u017aniejszym \u017curnalist\u0105 Tygodnika \u201eWprost\u201d). Zapewni\u0142 mnie o zainteresowaniu rz\u0105du powstaniem takiego filmu i obieca\u0142 pomoc \u201elogistyczn\u0105\u201d przy jego produkcji, w ramach kt\u00f3rej zaproponowa\u0142 mi towarzyszenie pierwszej wizycie premiera w USA i\u2026 sfilmowanie jego wizyty w Muzeum Holocaustu. [Pomoc logistyczn\u0105 tylko &#8211; bez wsparcia finansowego &#8211; ale pomy\u015bla\u0142em sobie, \u017ce lepsza taka pomoc &#8211; nawet ukradkiem &#8211; ni\u017c <strong>dotychczasowa, tch\u00f3rzliwa i wieloletnia bezczynno\u015b\u0107 rz\u0105d\u00f3w, wobec rozpowszechnianych w Ameryce oszczerstw, pod adresem Polski i Polak\u00f3w<\/strong>.] Wiele dni trwa\u0142a ta \u201epomoc\u201d logistyczna i a\u017c do wyjazdu z Warszawy\u2026 nie uzyska\u0142em \u017cadnej akredytacji na pi\u015bmie\u2026 Jednak w przeddzie\u0144 Marszu zadzwoni\u0142a do mnie p. Magdziak-Miszewska (minister odpowiedzialna za\u2026 kontakty polsko-\u017cydowskie, a p\u00f3\u017aniej: ambasador w Izraelu), udaj\u0105ca si\u0119 ju\u017c do O\u015bwi\u0119cimia; z informacj\u0105, \u017ce \u201ewszystko jest za\u0142atwione i mog\u0119 przyje\u017cd\u017ca\u0107 z ekip\u0105\u201d\u2026 Tak te\u017c uczyni\u0142em, a na miejscu okaza\u0142o si\u0119, \u017ce\u2026 nie wszystko zosta\u0142o \u201eza\u0142atwione\u201d!?<\/p>\r\n<p>Po dw\u00f3ch godzinach nerwowego oczekiwania (w hotelu) na faks z Centrum Informacyjnego Rz\u0105du, otrzyma\u0142em w ko\u0144cu <strong>rekomendacj\u0119 z piecz\u0119ci\u0105 Kancelarii Premiera RP.<\/strong> Po wys\u0142uchaniu \u017cydowskich instrukcji: \u201egdzie wolno nam przebywa\u0107, a gdzie nie\u201d, z ust jednej z ameryka\u0144skich organizatorek Marszu, udali\u015bmy si\u0119 do obozu Auschwitz-Birkenau, <strong>legitymowani &#8211; po drodze &#8211; przez \u201eniezliczone\u201d posterunki policyjne, rozstawione na ulicach miasta O\u015bwi\u0119cim, kt\u00f3re w dniach Marszu poddane jest \u201estanowi wojennemu\u201d, wskutek czego swobodne przemieszczanie si\u0119 po mie\u015bcie jest wykluczone!<\/strong> [Sk\u0105din\u0105d ciekawe, czy s\u0105 jeszcze &#8211; w\u015br\u00f3d mieszka\u0144c\u00f3w O\u015bwi\u0119cimia &#8211; jacy\u015b\u2026 \u201enie-antysemici\u201d?] Na miejscu, przed boczn\u0105 bram\u0105 obozu Birkenau, kt\u00f3r\u0105 wpuszczano ekipy dziennikarzy i filmowc\u00f3w, zostali\u015bmy sprawdzeni (tak\u017ce elektronicznie) przez funkcjonariuszy polskiego BOR-u, otrzymuj\u0105c imienne identyfikatory. Gdy wchodzi\u0142em ju\u017c do obozu, drog\u0119 zast\u0105pi\u0142a mi m\u0142oda <strong>funkcjonariuszka izraelskiej ochrony (ichniego BOR-u, a mo\u017ce nawet &#8211; o zgrozo! &#8211; Mosadu!?) i <u>brutalnie zrywaj\u0105c mi identyfikator<\/u> (akredytacj\u0119), o\u015bwiadczy\u0142a, \u017ce nie wejd\u0119 do \u015brodka! Pokaza\u0142em jej m\u00f3j \u201eglejt\u201d, a zw\u0142aszcza jego nag\u0142\u00f3wek: \u201eKancelaria Premiera RP\u201d. <u>Wy\u015bmia\u0142a go, podkre\u015blaj\u0105c aluzyjnie, do czego mo\u017ce pos\u0142u\u017cy\u0107 mi \u00f3w\u2026 \u201epapier<\/u>\u201d! Zwr\u00f3ci\u0142em si\u0119 z interwencj\u0105 do polskich \u201eborowik\u00f3w\u201d, ale ci o\u015bwiadczyli mi &#8211; z widoczn\u0105 konfuzj\u0105 i irytacj\u0105, kt\u00f3rej trudno si\u0119 dziwi\u0107, zwa\u017cywszy na fakt, \u017ce znajdowali\u015bmy si\u0119 na terytorium wci\u0105\u017c niby suwerennego(?) pa\u0144stwa polskiego&nbsp; &#8211; \u017ce <u>nic nie mog\u0105 na to poradzi\u0107, gdy\u017c \u201etakie otrzymali instrukcje<\/u>\u201d!!!<\/strong><\/p>\r\n<p>Zacz\u0105\u0142em wydzwania\u0107 do min. Nowakowskiego w Kancelarii Premiera, min. Magdziak-Miszewskiej (na miejscu), szefa BOR-u (towarzysz\u0105cego w samochodzie naszemu Premierowi), etc., etc. Kolejni moi rozm\u00f3wcy \u201ewy\u0142\u0105czali\u201d (dla mnie) swoje kom\u00f3rki, abym ich d\u0142u\u017cej nie \u201emolestowa\u0142\u201d\u2026 Zanim jednak \u201epowy\u0142\u0105czali\u201d je ostatecznie &#8211; us\u0142ysza\u0142em od min. Magdziak-Miszewskiej oraz szefa ochrony, znajduj\u0105cego si\u0119 w towarzystwie Premiera RP (sic!), identyczn\u0105 sentencj\u0119: <strong>\u201e<u>Skoro rekomendacja Rz\u0105du RP nie pomog\u0142a, to nic ju\u017c nie da si\u0119 uczyni\u0107<\/u>!!!\u201d<\/strong> [Gdybym dodzwoni\u0142 si\u0119 do samego premiera Buzka, zapewne us\u0142ysza\u0142bym to samo..!?] Po 2 godzinach bezskutecznych interwencji, zosta\u0142em samiute\u0144ki pod t\u0105 &#8211; zgo\u0142a nie-\u017cydowsk\u0105 &#8211; \u201ebram\u0105\u2026 p\u0142aczu\u201d\u2026 [Bo widz\u0105c wchodz\u0105cy ju\u017c do obozu Marsz \u0179ywych, wys\u0142a\u0142em 2 cz\u0142onk\u00f3w ekipy &#8211; o dziwo nie zatrzymanych przez izraelsk\u0105 ochron\u0119? &#8211; aby sfilmowali fragmenty uroczysto\u015bci i wr\u00f3cili do mnie, na zaplanowane rozmowy z uczestnikami Marszu.]<\/p>\r\n<p>Wys\u0142anie ekipy by\u0142o jednak powa\u017cnym b\u0142\u0119dem! Bowiem chwil\u0119 potem pojawi\u0142 si\u0119 jaki\u015b prze\u0142o\u017cony naszych \u201eborowik\u00f3w\u201d, a us\u0142yszawszy ich relacj\u0119 o incydencie ze mn\u0105, wyra\u017anie straci\u0142 sw\u00f3j\u2026 profesjonalny spok\u00f3j. Kr\u00f3tko m\u00f3wi\u0105c &#8211; w\u015bciek\u0142 si\u0119! Poleci\u0142 mi zabra\u0107 swoje rzeczy i uda\u0107 si\u0119 do obozu za nim, co te\u017c uczyni\u0142em. <strong>Drog\u0119 zast\u0105pi\u0142a nam ponownie owa \u017byd\u00f3wka. M\u00f3j wybawca rozpi\u0105\u0142 w\u00f3wczas marynark\u0119 i &#8211; k\u0142ad\u0105c d\u0142o\u0144 na kaburze broni &#8211; wykrzycza\u0142 jej w twarz \u201epropozycj\u0119\u201d &#8211; ni mniej ni wi\u0119cej &#8211; pojedynku (\u201estrzelania si\u0119 z ni\u0105\u201d)! [Z wiadomych wzgl\u0119d\u00f3w nie b\u0119d\u0119 cytowa\u0142 s\u0142\u00f3w, kt\u00f3re w\u00f3wczas pad\u0142y, z ust \u201eborowika\u201d, a tak\u017ce &#8211; jego oponentki.] Ramieniem odgarn\u0105\u0142 ow\u0105 \u201eprzeszkod\u0119\u201d i\u2026 tym sposobem sta\u0142em si\u0119 uczestnikiem uroczysto\u015bci. Mocno spanikowanym uczestnikiem &#8211; dodajmy &#8211; wystrzegaj\u0105cym si\u0119 jakiegokolwiek gwa\u0142towniejszego ruchu, gdy\u017c na miejscu ujrza\u0142em 12 dwumetrowych d\u017centelmen\u00f3w (zapewne reprezentant\u00f3w\u2026 12 pokole\u0144 Izraela..?), wyposa\u017conych w giwery do kostek i oddzielaj\u0105cych publiczno\u015b\u0107 od m\u00f3wnicy! Struchla\u0142ym wzrokiem pr\u00f3bowa\u0142em te\u017c wypatrzy\u0107 gniazda ci\u0119\u017ckich karabin\u00f3w maszynowych i mo\u017adzierzy\u2026<\/strong><\/p>\r\n<p>Do dzi\u015b jednak nie mog\u0119 od\u017ca\u0142owa\u0107, \u017ce pozby\u0142em si\u0119 w\u00f3wczas ekipy i nie uda\u0142o si\u0119 sfilmowa\u0107 tej widowiskowej (bo \u201ewesternowej\u201d wr\u0119cz), a wielce pouczaj\u0105cej awantury, przy bramie obozu!<\/p>\r\n<p>Kilka dni p\u00f3\u017aniej nasza prasa donios\u0142a, \u017ce w Izraelu pojawi\u0142y si\u0119 propozycje, aby obszar oboz\u00f3w uczyni\u0107 terenem\u2026 eksterytorialnym (sic!). Jak\u017ce to propozycje?! <strong>Przecie\u017c ja sam &#8211; przez 2 godziny &#8211; przebywa\u0142em ju\u017c na terenie faktycznie wyj\u0119tym\u2026 spod jurysdykcji pa\u0144stwa polskiego!!!<\/strong><\/p>\r\n<p>Interesuj\u0105cym wydaje si\u0119 pytanie, <strong>dlaczego to ja, <u>wy\u0142\u0105cznie<\/u>, zosta\u0142em tam &#8211; przed bram\u0105 obozu &#8211; \u201enamierzony\u201d, skoro w Polsce wyst\u0119puje taka mnogo\u015b\u0107 \u201eantysemit\u00f3w\u201d?!<\/strong> Aby odpowiedzie\u0107 na to pytanie, zmuszony jestem cofn\u0105\u0107 si\u0119 o kolejne 4 lata, do roku 1994. Tym samym te\u017c: <strong><u>sk\u0142adam donos na siebie samego<\/u>,<\/strong> do&nbsp; warszawskiej &#8211; z uwagi na miejsce pope\u0142nienia przest\u0119pstwa &#8211; prokuratury, gdy\u017c jako osoba rozmi\u0142owana w praworz\u0105dno\u015bci, nie mog\u0119 ju\u017c d\u0142u\u017cej znosi\u0107 prokuratorskiego braku czujno\u015bci ideologicznej, sprzed 12 lat! W sierpniu 1994 r., og\u0142osi\u0142em drukiem, \u017ce: <strong>\u201e<u>No dobra, jestem antysemit\u0105!<\/u>\u201d<\/strong> Taki by\u0142 tytu\u0142 mojego szkicu \u201ehistorycznego\u201d, po\u015bwi\u0119conego &#8211; z dum\u0105, a jak\u017ce! &#8211; \u201espiskowej wersji historii Polski\u201d, w kt\u00f3rej to my Polacy, \u201eko\u0142owali\u015bmy\u201d &#8211; na ka\u017cdym kroku &#8211; cwanych pono\u0107 \u017byd\u00f3w, a ci ostatni &#8211; jeszcze do owego 1994 r. &#8211; nie po\u0142apali si\u0119 w naszych \u201emachiawelicznych\u201d, kilkusetletnich dzia\u0142aniach..?! Za przekazan\u0105 im wiedz\u0119 &#8211; wielce ich satysfakcjonuj\u0105c\u0105 przecie\u017c obecnie (w \u015bwietle tzw. roszcze\u0144) &#8211; oczekiwa\u0142em (w rewan\u017cu) wniosku o przyznanie mi nagrody Nobla\u2026 [A jednak &#8211; spotka\u0142 mnie zaw\u00f3d!]<\/p>\r\n<p>Artyku\u0142 opublikowa\u0142 warszawski tygodnik \u201eNajwy\u017cszy Czas!\u201d, kt\u00f3rego redaktorem naczelnym pod\u00f3wczas by\u0142 &#8211; uwaga, uwaga! &#8211; red. Stanis\u0142aw Michalkiewicz! No, prosz\u0119! Obecnie \u201eidzie w zaparte\u201d, a ju\u017c 12 lat temu dopu\u015bci\u0142 si\u0119 \u201ewsp\u00f3lnictwa i pod\u017cegania do zbrodni\u201d\u2026!<\/p>\r\n<p>Brak czujno\u015bci ze strony prokuratury i \u201erazwiedki\u201d, przed 12 laty, nie oznacza jednak, \u017ce ju\u017c nikt nie czuwa i ka\u017cdy mo\u017ce wypisywa\u0107, co mu si\u0119 tam \u017cywnie podoba! Ot, czuwa\u0142 chocia\u017cby jaki\u015b tutejszy salon \u201epoprawno\u015bci politycznej\u201d, czy inny \u201emosad\u201d\u2026 To by mog\u0142o wyja\u015bnia\u0107 zdarzenia w Birkenau, a tak\u017ce okoliczno\u015b\u0107, \u017ce od owych 12 lat &#8211; b\u0119d\u0105c re\u017cyserem ze znacz\u0105cymi dokonaniami; tak\u017ce zagranicznymi &#8211; nale\u017c\u0119 do \u201eklasy\u201d tzw. wykluczonych. Ale za to &#8211; by mie\u0107 jakie\u015b zaj\u0119cie &#8211; w\u0142\u00f3czony jestem latami po s\u0105dach, zza plec\u00f3w kt\u00f3rych wyziera\u2026 dawna \u201ebezpieka\u201d..! [W tym jej latoro\u015bl &#8211; os\u0142awiony Igor Tuleya, kt\u00f3ry dosta\u0142 \u201ezlecenie na\u2026 wyrok\u201d dla mnie!]<\/p>\r\n<p>A\u017ceby wzm\u00f3c dodatkowo &#8211; tym razem w warszawskiej prokuraturze &#8211; motywacj\u0119 do troski o praworz\u0105dno\u015b\u0107, zacytuj\u0119 jeszcze <em>post scriptum<\/em> do owego \u201eszkicu\u201d sprzed 12 lat, kt\u00f3re &#8211; wskutek zagubienia kartki w redakcji &#8211; nie ukaza\u0142o si\u0119 w\u00f3wczas drukiem:<\/p>\r\n<p><strong><em>&lt;Po uko\u0144czeniu tekstu <\/em><\/strong><em>(tego z 1994 r. &#8211; przyp. z roku 2006)<strong> spojrza\u0142em w lustro i zauwa\u017cy\u0142em, \u017ce uszy mam jednak\u2026 poni\u017cej linii oczu! [Lub\u2026 na odwr\u00f3t; lub jedno wy\u017cej, a drugie ni\u017cej; wszak\u017ce nie pami\u0119tam dobrze owych \u201ekryteri\u00f3w rasowych\u201d!?] Mog\u0142oby to oznacza\u0107, \u017ce jednak jestem \u017bydem..!? <\/strong>[Tak\u0105 ewentualno\u015b\u0107 rozwa\u017ca\u0142em na pocz\u0105tku owego pamfletu &#8211; przyp. z roku 2006.] <strong>C\u00f3\u017c, \u017byd nie \u017byd &#8211; i tak pozostan\u0119 antysemit\u0105! W ko\u0144cu to \u017cydowski pisarz, Isaac Singer napisa\u0142, \u017ce najwi\u0119kszymi antysemitami s\u0105\u2026 \u017bydzi w\u0142a\u015bnie. Ot, chocia\u017cby Jerzy Lewinkopf-Kosi\u0144ski, kt\u00f3ry w dzieci\u0144stwie odp\u0119dza\u0142 &#8211; z pogard\u0105 &#8211; \u017cydowskich r\u00f3wie\u015bnik\u00f3w z podw\u00f3rka, zaznaczaj\u0105c z godno\u015bci\u0105: \u201ez \u017bydami si\u0119 nie bawi\u0119!\u201d (co udokumentowa\u0142a w swej ksi\u0105\u017cce &#8211; \u201eCzarny ptasior\u201d &#8211; J. Siedlecka). To i inne \u201edrobne\u201d zdarzenia nie pomie\u015bci\u0142y si\u0119 jednak, w jego wstrz\u0105saj\u0105cej\u2026 \u201emartyrologii\u201d, kt\u00f3ra mu \u201eodlecia\u0142a\u201d, niczym\u2026 \u201eMalowany ptak\u201d!<\/strong><\/em><\/p>\r\n<p><strong><em>Pozostan\u0119 wi\u0119c antysemit\u0105, cho\u0107 tak ma\u0142o obecnie mam okazji, aby da\u0107 satysfakcj\u0119 swoim paskudnym upodobaniom\u2026 I pomy\u015ble\u0107, jak wiele takich sposobno\u015bci zmarnowa\u0142em przez lata!? Dla przyk\u0142adu &#8211; podczas stanu wojennego, w moim mieszkaniu wielokrotnie spotyka\u0142y si\u0119 (i nocowa\u0142y) liczne \u017byd\u00f3wki &#8211; na czele z sam\u0105 pani\u0105 red. H. \u0141uczywo &#8211; z \u201eGazety Wyborczej\u201d, wyst\u0119puj\u0105cej w\u00f3wczas pod kryptonimem: \u201eTygodnik Mazowsze\u201d. Ci\u0105ga\u0107 za pejsy nie mog\u0142em, bo \u017byd\u00f3wki ich nie nosz\u0105, ale wszak m\u00f3g\u0142bym by\u0142 urz\u0105dzi\u0107 (dla swej przyjemno\u015bci) jaki\u015b inny, ma\u0142y\u2026 \u201epogrom\u201d!? A to se ne vrati!&gt;<\/em><\/strong><\/p>\r\n<p>*****<\/p>\r\n<p><strong><em><u>Post Scriptum<\/u><\/em><\/strong><strong><u> wsp\u00f3\u0142czesne (2019 r.)<\/u><\/strong><strong>:<\/strong> Od 21 lat nie mam wi\u0119c najmniejszych w\u0105tpliwo\u015bci, \u017ce znalaz\u0142em si\u0119 ju\u017c w\u00f3wczas na \u201eczarnej li\u015bcie\u201d izraelskich s\u0142u\u017cb specjalnych. [Podobnie, jak nie mam w\u0105tpliwo\u015bci, \u017ce owe s\u0142u\u017cby \u201egrasuj\u0105\u201d sobie po Polsce bez \u017cadnych przeszk\u00f3d, ze strony s\u0142u\u017cb\u2026 polskoj\u0119zycznych!?] Dlatego te\u017c s\u0105dz\u0119, \u017ce wskazanie to\u017csamo\u015bci \u201enieznanych sprawc\u00f3w\u201d, kt\u00f3rzy podpalili mi (w listopadzie 2018 r.) piwnic\u0119; cztery dni po opublikowaniu mojego \u201eantysemickiego\u201d o\u015bwiadczenia, adresowanego do A. Dudy (w kt\u00f3rym wi\u0119kszo\u015b\u0107 zarzut\u00f3w dotyczy \u201eroszcze\u0144\u201d \u017cydowskich), nie mo\u017ce nastr\u0119cza\u0107 wi\u0119kszych trudno\u015bci..!<strong> Otrzyma\u0142em bowiem w\u00f3wczas &#8211; terrorystyczne \u201eostatnie powa\u017cne ostrze\u017cenie\u201d!<\/strong><\/p>\r\n<p><strong>&nbsp;Za\u015b od 21 lat (co najmniej) ob\u00f3z Auschwitz-Birkenau i pozosta\u0142e obozy, do kt\u00f3rych \u017bydzi roszcz\u0105 sobie wy\u0142\u0105czne pretensje, s\u0105 &#8211; <em>de facto <\/em>&#8211; <u>obszarami eksterytorialnymi, wyj\u0119tymi spod jurysdykcji pa\u0144stwa polskiego<\/u> (pono\u0107 \u201ewolnego\u201d?)! <\/strong>[Co adresuj\u0119 obecnie do wsp\u00f3\u0142czesnych \u201eodkrywc\u00f3w\u201d tych okoliczno\u015bci.]<\/p>\r\n<p><strong><em>Bogdan Czajkowski<\/em><\/strong><\/p>\r\n<p style=\"padding-left: 40px;\">O autorze: Bogdan Czajkowski<br>\r\nB. dzia\u0142acz niepodleg\u0142o\u015bciowej opozycji antykomunistycznej . Odznaczony w 2008 r. Krzy\u017cem Oficerskim Orderu OP, przez \u015bp. Prezydenta L. Kaczy\u0144skiego. Re\u017cyser (dyplom PWST w Warszawie) oraz publicysta; literat i scenograf. Mgr in\u017c. elektronik (dyplom Politechniki Warszawskiej, 1974 r.). [Uko\u0144czy\u0142 te\u017c szko\u0142\u0119 muzyczn\u0105 w Toruniu.] W 2010 r. uzyska\u0142 Advanced Diploma of Business, na podyplomowych studiach menad\u017cerskich w Kaplan Aspect International Colleges w Sydney. [W czasach PRL by\u0142 dwukrotnie usuwany ze studi\u00f3w, a tak\u017ce &#8211; z pracy: na Politechnice Warszawskiej i w Radiokomitecie.] Tradycyjny katolik. 5 listopada 2018 r. zwr\u00f3ci\u0142 A. Dudzie sw\u00f3j Order OP, protestuj\u0105c tym &#8211; w publicznym o\u015bwiadczeniu &#8211; przeciwko szkodliwym dla Polski dzia\u0142aniom i zaniechaniom prezydenta.<\/p>\r\n<p class=\"zrodlo\">Za: <a href=\"https:\/\/www.ekspedyt.org\/2019\/06\/12\/eksterytorialny-oboz-auschwitz-oraz-miasto-oswiecim\/?cn-reloaded=1#comment-74612?utm_source=email&amp;utm_medium=email\">Ekspedyt.org (12 czerwca 2019)<\/a><\/p>\r\n<blockquote>\r\n<p>[<strong>Wybrane wypowiedzi internaut\u00f3w pod w\/w tekstem na stronie \u017ar\u00f3d\u0142owej:<\/strong>]<\/p>\r\n<p><em>space<\/em><br>\r\nArtyku\u0142 wa\u017cny i ciekawy, ale sugerowa\u0142bym mniej emocjonaln\u0105 i bardziej uporz\u0105dkowan\u0105 narracj\u0119. Oraz ubo\u017csz\u0105 interpunkcj\u0119, w stylu bardziej reporta\u017cu ni\u017c felietonu :) Inaczej troch\u0119 odstrasza.<\/p>\r\n<\/blockquote>\r\n<h4>&nbsp;<\/h4>\r\n<hr style=\"background-color: #000000; border-width: 0; color: #000000; height: 2px; line-height: 0; text-align: center; width: 100%;\">\r\n<h4>&nbsp;<\/h4>","protected":false},"excerpt":{"rendered":"Odpowiemy w ciemno: TAK. Admin \u015arodowiska \u017cydowskie poczynaj\u0105 sobie coraz \u015bmielej. Nie do\u015b\u0107, \u017ce polscy podatnicy finansuj\u0105 takie antypolskie o\u015brodki jak Muzeum Polin czy obecne muzeum w Auschwitz, to jeszcze okazuje si\u0119, \u017ce ca\u0142kiem powa\u017cnie wysuwa si\u0119 postulaty aby niemiecki ob\u00f3z zag\u0142ady w Brzezince uczyni\u0107 obszarem zarz\u0105dzanym przez Izrael lub \u015brodowiska \u017cydowskie. Bior\u0105c pod uwag\u0119 [&hellip;]","protected":false},"author":1,"featured_media":0,"comment_status":"closed","ping_status":"closed","sticky":false,"template":"","format":"standard","meta":{"_acf_changed":false,"_monsterinsights_skip_tracking":false,"_monsterinsights_sitenote_active":false,"_monsterinsights_sitenote_note":"","_monsterinsights_sitenote_category":0,"ngg_post_thumbnail":0,"footnotes":"","_wp_rev_ctl_limit":""},"categories":[8],"tags":[22,61,98,53],"acf":[],"_links":{"self":[{"href":"https:\/\/www.bibula.com\/index.php?rest_route=\/wp\/v2\/posts\/108514"}],"collection":[{"href":"https:\/\/www.bibula.com\/index.php?rest_route=\/wp\/v2\/posts"}],"about":[{"href":"https:\/\/www.bibula.com\/index.php?rest_route=\/wp\/v2\/types\/post"}],"author":[{"embeddable":true,"href":"https:\/\/www.bibula.com\/index.php?rest_route=\/wp\/v2\/users\/1"}],"replies":[{"embeddable":true,"href":"https:\/\/www.bibula.com\/index.php?rest_route=%2Fwp%2Fv2%2Fcomments&post=108514"}],"version-history":[{"count":0,"href":"https:\/\/www.bibula.com\/index.php?rest_route=\/wp\/v2\/posts\/108514\/revisions"}],"wp:attachment":[{"href":"https:\/\/www.bibula.com\/index.php?rest_route=%2Fwp%2Fv2%2Fmedia&parent=108514"}],"wp:term":[{"taxonomy":"category","embeddable":true,"href":"https:\/\/www.bibula.com\/index.php?rest_route=%2Fwp%2Fv2%2Fcategories&post=108514"},{"taxonomy":"post_tag","embeddable":true,"href":"https:\/\/www.bibula.com\/index.php?rest_route=%2Fwp%2Fv2%2Ftags&post=108514"}],"curies":[{"name":"wp","href":"https:\/\/api.w.org\/{rel}","templated":true}]}}