{"id":108433,"date":"2019-06-13T10:56:07","date_gmt":"2019-06-13T14:56:07","guid":{"rendered":"http:\/\/www.bibula.com\/?p=108433"},"modified":"2019-06-13T10:56:07","modified_gmt":"2019-06-13T14:56:07","slug":"jozefow-poswiecenie-kaplicy-i-konsekracja-oltarza-w-szkole-bractwa-sw-piusa-x","status":"publish","type":"post","link":"https:\/\/www.bibula.com\/?p=108433","title":{"rendered":"J\u00f3zef\u00f3w: Po\u015bwi\u0119cenie kaplicy i konsekracja o\u0142tarza w szkole Bractwa \u015bw. Piusa X"},"content":{"rendered":"<p><strong>We wtorek 28 maja br. bp Alfons de Galarreta po\u015bwi\u0119ci\u0142 kaplic\u0119 i konsekrowa\u0142 o\u0142tarz w Szkole Podstawowej i Liceum \u015bw. Tomasza z Akwinu w J\u00f3zefowie (zar\u00f3wno kaplica, jak i o\u0142tarz nosz\u0105 wezwanie \u015awi\u0119tej Rodziny). Ceremonia &#8211; na kt\u00f3r\u0105 z\u0142o\u017cy\u0142y si\u0119 trzy cz\u0119\u015bci: po\u015bwi\u0119cenie kaplicy, konsekracja o\u0142tarza i Msza \u015bw. pontyfikalna &#8211; zgromadzi\u0142a liczne duchowie\u0144stwo, braci zakonnych, nauczycieli i uczni\u00f3w, a tak\u017ce innych wiernych.<\/strong><\/p>\r\n<p>Ca\u0142a ceremonia rozpocz\u0119\u0142a si\u0119 o 9.00 rano w kruchcie, przed zamkni\u0119tymi drzwiami kaplicy niedost\u0119pnej jeszcze dla \u015bwi\u0119tych obrz\u0119d\u00f3w. Celem tej pierwszej cz\u0119\u015bci by\u0142o wy\u0142\u0105czenie pomieszczenia z u\u017cytku \u015bwieckiego i oddanie go na s\u0142u\u017cb\u0119 Bo\u017c\u0105. Biskup w asy\u015bcie kap\u0142an\u00f3w i przy \u015bpiewie psalmu 86 skropi\u0142 wod\u0105 \u015bwi\u0119con\u0105 kaplic\u0119 z zewn\u0105trz; nast\u0119pnie, przy \u015bpiewie Litanii do wszystkich \u015bwi\u0119tych, procesyjnie wkroczy\u0142 do niej, \u017ceby pokropi\u0107 jej \u015bciany oraz posadzk\u0119.<\/p>\r\n<p>Nast\u0119pnie bp de Galarreta &#8211; po zmianie szat na fioletowe &#8211; przyst\u0105pi\u0142 do konsekracji o\u0142tarza. Najpierw pokropi\u0142 go wod\u0105 gregoria\u0144sk\u0105 (czyli mieszanin\u0105 wody \u017ar\u00f3dlanej, wina, popio\u0142u i soli), a nast\u0119pnie nama\u015bci\u0142 w pi\u0119ciu miejscach na pami\u0105tk\u0119 pi\u0119ciu najdro\u017cszych ran Pana Jezusa. \u015awi\u0119tym obrz\u0119dom towarzyszy\u0142 \u015bpiew psalmu 42. Gdy szaty biskupa znowu zosta\u0142y zmienione na bia\u0142e, duchowie\u0144stwo uda\u0142o si\u0119 w procesji do starej kaplicy, gdzie spoczywa\u0142y, przygotowane dzie\u0144 wcze\u015bniej, relikwie \u015bwi\u0119tych m\u0119czennik\u00f3w: Agaty, Aureliusza, Bonifacego i Firmina. Uroczy\u015bcie przeniesiono je na feretronie do kaplicy i z\u0142o\u017cono w o\u0142tarzu &#8211; w ten spos\u00f3b sta\u0142 si\u0119 on jakby grobem m\u0119czennik\u00f3w, a ca\u0142y obrz\u0119d nawi\u0105zywa\u0142 do uroczystych ceremonii pogrzebowych z pierwszych wiek\u00f3w chrze\u015bcija\u0144stwa. Z\u0142o\u017ceniu relikwii w zag\u0142\u0119bieniu wydr\u0105\u017conym w kamiennej p\u0142ycie o\u0142tarzowej towarzyszy\u0142o ich okadzenie. Biskup de Galarreta osobi\u015bcie zamurowa\u0142 relikwie w o\u0142tarzu, korzystaj\u0105c z cementu sporz\u0105dzonego przy u\u017cyciu wody gregoria\u0144skiej.<\/p>\r\n<p>Kolejnym obrz\u0119dem by\u0142o namaszczenie p\u0142yty o\u0142tarzowej wonnym olejem krzy\u017cma \u015bwi\u0119tego. W pi\u0119ciu miejscach mensy biskup uczyni\u0142 kciukiem pi\u0119\u0107 znak\u00f3w krzy\u017ca, ponownie nawi\u0105zuj\u0105c do najdro\u017cszych ran Chrystusa Pana. Nast\u0119pnie nama\u015bci\u0142 front mensy o\u0142tarzowej oraz cztery miejsca z\u0142\u0105czenia mensy z podstaw\u0105 o\u0142tarza, \u017ceby w ko\u0144cu ca\u0142o\u015b\u0107 okadzi\u0107. Wszystko to by\u0142o przygotowaniem do z\u0142o\u017cenia pierwszej ofiary na nowo po\u015bwi\u0119conym o\u0142tarzu &#8211; by\u0142a to ofiara palonego kadzid\u0142a. W pi\u0119ciu miejscach o\u0142tarza &#8211; wcze\u015bniej namaszczonych olejem krzy\u017cma \u015bwi\u0119tego &#8211; bp de Galarreta zapali\u0142 kadzid\u0142o zmieszane z woskiem, a gdy w g\u00f3r\u0119 wznosi\u0142 si\u0119 dym, konsekrator wypowiedzia\u0142 uroczyste i wzruszaj\u0105ce s\u0142owa prefacji konsekracyjnej. Gdy uda\u0142 si\u0119 do zakrystii, aby przygotowa\u0107 si\u0119 do Mszy \u015bw., bracia zakonni ozdobili o\u0142tarz obrusami, kwiatami i lichtarzami; ods\u0142onili tak\u017ce stoj\u0105cy na nastawie o\u0142tarza wielki krucyfiks.<\/p>\r\n<p>Ceremonia po\u015bwi\u0119cenia kaplicy i konsekracji o\u0142tarza zako\u0144czy\u0142a si\u0119 z\u0142o\u017ceniem po raz pierwszy ofiary Mszy \u015bw. w nowym domu Bo\u017cym. By\u0142a to Msza \u015bw. pontyfikalna, wotywna, ku czci \u015awi\u0119tej Rodziny &#8211; Jezusa, Maryi i J\u00f3zefa. W homilii bp de Galarreta podkre\u015bli\u0142, \u017ce spo\u0142eczno\u015b\u0107 szkolna ma wielki przywilej posiadania tak pi\u0119knej kaplicy, kt\u00f3ra jako pomieszczenie konsekrowane jest miejscem wyj\u0105tkowym, gdy\u017c to w\u0142a\u015bnie w nim w spos\u00f3b szczeg\u00f3lny Pan B\u00f3g s\u0142yszy modlitwy zanoszone przez wiernych. [&#8230;]<\/p>\r\n<p>Konsekracja o\u0142tarza i po\u015bwi\u0119cenie kaplicy:<br>\r\n<iframe title=\"Konsekracja o\u0142tarza i po\u015bwi\u0119cenie kaplicy\" src=\"https:\/\/www.youtube.com\/embed\/3pBAfv1d-aw?feature=oembed\" allowfullscreen=\"allowfullscreen\" data-mce-fragment=\"1\" width=\"640\" height=\"360\" frameborder=\"0\"><\/iframe><\/p>\r\n<p>&nbsp;<\/p>\r\n<p class=\"zrodlo\">Ca\u0142o\u015b\u0107 wraz z obszern\u0105 galeri\u0105 zdj\u0119\u0107: <a href=\"https:\/\/news.fsspx.pl\/2019\/06\/jozefow-poswiecenie-kaplicy-i-konsekracja-oltarza-w-szkole-bractwa\/#more-8861\">Wiadomo\u015bci Tradycji Katolickiej (5 czerwca 2019)<\/a> &#8211; [Org. tytu\u0142: \u00abJ\u00f3zef\u00f3w: Po\u015bwi\u0119cenie kaplicy i konsekracja o\u0142tarza w szkole Bractwa (galeria fotograficzna)\u00bb]<\/p>\r\n<h4>&nbsp;<\/h4>\r\n<hr style=\"background-color: #000000; border-width: 0; color: #000000; height: 2px; line-height: 0; text-align: center; width: 100%;\">\r\n<h4>&nbsp;<\/h4>","protected":false},"excerpt":{"rendered":"We wtorek 28 maja br. bp Alfons de Galarreta po\u015bwi\u0119ci\u0142 kaplic\u0119 i konsekrowa\u0142 o\u0142tarz w Szkole Podstawowej i Liceum \u015bw. Tomasza z Akwinu w J\u00f3zefowie (zar\u00f3wno kaplica, jak i o\u0142tarz nosz\u0105 wezwanie \u015awi\u0119tej Rodziny). Ceremonia &#8211; na kt\u00f3r\u0105 z\u0142o\u017cy\u0142y si\u0119 trzy cz\u0119\u015bci: po\u015bwi\u0119cenie kaplicy, konsekracja o\u0142tarza i Msza \u015bw. pontyfikalna &#8211; zgromadzi\u0142a liczne duchowie\u0144stwo, braci [&hellip;]","protected":false},"author":1,"featured_media":0,"comment_status":"closed","ping_status":"closed","sticky":false,"template":"","format":"standard","meta":{"_acf_changed":false,"_monsterinsights_skip_tracking":false,"_monsterinsights_sitenote_active":false,"_monsterinsights_sitenote_note":"","_monsterinsights_sitenote_category":0,"ngg_post_thumbnail":0,"footnotes":"","_wp_rev_ctl_limit":""},"categories":[5],"tags":[32],"acf":[],"_links":{"self":[{"href":"https:\/\/www.bibula.com\/index.php?rest_route=\/wp\/v2\/posts\/108433"}],"collection":[{"href":"https:\/\/www.bibula.com\/index.php?rest_route=\/wp\/v2\/posts"}],"about":[{"href":"https:\/\/www.bibula.com\/index.php?rest_route=\/wp\/v2\/types\/post"}],"author":[{"embeddable":true,"href":"https:\/\/www.bibula.com\/index.php?rest_route=\/wp\/v2\/users\/1"}],"replies":[{"embeddable":true,"href":"https:\/\/www.bibula.com\/index.php?rest_route=%2Fwp%2Fv2%2Fcomments&post=108433"}],"version-history":[{"count":0,"href":"https:\/\/www.bibula.com\/index.php?rest_route=\/wp\/v2\/posts\/108433\/revisions"}],"wp:attachment":[{"href":"https:\/\/www.bibula.com\/index.php?rest_route=%2Fwp%2Fv2%2Fmedia&parent=108433"}],"wp:term":[{"taxonomy":"category","embeddable":true,"href":"https:\/\/www.bibula.com\/index.php?rest_route=%2Fwp%2Fv2%2Fcategories&post=108433"},{"taxonomy":"post_tag","embeddable":true,"href":"https:\/\/www.bibula.com\/index.php?rest_route=%2Fwp%2Fv2%2Ftags&post=108433"}],"curies":[{"name":"wp","href":"https:\/\/api.w.org\/{rel}","templated":true}]}}