{"id":108402,"date":"2019-06-12T13:31:54","date_gmt":"2019-06-12T17:31:54","guid":{"rendered":"http:\/\/www.bibula.com\/?p=108402"},"modified":"2019-06-12T13:31:54","modified_gmt":"2019-06-12T17:31:54","slug":"wielki-mistrz-zakonu-maltanskiego-zakazal-odprawiania-mszy-trydenckiej","status":"publish","type":"post","link":"https:\/\/www.bibula.com\/?p=108402","title":{"rendered":"Wielki Mistrz Zakonu Malta\u0144skiego zakaza\u0142 odprawiania \u201emszy trydenckiej&#8221;"},"content":{"rendered":"<p><strong>Wielki Mistrz Rycerzy Malta\u0144skich \u201eFra\u201d Gaicomo Dalla Torre zdecydowa\u0142 w poniedzia\u0142ek, \u017ce wszystkie ceremonie liturgiczne po\u015br\u00f3d cz\u0142onk\u00f3w zakonu musz\u0105 odbywa\u0107 si\u0119 w zwyk\u0142ej, a nie nadzwyczajnej formie rytu rzymskiego. <\/strong><\/p>\r\n<p>\u201eW ten spos\u00f3b postanowi\u0142em, jako najwy\u017cszy gwarant sp\u00f3jno\u015bci i komunii Zakonu \u015bw. Jana Jerozolimskiego, kt\u00f3rego Opatrzno\u015b\u0107 uczyni\u0142a ze mnie Wielkiego Mistrza, aby odt\u0105d wszystkie ceremonie liturgiczne w naszym Zakonie by\u0142y wykonywane zgodnie ze zwyczajnym obrz\u0119dem Ko\u015bcio\u0142a (obrz\u0119d \u015bw. Paw\u0142a VI), a nie nadzwyczajnym (obrz\u0119d trydencki)\u201d &#8211; napisa\u0142 szef zakonu do wsp\u00f3\u0142braci w li\u015bcie z 10 czerwca.<\/p>\r\n<p>\u201eTa decyzja dotyczy wszystkich oficjalnych celebracji liturgicznych, takich jak wprowadzenie na urz\u0105d, msze [sic] podczas pielgrzymek, msze memoria\u0142owe, jak r\u00f3wnie\u017c podczas \u015bwi\u0105t i uroczysto\u015bci Zakonu\u201d &#8211; czytamy.<\/p>\r\n<p>Dalla Torre zosta\u0142 wybrany Wielkim Mistrzem Rycerzy Malta\u0144skich w maju 2018 roku, po tym jak wcze\u015bniej pe\u0142ni\u0142 funkcj\u0119 tymczasowego przyw\u00f3dcy przez nieco ponad rok.<\/p>\r\n<p>Jego nominacja na tymczasowego Wielkiego Mistrza nast\u0105pi\u0142a po wielkim przesileniu i zawirowaniach na najwy\u017cszych szczeblach przyw\u00f3dztwa w zakonie. Wielki Mistrz Rycerzy, Matthew Festing, zosta\u0142 zmuszony zrezygnowa\u0107 z godno\u015bci po wielu latach s\u0142u\u017cby &#8211; na pro\u015bb\u0119 papie\u017ca Franciszka &#8211; w dniu &nbsp;24 stycznia 2017 roku.<\/p>\r\n<p>Rezygnacja Festinga nast\u0105pi\u0142a po przesileniu i miesi\u0119cznej batalii z przedstawicielami Watykanu. \u201eFra\u201d Festing w porozumieniu z patronem Rycerzy Malta\u0144skich, kard. Raymondem Burkiem i po przeprowadzeniu \u015bledztwa, pozbawi\u0142 funkcji oraz cz\u0142onkostwa w zakonie Wielkiego Kanclerza Albrechta von Boeselagera. Jego brat Georg von Boeselager zosta\u0142 mianowany cz\u0142onkiem zarz\u0105du Instytutu Dzie\u0142 Religijnych, czyli Banku Watyka\u0144skiego w 2016 r., Wielkiego Kanclerza przywr\u00f3cono na stanowisko po tym, jak watyka\u0144scy urz\u0119dnicy zmusili o. Festinga do rezygnacji.<\/p>\r\n<p>By\u0142y Wielki Mistrz Rycerzy Malta\u0144skich usun\u0105\u0142 Boeselagera, odpowiedzialnego za nadzorowanie dzia\u0142alno\u015bci charytatywnej zakonu z powodu zaanga\u017cowania w&nbsp; aktywno\u015b\u0107 sprzeczn\u0105 z nauczaniem Ko\u015bcio\u0142a. Podleg\u0142e mu o\u015brodki m.in. rozprowadza\u0142y prezerwatywy w Birmie, pod pretekstem zapobiegania rozprzestrzenianiu si\u0119 wirusa HIV.<\/p>\r\n<p>Suwerenny Rycerski Zakon Szpitalnik\u00f3w \u015awi\u0119tego Jana, z Jerozolimy, z Rodos i z Malty&nbsp;(pot. szpitalnicy, joannici, kawalerowie malta\u0144scy) &#8211; wywodzi si\u0119 bezpo\u015brednio ze \u015bredniowiecznych bractw i zakon\u00f3w rycerskich, powsta\u0142ych w Jerozolimie w nast\u0119pstwie pierwszych wypraw krzy\u017cowych. Zakon odegra\u0142 wielk\u0105 rol\u0119 w dziejach Europy m.in. ze wzgl\u0119du na potencja\u0142 militarny i znakomit\u0105 flot\u0119 wojenn\u0105. Joannici zak\u0142adali, a tak\u017ce prowadzili pierwsze szpitale w Europie.<\/p>\r\n<p>Zakon ma siedzib\u0119 w Rzymie i jest obecny w 120 krajach, realizuj\u0105c ponad 2000 projekt\u00f3w w dziedzinie medyczno-spo\u0142ecznej. Skupia ponad 120 tys. wolontariuszy i personelu medycznego.<\/p>\r\n<p>\u201eFra\u201d Dalla Torre powiedzia\u0142, \u017ce \u201d\u2039\u201d\u2039jako prze\u0142o\u017cony ma obowi\u0105zek zapewni\u0107, by \u201ekomunia, kt\u00f3ra jednoczy wszystkich cz\u0142onk\u00f3w rodziny zakonnej\u201d by\u0142a \u201eobecna w ka\u017cdym aspekcie \u017cycia Zakonu\u201d.<\/p>\r\n<p>\u201eW\u015br\u00f3d wszystkich element\u00f3w, kt\u00f3re sk\u0142adaj\u0105 si\u0119 na nasze \u017cycie duchowe, kwestia liturgii wykorzystywana w naszych obchodach ma szczeg\u00f3lne znaczenie\u201d &#8211; napisa\u0142.&nbsp; \u201eJak wszyscy wiecie, Motu Proprio Summorum Pontificium Benedykta XVI, aczkolwiek zostawiaj\u0105c ka\u017cdemu kap\u0142anowi wolno\u015b\u0107 decyzji w sprawie osobistej celebracji w nadzwyczajnej formie, niemniej jednak stwierdza, \u017ce je\u015bli jedna wsp\u00f3lnota lub ca\u0142y Instytut czy Stowarzyszenie pragnie wprowadzi\u0107 takie celebracje cz\u0119sto, zwykle lub stale, decyzja taka musi zosta\u0107 podj\u0119ta przez Wy\u017cszego Prze\u0142o\u017conego, zgodnie z prawem i ich w\u0142asnymi dekretami i statutami (Summorum Pontificium, art.3)\u201d.<\/p>\r\n<p>Art. 3 \u201eSummorum Pontificum\u201d brzmi: \u201eWsp\u00f3lnoty Instytut\u00f3w \u0179ycia Konsekrowanego i Stowarzysze\u0144 \u0179ycia Apostolskiego, czy to na prawie diecezjalnym czy papieskim, kt\u00f3re pragn\u0105 odprawia\u0107 Msz\u0119 zgodnie z edycj\u0105 Msza\u0142u Rzymskiego og\u0142oszon\u0105 w 1962, podczas celebracji wsp\u00f3lnotowych lub konwentualnych w swoich oratoriach, mog\u0105 to czyni\u0107. Je\u015bli jedna wsp\u00f3lnota lub ca\u0142y Instytut czy Stowarzyszenie pragnie wprowadzi\u0107 takie celebracje cz\u0119sto, zwykle lub stale, decyzja taka musi zosta\u0107 podj\u0119ta przez Wy\u017cszego Prze\u0142o\u017conego, zgodnie z prawem i ich w\u0142asnymi dekretami i statutami\u201d.<\/p>\r\n<p>Dalla Torre poprosi\u0142, aby wszyscy cz\u0142onkowie zakonu zostali poinformowani o decyzji, w szczeg\u00f3lno\u015bci &nbsp;kapelani, by j\u0105 uszanowali. Nie poda\u0142 jednak uzasadnienia postanowienia.<\/p>\r\n<p>Ten ruch prawdopodobnie zwi\u0119kszy napi\u0119cia wewn\u0105trz zakonu, kt\u00f3ry jest g\u0142\u0119boko podzielony od czasu sporu w latach 2016-17, w wyniku kt\u00f3rego papie\u017c Franciszek poprosi\u0142 Matthew Festinga o ust\u0105pienie ze stanowiska Wielkiego Mistrza w styczniu 2017 roku.<\/p>\r\n<p>Dalla Torre zosta\u0142 formalnie wybrany na jego nast\u0119pc\u0119 rok p\u00f3\u017aniej. Oficjalnym patronem Zakonu pozostaje kardyna\u0142 Raymond Burke.<\/p>\r\n<p>Tu\u017c po wyborze, \u201eFra\u201d Giacomo Dalla Torre del Tempio di Sanguinetto potwierdzi\u0142 wol\u0119 reformowania zakonu, by go nieco uwsp\u00f3\u0142cze\u015bni\u0107. Uchwalone w 1961 Karta Konstytucyjna i Kodeks Zakonu zosta\u0142y cz\u0119\u015bciowo zreformowane w 1997. Obecnie Zakon Malta\u0144ski, istniej\u0105cy od prawie tysi\u0105ca lat, dzia\u0142a w 120 krajach, realizuj\u0105c w nich ponad 2000 projekt\u00f3w w dziedzinie spo\u0142eczno-medycznej i maj\u0105c przesz\u0142o 120 tys. wolontariuszy i personelu lekarskiego.<\/p>\r\n<p>Rok temu przedstawiciele zakonu przez cztery dni obradowali w Rzymie nad przysz\u0142o\u015bci\u0105 wsp\u00f3lnoty. Zdecydowano si\u0119 na przekszta\u0142cenia w dziedzinie centralnego kierownictwa, organizacji lokalnych, charakteru cz\u0142onkostwa w zgromadzeniu oraz duchowego kszta\u0142cenia cz\u0142onk\u00f3w.<\/p>\r\n<p>Jak poinformowano opini\u0119 publiczn\u0105, zgodzono si\u0119 mi\u0119dzy innymi co do zwi\u0119kszenia udzia\u0142u kobiet na kierowniczych stanowiskach w zakonie. Zdecydowano te\u017c, \u017ce wi\u0119ksza liczba cz\u0142onk\u00f3w b\u0119dzie mie\u0107 wp\u0142yw na strategiczne decyzje, a od najwy\u017cszych rang\u0105 dostojnik\u00f3w b\u0119dzie oczekiwa\u0107 si\u0119 lepszego ni\u017c dot\u0105d wykszta\u0142cenia.<\/p>\r\n<p>10 mi\u0119dzynarodowych grup roboczych zbiera\u0142o od czerwca 2017 roku propozycje reform Zakonu. Wyniki zesz\u0142orocznego spotkania oparte o te propozycje mia\u0142by by\u0107 przekszta\u0142cane w konkretne projekty.<\/p>\r\n<p>Reformie patronuje kard. Giovanni Angelo Becciu, osobisty delegat papie\u017ca Franciszka. Zosta\u0142 on mianowany w lutym 2017 roku, by zaj\u0105\u0107 si\u0119 rozwi\u0105zaniem konfliktu wewn\u0119trznego. Kardyna\u0142 jest zdecydowanym stronnikiem zdymisjonowanego Wielkiego Kanclerza Albrechta von Boeselagera.<\/p>\r\n<p>\u0179r\u00f3d\u0142o: catholicnewsagency.com \/ PCh24pl \/ catholicherald.co.uk<\/p>\r\n<p>AS<\/p>","protected":false},"excerpt":{"rendered":"Wielki Mistrz Rycerzy Malta\u0144skich \u201eFra\u201d Gaicomo Dalla Torre zdecydowa\u0142 w poniedzia\u0142ek, \u017ce wszystkie ceremonie liturgiczne po\u015br\u00f3d cz\u0142onk\u00f3w zakonu musz\u0105 odbywa\u0107 si\u0119 w zwyk\u0142ej, a nie nadzwyczajnej formie rytu rzymskiego. \u201eW ten spos\u00f3b postanowi\u0142em, jako najwy\u017cszy gwarant sp\u00f3jno\u015bci i komunii Zakonu \u015bw. Jana Jerozolimskiego, kt\u00f3rego Opatrzno\u015b\u0107 uczyni\u0142a ze mnie Wielkiego Mistrza, aby odt\u0105d wszystkie ceremonie liturgiczne [&hellip;]","protected":false},"author":1,"featured_media":0,"comment_status":"closed","ping_status":"closed","sticky":false,"template":"","format":"standard","meta":{"_acf_changed":false,"_monsterinsights_skip_tracking":false,"_monsterinsights_sitenote_active":false,"_monsterinsights_sitenote_note":"","_monsterinsights_sitenote_category":0,"ngg_post_thumbnail":0,"footnotes":"","_wp_rev_ctl_limit":""},"categories":[3],"tags":[132,301,24,33],"acf":[],"_links":{"self":[{"href":"https:\/\/www.bibula.com\/index.php?rest_route=\/wp\/v2\/posts\/108402"}],"collection":[{"href":"https:\/\/www.bibula.com\/index.php?rest_route=\/wp\/v2\/posts"}],"about":[{"href":"https:\/\/www.bibula.com\/index.php?rest_route=\/wp\/v2\/types\/post"}],"author":[{"embeddable":true,"href":"https:\/\/www.bibula.com\/index.php?rest_route=\/wp\/v2\/users\/1"}],"replies":[{"embeddable":true,"href":"https:\/\/www.bibula.com\/index.php?rest_route=%2Fwp%2Fv2%2Fcomments&post=108402"}],"version-history":[{"count":0,"href":"https:\/\/www.bibula.com\/index.php?rest_route=\/wp\/v2\/posts\/108402\/revisions"}],"wp:attachment":[{"href":"https:\/\/www.bibula.com\/index.php?rest_route=%2Fwp%2Fv2%2Fmedia&parent=108402"}],"wp:term":[{"taxonomy":"category","embeddable":true,"href":"https:\/\/www.bibula.com\/index.php?rest_route=%2Fwp%2Fv2%2Fcategories&post=108402"},{"taxonomy":"post_tag","embeddable":true,"href":"https:\/\/www.bibula.com\/index.php?rest_route=%2Fwp%2Fv2%2Ftags&post=108402"}],"curies":[{"name":"wp","href":"https:\/\/api.w.org\/{rel}","templated":true}]}}