{"id":108302,"date":"2019-06-07T08:55:25","date_gmt":"2019-06-07T12:55:25","guid":{"rendered":"http:\/\/www.bibula.com\/?p=108302"},"modified":"2019-06-07T08:55:27","modified_gmt":"2019-06-07T12:55:27","slug":"georege-weigel-o-sprawie-mccarricka-abp-vigano-doradzal-franciszkowi-w-tej-kwestii-juz-6-lat-temu","status":"publish","type":"post","link":"https:\/\/www.bibula.com\/?p=108302","title":{"rendered":"Georege Weigel o sprawie McCarricka: abp Vigano doradza\u0142 Franciszkowi w tej kwestii ju\u017c 6 lat temu"},"content":{"rendered":"\n<p><strong>Georege Weigel, s\u0142ynny autor katolicki i biograf papie\u017ca \u015bw. Jana Paw\u0142a II ujawni\u0142 ostatnio, \u017ce abp Carlo Vigan\u00f2 poinformowa\u0142 go trzykrotnie przy r\u00f3\u017cnych okazjach &#8211; po raz pierwszy ju\u017c w 2013 r. &#8211; i\u017c powiedzia\u0142 papie\u017cowi Franciszkowi o z\u0142ej reputacji \u00f3wczesnego kardyna\u0142a Theodora McCarricka, kt\u00f3ry molestowa\u0142 seksualnie kleryk\u00f3w i ksi\u0119\u017cy.<\/strong><strong>&nbsp;<\/strong><\/p>\n<p>Weigel zabra\u0142 g\u0142os w zwi\u0105zku z twierdzeniami papie\u017ca Franciszka, \u017ce nic a nic nie \u201d\u2039\u201d\u2039wiedzia\u0142 o przewinach McCarricka. Biskup Rzymu zareagowa\u0142 w ubieg\u0142ym tygodniu na list pra\u0142ata Anthony\u2019ego Figueiredo. W opinii publicysty, Franciszek nie skorzysta\u0142 z rad abp. Vigan\u00f2, by zapozna\u0107 si\u0119 z poka\u017anym dossier na temat McCarricka. <em>&#8211; W tej kluczowej kwestii arcybiskup Vigan\u00f2 powiedzia\u0142 mi to samo (doradzaj\u0105c Franciszkowi w sprawie McCarricka) przy trzech r\u00f3\u017cnych okazjach &#8211; raz kr\u00f3tko po tym, jak to si\u0119 sta\u0142o, a po raz drugi nieco p\u00f3\u017aniej<\/em> &#8211; komentowa\u0142 Weigel.<\/p>\n<p>Zdaniem Weigela, rozpowszechniane twierdzenia, jakoby \u015bwiadectwa Vigan\u00f2 zosta\u0142y wymy\u015blone przez bogatych ameryka\u0144skich konserwatyst\u00f3w, jest \u201eabsolutn\u0105 bzdur\u0105 i nonsensem\u201d, jednak taka opinia powszechnie panuje po\u015br\u00f3d &nbsp;ludzi skupionych wok\u00f3\u0142 papie\u017ca Franciszka, a nawet \u201esprzedawana jest innym przyw\u00f3dcom Ko\u015bcio\u0142a na \u015bwiecie\u201d. Biograf JPII przekona\u0142 si\u0119 o tym podczas Synodu M\u0142odych w 2018 roku, a potem podczas szczytu w sprawie nadu\u017cy\u0107 seksualnych duchownych, kt\u00f3ry odby\u0142 si\u0119 w lutym br. <em>&#8211; To k\u0142amstwo, kt\u00f3re jest wykorzystywane zar\u00f3wno do podkopania Ko\u015bcio\u0142a w Stanach Zjednoczonych, jak i\u2026 do budowania ram debaty przed nast\u0119pnym konklawe<\/em> &#8211; komentowa\u0142. Jego zdaniem, nale\u017cy jak najszybciej zerwa\u0107 z t\u0105 narracj\u0105, prezentowan\u0105 przez tych, kt\u00f3rzy wiedz\u0105, \u017ce trac\u0105 argumenty. W jego opinii, takie my\u015blenie, w szczeg\u00f3lno\u015bci przez duchownych, jest \u201eniestosowne\u201d.<\/p>\n<p>Weigel zaprezentowa\u0142 skany dokument\u00f3w zapisanych przez by\u0142ego sekretarza McCarricka, pra\u0142ata Figueiredo. Raport Figueiredo, jak si\u0119 obecnie m\u00f3wi o ujawnionych przez niego listach, e-mailach itp. wyra\u017anie wskazuje, \u017ce stosowne sankcje wobec McCarricka ju\u017c dawno zosta\u0142y wprowadzone i jego nast\u0119pca &#8211; arcybiskup Donald Wuerl &#8211; wiedzia\u0142 o nich. Ks. Figueiredo opublikowa\u0142 list McCarricka skierowany do nuncjusza papieskiego w Stanach Zjednoczonych w tym czasie, pra\u0142ata Pietro Sambi, m\u00f3wi\u0105c, \u017ce otrzyma\u0142 list od kardyna\u0142a Giovanniego Re z ograniczeniami i podzieli\u0142 si\u0119 tym pismem z arcybiskupem Wuerlem. W li\u015bcie wskaza\u0142, \u017ce sankcje obejmowa\u0142y m.in. zakaz jakichkolwiek przysz\u0142ych wyst\u0105pie\u0144 publicznych McCarricka bez zgody Watykanu.<\/p>\n<p>Figueiredo opublikowa\u0142 r\u00f3wnie\u017c wiadomo\u015b\u0107 e-mail otrzyman\u0105 od by\u0142ego duchownego, w kt\u00f3rej stwierdzi\u0142, \u017ce arcybiskup Waszyngtonu (Wuerl) pom\u00f3g\u0142 mu. McCarrick sugeruje, \u017ce poda\u0142 abp Wuerlowi szczeg\u00f3\u0142y dot. ogranicze\u0144, jakie na niego na\u0142o\u017cono i ujawni\u0142, \u017ce ukorzy\u0142 si\u0119, obiecuj\u0105c podda\u0107 si\u0119 sankcjom kard. Re. <em>&#8211; Z pewno\u015bci\u0105 potwierdza to twierdzenie arcybiskupa Vigan\u00f2, \u017ce Benedykt XVI, prawdopodobnie b\u0119d\u0105c poinformowany o bardzo powa\u017cnych problemach z \u00f3wczesnym kardyna\u0142em McCarrickiem, zasadniczo powiedzia\u0142 mu, \u017ceby zamilk\u0142 <\/em>&#8211; komentowa\u0142 Weigel. Autor wskaza\u0142, \u017ce Benedykt XVI usun\u0105\u0142 kardyna\u0142a McCarricka jako ordynariusza archidiecezji waszyngto\u0144skiej. <em>&#8211; Pami\u0119tajcie<\/em> &#8211; m\u00f3wi\u0142 Weigel &#8211; <em>\u017ce to Benedykt XVI do\u015b\u0107 szybko po wyborze zaakceptowa\u0142 rezygnacj\u0119 pro forma, kt\u00f3r\u0105 z\u0142o\u017cy\u0142 kardyna\u0142 McCarrick, ale najwyra\u017aniej spodziewa\u0142 si\u0119 on, \u017ce nie zostanie ona wyegzekwowana co najmniej w ci\u0105gu kilka nast\u0119pnych lat<\/em>. <em>Obawiam si\u0119, \u017ce mamy tutaj do czynienia z brakiem dzia\u0142a\u0144 dyscyplinarnych<\/em> &#8211; podsumowa\u0142 publicysta.<\/p>\n<p>Katolicki autor podkre\u015bli\u0142, \u017ce ci, kt\u00f3rzy dobrze znali McCarricka, wiedzieli, i\u017c \u201egra on na czas\u201d. &#8211;<em> &nbsp;Czeka, a\u017c wszystko si\u0119 uspokoi, a potem wr\u00f3ci do tego, co robi\u0142, do anga\u017cowania si\u0119 w wiele rzeczy, kt\u00f3re tak naprawd\u0119 nie le\u017ca\u0142y w jego kompetencjach, a w&nbsp; nowym stanie na emeryturze, sam sta\u0142 si\u0119 swego rodzaju r\u00f3wnoleg\u0142ym ministrem spraw zagranicznych Watykanu<\/em> &#8211; wyja\u015bni\u0142. Biograf polskiego papie\u017ca zaznaczy\u0142, \u017ce McCarrick, to cz\u0142owiek, kt\u00f3ry nieustannie promowa\u0142 siebie. By\u0142 \u201ezupe\u0142nie bezwstydny, je\u015bli chodzi o wik\u0142anie si\u0119 w sprawy,&nbsp; kt\u00f3re do niego nie nale\u017ca\u0142y\u201d. Weigel&nbsp; o planowanym ujawnieniu nowych dokument\u00f3w przez ks. Figueiredo s\u0142ysza\u0142 miesi\u0105c przed ich publikacj\u0105. By\u0142y sekretarz McCarricka jest w opinii publicysty naprawd\u0119 zdenerwowany zabiegami, podejmowanym w Watykanie, a maj\u0105cymi ukry\u0107 czy zafa\u0142szowa\u0107 sprawy zwi\u0105zane z nadu\u017cyciami McCarricka. Nie s\u0142u\u017cy to ani interesom Ko\u015bcio\u0142a, ani wiarygodno\u015bci hierarchii. Nie s\u0142u\u017cy to wiarygodno\u015bci Stolicy Apostolskiej.<\/p>\n<p>W spos\u00f3b szczeg\u00f3lny pogr\u0105\u017ca si\u0119 kard. Wuerl, kt\u00f3ry zaprzecza\u0142 jakoby wiedzia\u0142 o istnieniu wcze\u015bniejszych sankcji na\u0142o\u017conych na McCarricka. Zdaniem Weigla, to \u201ebardzo smutne\u201d, poniewa\u017c kardyna\u0142 Wuerl \u201eby\u0142 pod wieloma wzgl\u0119dami bardzo dobrym arcybiskupem Waszyngtonu i zas\u0142uguje na uznanie z tego powodu\u201d. Jednak ostatnie wydarzenie zwi\u0105zane z McCarrickiem szkodz\u0105 jego reputacji. Szkodz\u0105 Stolicy Apostolskiej. W jego opinii, je\u015bli Stolica Apostolska faktycznie chcia\u0142a, by McCarrick znikn\u0105\u0142 z pola widzenia, \u201eto powinna by\u0142a to wymusi\u0107\u201d &#8211; stwierdzi\u0142. <em>&#8211; \u201d\u2039\u201d\u2039Nuncjusz mia\u0142 obowi\u0105zek to wyegzekwowa\u0107. To zale\u017ca\u0142o od \u00f3wczesnego sekretarza stanu, kt\u00f3rym by\u0142 kardyna\u0142 Tarcisio Bertone <\/em>&#8211; doda\u0142.<\/p>\n<p>Raport Figueiredo zawiera\u0142 r\u00f3wnie\u017c o\u015bwiadczenie od \u00f3wczesnego kardyna\u0142a McCarricka dla kard. Bertone, \u017ce dzieli\u0142 swoje \u0142\u00f3\u017cko z klerykami, nie uznaj\u0105c tego za co\u015b z\u0142ego i zaprzeczaj\u0105c jakoby kiedykolwiek mia\u0142 kontakty seksualne z kimkolwiek. <em>&#8211; To bardzo niepokoj\u0105cy list<\/em> &#8211; powiedzia\u0142 Weigel. Autor wyja\u015bni\u0142, \u017ce od lat kr\u0105\u017cy\u0142y pog\u0142oski o nagannym zachowaniu McCarricka w domu na pla\u017cy, ale nic nie zosta\u0142o zrobione w tej kwestii, poniewa\u017c nikt nie zg\u0142osi\u0142 skargi. &#8211;<em> W tamtych czasach, gdy nikt nie by\u0142 sk\u0142onny zg\u0142osi\u0107 si\u0119 i przedstawi\u0107 powa\u017cne oskar\u017cenie, k\u0142ad\u0105c na szali w\u0142asn\u0105 reputacj\u0119, mo\u017cna by\u0142o mie\u0107 nadziej\u0119, \u017ce to (po prostu) kilka odr\u0119bnych historii. Jednak by\u0142o ich tak wiele, \u017ce teraz wydaje si\u0119 bardzo jasne &#8230; i\u017c mamy tu do czynienia z prawdziwymi problemami, kt\u00f3re nie zosta\u0142y rozwi\u0105zane<\/em> &#8211; komentowa\u0142.<\/p>\n<p>Je\u015bli chodzi o zaanga\u017cowanie McCarricka w negocjacje Stolicy Apostolskiej z Chinami, wed\u0142ug publicysty, mo\u017cliwe, \u017ce McCarrick robi\u0142 wszystko na w\u0142asn\u0105 r\u0119k\u0119 i \u017ce \u201epo prostu pr\u00f3bowa\u0142 gra\u0107 razem z prze\u0142o\u017conymi w Rzymie\u201d. Autor pot\u0119pi\u0142 r\u00f3wnie\u017c obecny uk\u0142ad z Chinami, m\u00f3wi\u0105c, \u017ce ani Jan Pawe\u0142 II, ani Benedykt XVI nie podpisaliby umowy z rz\u0105dem komunistycznym, pozwalaj\u0105c Pekinowi na wyb\u00f3r biskup\u00f3w.<\/p>\n<p>Publicysta zastanawia si\u0119, czy Watykan ujawni list kardyna\u0142a Josepha Ratzingera skierowany do katolickich biskup\u00f3w Stan\u00f3w Zjednoczonych na temat proaborcyjnych polityk\u00f3w, uznaj\u0105cych si\u0119 za katolik\u00f3w i przyst\u0119puj\u0105cych do Komunii \u015bw. Kardyna\u0142 McCarrick mia\u0142 go przeredagowa\u0107 i przedstawi\u0107 biskupom jedynie jego fragmenty. List ten mo\u017ce znajdowa\u0107 si\u0119 w archiwach archidiecezji w Waszyngtonie.<\/p>\n<p>Autor odni\u00f3s\u0142 si\u0119 tak\u017ce do nowego arcybiskupa Wiltona Gregory. Ma o nim bardzo dobre zdanie. To osoba kompetentna, kt\u00f3ra bardzo dobrze s\u0142u\u017cy\u0142a Ko\u015bcio\u0142owi w czasie kryzysu nadu\u017cy\u0107 seksualnych duchownych w 2002 roku. Nowy arcybiskup wie, \u017ce ma do czynienia z bardzo \u201edu\u017cym problemem zaufania\u201d wobec hierarchii i ca\u0142ego Ko\u015bcio\u0142a.<\/p>\n<p>\u0179r\u00f3d\u0142o: lifesitenews.com<\/p>\n<p>AS<\/p>\n","protected":false},"excerpt":{"rendered":"Georege Weigel, s\u0142ynny autor katolicki i biograf papie\u017ca \u015bw. Jana Paw\u0142a II ujawni\u0142 ostatnio, \u017ce abp Carlo Vigan\u00f2 poinformowa\u0142 go trzykrotnie przy r\u00f3\u017cnych okazjach &#8211; po raz pierwszy ju\u017c w 2013 r. &#8211; i\u017c powiedzia\u0142 papie\u017cowi Franciszkowi o z\u0142ej reputacji \u00f3wczesnego kardyna\u0142a Theodora McCarricka, kt\u00f3ry molestowa\u0142 seksualnie kleryk\u00f3w i ksi\u0119\u017cy.&nbsp; Weigel zabra\u0142 g\u0142os w zwi\u0105zku [&hellip;]","protected":false},"author":1,"featured_media":0,"comment_status":"closed","ping_status":"closed","sticky":false,"template":"","format":"standard","meta":{"_acf_changed":false,"_monsterinsights_skip_tracking":false,"_monsterinsights_sitenote_active":false,"_monsterinsights_sitenote_note":"","_monsterinsights_sitenote_category":0,"ngg_post_thumbnail":0,"footnotes":"","_wp_rev_ctl_limit":""},"categories":[4],"tags":[455,301,86,221,33],"acf":[],"_links":{"self":[{"href":"https:\/\/www.bibula.com\/index.php?rest_route=\/wp\/v2\/posts\/108302"}],"collection":[{"href":"https:\/\/www.bibula.com\/index.php?rest_route=\/wp\/v2\/posts"}],"about":[{"href":"https:\/\/www.bibula.com\/index.php?rest_route=\/wp\/v2\/types\/post"}],"author":[{"embeddable":true,"href":"https:\/\/www.bibula.com\/index.php?rest_route=\/wp\/v2\/users\/1"}],"replies":[{"embeddable":true,"href":"https:\/\/www.bibula.com\/index.php?rest_route=%2Fwp%2Fv2%2Fcomments&post=108302"}],"version-history":[{"count":0,"href":"https:\/\/www.bibula.com\/index.php?rest_route=\/wp\/v2\/posts\/108302\/revisions"}],"wp:attachment":[{"href":"https:\/\/www.bibula.com\/index.php?rest_route=%2Fwp%2Fv2%2Fmedia&parent=108302"}],"wp:term":[{"taxonomy":"category","embeddable":true,"href":"https:\/\/www.bibula.com\/index.php?rest_route=%2Fwp%2Fv2%2Fcategories&post=108302"},{"taxonomy":"post_tag","embeddable":true,"href":"https:\/\/www.bibula.com\/index.php?rest_route=%2Fwp%2Fv2%2Ftags&post=108302"}],"curies":[{"name":"wp","href":"https:\/\/api.w.org\/{rel}","templated":true}]}}