{"id":108285,"date":"2019-06-07T08:20:06","date_gmt":"2019-06-07T12:20:06","guid":{"rendered":"http:\/\/www.bibula.com\/?p=108285"},"modified":"2019-06-07T08:20:09","modified_gmt":"2019-06-07T12:20:09","slug":"najnowsze-wyniki-badan-religijnosci-mlodych-polakow-nie-sa-zbyt-optymistyczne","status":"publish","type":"post","link":"https:\/\/www.bibula.com\/?p=108285","title":{"rendered":"Najnowsze wyniki bada\u0144 religijno\u015bci m\u0142odych Polak\u00f3w. Nie s\u0105 zbyt optymistyczne"},"content":{"rendered":"\n<p><strong>&#8211; <em>M\u0142odzie\u017c ulega post\u0119puj\u0105cej sekularyzacji, czego wyra\u017anym przejawem jest zarzucanie praktyk religijnych. Ro\u015bnie te\u017c sygnalizowane ju\u017c przed laty zjawisko \u201eodko\u015bcielnienia\u201d, czyli odchodzenia od religijno\u015bci tradycyjnej, kszta\u0142towanej przez Ko\u015bci\u00f3\u0142 instytucjonalny, na rzecz religijno\u015bci zindywidualizowanej, opartej o w\u0142asne przemy\u015blenia i poszukiwania<\/em> &#8211; tak ks. prof. S\u0142awomir Zar\u0119ba (UKSW) skomentowa\u0142 dla najnowsze wyniki bada\u0144 religijno\u015bci m\u0142odych Polak\u00f3w.<\/strong><\/p>\n<p>Z ostatnio opublikowanych bada\u0144 wynika, \u017ce Polska m\u0142odzie\u017c jest coraz mniej religijna. Jako g\u0142\u0119boko wierz\u0105cy i wierz\u0105cy \u0142\u0105cznie okre\u015bli\u0142o si\u0119 w 2018 roku 63 proc. uczni\u00f3w ostatnich klas szk\u00f3\u0142 ponadgimnazjalnych, podczas gdy w 2008 roku by\u0142o ich 81 prob. Coraz mniej m\u0142odych chodzi te\u017c na religi\u0119 &#8211; w 2018 r. zadeklarowa\u0142o to 70 proc., a jeszcze w 2010 &#8211; 93 proc.<\/p>\n<p>Wyniki bada\u0144 skomentowa\u0142 ks. prof. S\u0142awomir Zar\u0119ba. &#8211; <em>Mamy do czynienia z sygnalizowanym ju\u017c przed laty zjawiskiem \u201eodko\u015bcielnienia\u201d, polegaj\u0105cym na m.in. na odchodzeniu od religijno\u015bci tradycyjnej, manifestowanej masowo, kszta\u0142towanej przez wieki przez Ko\u015bci\u00f3\u0142 instytucjonalny i przechodzeniu do religijno\u015bci sprywatyzowanej, zindywidualizowanej, opartej o w\u0142asne przemy\u015blenia i poszukiwania. Mo\u017cliwe, \u017ce zmiany te wynikaj\u0105 z obni\u017cania si\u0119 autorytetu Ko\u015bcio\u0142a, przyczyn jest z pewno\u015bci\u0105 wi\u0119cej<\/em> &#8211; t\u0142umaczy\u0142.<\/p>\n<p>Jak wskazuje wyk\u0142adowca UKSW, w \u015brodowisku m\u0142odzie\u017cy obserwuje si\u0119 zjawisko post\u0119puj\u0105cej sekularyzacji, kt\u00f3rej wyra\u017anym przejawem jest zarzucanie praktyk religijnych, ale nie tylko. &#8211; <em>Spadek praktyk niedzielnych jest bardzo wyra\u017any. Dla przyk\u0142adu, nakaz uczestnictwa w niedzielnej mszy \u015bw. traci moc obowi\u0105zuj\u0105c\u0105, co potwierdza por\u00f3wnanie wynik\u00f3w z 1988 i 2017, gdzie odsetki uczestnictwa kszta\u0142towa\u0142y si\u0119 odpowiednio na poziomie 70,7 proc. &nbsp;i 41,1 proc. Innymi s\u0142owy, ta obowi\u0105zkowa praktyka religijna posiada coraz cz\u0119\u015bciej charakter dowolny. Potwierdzaj\u0105 to tak\u017ce przesuni\u0119cia w innych wska\u017anikach religijno\u015bci, jak np. w wymiarze doktrynalnym. To r\u00f3wnie\u017c potwierdza trend sekularyzacyjny, kt\u00f3ry obserwuje si\u0119 tak\u017ce w stosunku do praktyk nadobowi\u0105zkowych, np. modlitwy indywidualnej<\/em> &#8211; podkre\u015bli\u0142.<\/p>\n<p>Jednak &#8211; doda\u0142 ks. prof. Zar\u0119ba &#8211; pomimo obserwowanego trendu spadkowego w wymiarze globalnych postaw wobec wiary i praktyk religijnych, nie mo\u017cna jednoznacznie stwierdzi\u0107, i\u017c religia przestaje by\u0107 obecna w \u017cyciu polskiej m\u0142odzie\u017cy.<\/p>\n<p>KAI<\/p>\n<p>TK<\/p>\n","protected":false},"excerpt":{"rendered":"&#8211; M\u0142odzie\u017c ulega post\u0119puj\u0105cej sekularyzacji, czego wyra\u017anym przejawem jest zarzucanie praktyk religijnych. Ro\u015bnie te\u017c sygnalizowane ju\u017c przed laty zjawisko \u201eodko\u015bcielnienia\u201d, czyli odchodzenia od religijno\u015bci tradycyjnej, kszta\u0142towanej przez Ko\u015bci\u00f3\u0142 instytucjonalny, na rzecz religijno\u015bci zindywidualizowanej, opartej o w\u0142asne przemy\u015blenia i poszukiwania &#8211; tak ks. prof. S\u0142awomir Zar\u0119ba (UKSW) skomentowa\u0142 dla najnowsze wyniki bada\u0144 religijno\u015bci m\u0142odych Polak\u00f3w. Z [&hellip;]","protected":false},"author":1,"featured_media":0,"comment_status":"closed","ping_status":"closed","sticky":false,"template":"","format":"standard","meta":{"_acf_changed":false,"_monsterinsights_skip_tracking":false,"_monsterinsights_sitenote_active":false,"_monsterinsights_sitenote_note":"","_monsterinsights_sitenote_category":0,"ngg_post_thumbnail":0,"footnotes":"","_wp_rev_ctl_limit":""},"categories":[8],"tags":[98,33],"acf":[],"_links":{"self":[{"href":"https:\/\/www.bibula.com\/index.php?rest_route=\/wp\/v2\/posts\/108285"}],"collection":[{"href":"https:\/\/www.bibula.com\/index.php?rest_route=\/wp\/v2\/posts"}],"about":[{"href":"https:\/\/www.bibula.com\/index.php?rest_route=\/wp\/v2\/types\/post"}],"author":[{"embeddable":true,"href":"https:\/\/www.bibula.com\/index.php?rest_route=\/wp\/v2\/users\/1"}],"replies":[{"embeddable":true,"href":"https:\/\/www.bibula.com\/index.php?rest_route=%2Fwp%2Fv2%2Fcomments&post=108285"}],"version-history":[{"count":0,"href":"https:\/\/www.bibula.com\/index.php?rest_route=\/wp\/v2\/posts\/108285\/revisions"}],"wp:attachment":[{"href":"https:\/\/www.bibula.com\/index.php?rest_route=%2Fwp%2Fv2%2Fmedia&parent=108285"}],"wp:term":[{"taxonomy":"category","embeddable":true,"href":"https:\/\/www.bibula.com\/index.php?rest_route=%2Fwp%2Fv2%2Fcategories&post=108285"},{"taxonomy":"post_tag","embeddable":true,"href":"https:\/\/www.bibula.com\/index.php?rest_route=%2Fwp%2Fv2%2Ftags&post=108285"}],"curies":[{"name":"wp","href":"https:\/\/api.w.org\/{rel}","templated":true}]}}