{"id":108272,"date":"2019-06-06T11:19:17","date_gmt":"2019-06-06T15:19:17","guid":{"rendered":"http:\/\/www.bibula.com\/?p=108272"},"modified":"2019-06-06T11:19:19","modified_gmt":"2019-06-06T15:19:19","slug":"uslysza-dzwiek-koscielnego-dzwonu-katolicy-chca-zniesienia-kuriozalnego-zakazu","status":"publish","type":"post","link":"https:\/\/www.bibula.com\/?p=108272","title":{"rendered":"Us\u0142ysz\u0105 d\u017awi\u0119k ko\u015bcielnego dzwonu? Katolicy chc\u0105 zniesienia kuriozalnego zakazu"},"content":{"rendered":"\n<p><strong>Katolicy zbieraj\u0105 podpisy pod petycj\u0105 m.in. do ministra \u015brodowiska&nbsp;o zniesienie zakazu u\u017cywania d\u017awi\u0119ku dzwon\u00f3w w ko\u015bciele pw. \u015bw. Cyryla i Metodego w Hajn\u00f3wce. W tej sprawie skierowano te\u017c wniosek do ministerstwa \u015brodowiska o udost\u0119pnienie informacji publicznej. Resort \u015brodowiska zakaza\u0142 u\u017cywania dzwon\u00f3w w dzie\u0144 powszedni na skutek jednego anonimu, jakoby dzwony \u201ezak\u0142\u00f3ca\u0142y spok\u00f3j\u201d.&nbsp;<\/strong><strong>&nbsp;<\/strong><\/p>\n<p>Pierwszy anonim dotycz\u0105cy d\u017awi\u0119ku dzwon\u00f3w ko\u015bcio\u0142a pw. \u015bw. Cyryla i Metodego w Hajn\u00f3wce podlascy inspektorzy \u015brodowiska otrzymali na pocz\u0105tku tego roku. W hajnowskim ko\u015bciele, tak jak obecnie w wi\u0119kszo\u015bci nowych \u015bwi\u0105ty\u0144, na wie\u017cy ko\u015bcio\u0142a zamontowane jest urz\u0105dzenie elektroniczne odtwarzaj\u0105ce d\u017awi\u0119ki dzwon\u00f3w. W dzie\u0144 powszedni d\u017awi\u0119k dzwonu odzywa\u0142 si\u0119 na Anio\u0142 Pa\u0144ski czy na Apel Jasnog\u00f3rski. Po pomiarach decybeli, inspektorzy u\u017cywali miary dotycz\u0105cej d\u017awi\u0119kowej instalacji przemys\u0142owej, w lutym tego roku Wojew\u00f3dzki Inspektor Ochrony \u015arodowiska w Bia\u0142ymstoku nakaza\u0142 \u201eprzyciszy\u0107\u201d d\u017awi\u0119k dzwon\u00f3w. D\u017awi\u0119k ko\u015bcielnych dzwon\u00f3w odzywa\u0142 si\u0119 wi\u0119c nadal, jednak nieco ciszej.<\/p>\n<p>Ta sama anonimowa osoba, maj\u0105ca najwyra\u017aniej \u201ealergi\u0119\u201d na d\u017awi\u0119k ko\u015bcielnych dzwon\u00f3w (autor anonim\u00f3w twierdzi, \u017ce narusza on jego dobra osobiste) nadal jednak pisa\u0142a do urz\u0119d\u00f3w skargi. Jako \u017ce dzwony zupe\u0142nie nie umilk\u0142y, anonimowa osoba naskar\u017cy\u0142a na podlaskich inspektor\u00f3w do ministerstwa \u015brodowiska. Po tej interwencji, przed tygodniem, proboszcz parafii pw. \u015bw. Cyryla i Metodego w Hajn\u00f3wce&nbsp; otrzyma\u0142 od Generalnego Inspektora Ochrony \u015arodowiska ca\u0142kowity zakaz u\u017cywania d\u017awi\u0119ku dzwon\u00f3w w dzie\u0144 powszedni. &#8211; <em>Powiadomi\u0142em parafian, \u017ce dostali\u015bmy zakaz u\u017cywania dzwon\u00f3w, wi\u0119c nie b\u0119d\u0105 si\u0119 one odzywa\u0107, przypominaj\u0105c o modlitwach m.in. Anio\u0142 Pa\u0144ski w ci\u0105gu dnia. Parafianie z wielkim smutkiem przyj\u0119li t\u0119 informacj\u0119<\/em> &#8211; powiedzia\u0142 PCh24.pl ks. Zygmunt Bronicki, proboszcz parafii pw. \u015bw. Cyryla i Metodego w Hajn\u00f3wce.<\/p>\n<p>Generalny Inspektor Ochrony \u015arodowiska wydaj\u0105c decyzj\u0119 zakazuj\u0105c\u0105 u\u017cywania d\u017awi\u0119k\u00f3w ko\u015bcielnych dzwon\u00f3w, powo\u0142a\u0142 si\u0119 na obowi\u0105zuj\u0105c\u0105 w Polsce od roku 2015 instrukcj\u0119 ministerstwa ochrony \u015brodowiska. W razie z\u0142amania tego zakazu, parafii grozi grzywna lub nawet sprawa s\u0105dowa.&nbsp; Ministerialna interpretacja tej instrukcji z roku 2016 jasno podaje, i\u017c w przypadku kiedy d\u017awi\u0119k ko\u015bcielnych dzwon\u00f3w przekracza dopuszczaln\u0105 norm\u0119 mierzon\u0105 w decybelach, mo\u017cna zakaza\u0107 u\u017cywania dzwon\u00f3w czy to tradycyjnych, czy elektronicznych. Przy czym <span class=\"pullquote\">\u015bwi\u0105tyni\u0119, kt\u00f3ra jest miejscem kultu, ministerstwo \u015brodowiska traktuje w tym przypadku jako \u201ezak\u0142ad przemys\u0142owy\u201d<\/span>.<\/p>\n<p>Na upokarzaj\u0105c\u0105 katolik\u00f3w decyzj\u0119 o zakazie u\u017cywania d\u017awi\u0119ku dzwon\u00f3w jako jeden z pierwszych zareagowa\u0142 parafianin \u015bw. Cyryla i Metodego, Bogus\u0142aw \u0141ab\u0119dzki, mieszkaniec Hajn\u00f3wki. Wystosowa\u0142 on do ministra \u015brodowiska Henryka Kowalczyka wniosek o udzielenie informacji publicznej. Zapytuje w nim m.in. czy sta\u0142\u0105 praktyk\u0105 instytucji podleg\u0142ych ministerstwu \u015brodowiska jest rozpatrywanie anonimowych zawiadomie\u0144 i skarg? Zwraca on r\u00f3wnie\u017c uwag\u0119 ministerstwa na fakt, i\u017c <strong>w Hajn\u00f3wce s\u0105 dwie parafie katolickie i trzy prawos\u0142awne, kt\u00f3re u\u017cywaj\u0105 d\u017awi\u0119ku dzwon\u00f3w. A jednak \u201edonosy\u201d, a p\u00f3\u017aniej zakaz u\u017cywania dzwon\u00f3w dotyczy tylko jednej parafii katolickiej.<\/strong><\/p>\n<p>Przedstawiciele katolickiej mniejszo\u015bci Hajn\u00f3wki m\u00f3wi\u0105, i\u017c autorowi anonim\u00f3w, przez kt\u00f3re doprowadzi\u0142 on do zakazu u\u017cywania d\u017awi\u0119ku ko\u015bcielnych dzwon\u00f3w, mo\u017ce wcale nie chodzi\u0107 o \u201euci\u0105\u017cliw\u0105 emisj\u0119 ha\u0142asu\u201d. Parafianie ko\u015bcio\u0142a pw. \u015bw. Cyryla i Metodego wskazuj\u0105 na fakt, i\u017c w \u015bwi\u0105tyni tej znajduj\u0105 si\u0119 pami\u0105tkowe tablice po\u015bwi\u0119cone bohaterom polskiego podziemia niepodleg\u0142o\u015bciowego &#8211; Danucie Siedzik\u00f3wnie ps. Inka oraz mjr. Zygmuntowi Szendzielarzowi ps. \u0141upaszka. R\u00f3wnie\u017c w tej \u015bwi\u0105tyni s\u0105 odprawiane Msze \u015bw. w intencji \u0179o\u0142nierzy Niez\u0142omnych, do kt\u00f3rych cz\u0119\u015b\u0107 mieszka\u0144c\u00f3w Hajn\u00f3wki jest nastawiona negatywnie.<\/p>\n<p>T\u0119 opini\u0119 mo\u017ce potwierdza\u0107 ostatnio przes\u0142any do Wojew\u00f3dzkiego Inspektora Ochrony \u015arodowiska anonim, w kt\u00f3rym tym razem \u017c\u0105da si\u0119 wydania zakazu u\u017cywania podczas Mszy \u015bw., odprawianych w ko\u015bciele pw. \u015bw. Cyryla i Metodego, g\u0142o\u015bnik\u00f3w umieszczonych na zewn\u0105trz ko\u015bcio\u0142a.&nbsp;<\/p>\n<p>Parafianie postanowili nie by\u0107 oboj\u0119tni wobec jak m\u00f3wi\u0105 \u201enaruszenia ich obywatelskich i konstytucyjnych praw\u201d. W niedziel\u0119 9 czerwca 2019 roku po Mszach \u015bwi\u0119tych w ko\u015bciele pw. \u015bw. Cyryla i Metodego w Hajn\u00f3wce b\u0119d\u0105 zbierane podpisy pod petycj\u0105 skierowan\u0105 do ministerstwa \u015brodowiska w sprawie wycofania zakazu u\u017cywania d\u017awi\u0119ku ko\u015bcielnych dzwon\u00f3w, kt\u00f3ry wyznacza duchowy rytm ich dnia.&nbsp; <em>&#8211; Sfera sacrum w \u017cyciu cz\u0142owieka, o kt\u00f3rej przypomina d\u017awi\u0119k ko\u015bcielnych dzwon\u00f3w, zwi\u0105zana jest z wyj\u0105tkow\u0105, transcendentn\u0105 rzeczywisto\u015bci\u0105. Nie spos\u00f3b zakazami ograniczy\u0107 tej rzeczywisto\u015bci do wyznaczonych dni czy tylko uroczysto\u015bci<\/em> &#8211; m\u00f3wi Bogus\u0142aw \u0141ab\u0119dzki.&nbsp;<\/p>\n<p><strong><em>Adam Bia\u0142ous<\/em><\/strong><\/p>\n<blockquote>\n<p>[<strong>Wybrane wypowiedzi internaut\u00f3w pod w\/w tekstem na stronie \u017ar\u00f3d\u0142owej:<\/strong>]<\/p>\n<p>Ciekaw jestem, czy z r\u00f3wn\u0105 gorliwo\u015bci\u0105 inspektorzy ochrony \u015brodowiska zareagowaliby na te grube decybele lec\u0105ce z g\u0142o\u015bnik\u00f3w na koncertach rockowych organizowanych na wolnym powietrzu, przyk\u0142adowo takie kt\u00f3re organizuje pan Owsik? Inn\u0105 spraw\u0105, dosy\u0107 znana s\u0105 pomiary nat\u0119\u017cenia pola elektromagnetycznego wykonywane przy nadajnikach telefonii kom\u00f3rkowej. O takim fakcie operator musi by\u0107 informowany z wyprzedzeniem. Oczywi\u015bcie po zako\u0144czeniu pomiar\u00f3w z prawid\u0142owymi wynikami i oddaleniu si\u0119 pomiarowc\u00f3w, nat\u0119\u017cenie skacze z powrotem do poziomu przypominaj\u0105cego otwart\u0105 mikrofal\u00f3wk\u0119&#8230; Wystarczy zaopatrzy\u0107 si\u0119 w niedrogi miernik nat\u0119\u017cenia pola i sprawdzi\u0107 samemu. Takich przyk\u0142ad\u00f3w odpowiedniego&#8221; zaanga\u017cowania&#8221; r\u00f3\u017cnych s\u0142u\u017cb mo\u017cna by podawa\u0107 sporo. Na szcz\u0119\u015bcie w mojej parafii pi\u0119kne trzy dzwony dzwoni\u0105 ku Chwale Bo\u017cej i nikomu to nie przeszkadza.<br><em>ciekawski<\/em><br><br>Nast\u0119pnym krokiem b\u0119dzie anonim, \u017ce d\u017awi\u0119k dzwon\u00f3w przeszkadza najbardziej w niedziel\u0119, gdy ludzie chc\u0105 nieco odpocz\u0105\u0107 i d\u0142u\u017cej pospa\u0107. Przecie\u017c &#8222;B\u00f3g jest mi\u0142o\u015bci\u0105&#8221; i powinien nam da\u0107 spok\u00f3j. Ludowa w\u0142adza wdro\u017cy nast\u0119pny zakaz z jak najwi\u0119ksz\u0105 gorliwo\u015bci\u0105 dla dobra wszystkich anonim\u00f3w.<br><em>Nikto\u015b<\/em><br><br>Trzeba pamietac ,ze dzwiek dzwonow koscielnych ma dzialanie egzocystyczne, i demony bardzo nie lubia tego dzwieku<br><em>waldi<\/em><br><br>Jakby 5 razy dziennie trzeba by\u0142o muezina s\u0142ucha\u0107 to pani Ewa anonim z Hajn\u00f3wki siedzieli by jak mysz pod miot\u0142\u0105&#8230;<br><em>Czerwokat<\/em><br><br>Anonim a komusi zarz\u0105dzaj\u0105cy szybko potraktowali go powa\u017cnie. Od kiedy to w takich sprawach anonimy brane s\u0105 pod uwag\u0119? Jak chce demokratycznie za\u0142atwianych spraw niech si\u0119 przedstawi z imienia i nazwiska. To co zrobiono w Hajn\u00f3wce \u015bwiadczy tylko o komunistycznej niebieskiej tam w\u0142adzy. Teraz pewnie tam przyb\u0119d\u0105 muzu\u0142many by sobie pomieszka\u0107 przy nie przeszkadzaj\u0105cych zapewne anonimowi d\u017awi\u0119kach z minaret\u00f3w.<br><em>banita<\/em><\/p>\n<\/blockquote>\n","protected":false},"excerpt":{"rendered":"Katolicy zbieraj\u0105 podpisy pod petycj\u0105 m.in. do ministra \u015brodowiska&nbsp;o zniesienie zakazu u\u017cywania d\u017awi\u0119ku dzwon\u00f3w w ko\u015bciele pw. \u015bw. Cyryla i Metodego w Hajn\u00f3wce. W tej sprawie skierowano te\u017c wniosek do ministerstwa \u015brodowiska o udost\u0119pnienie informacji publicznej. Resort \u015brodowiska zakaza\u0142 u\u017cywania dzwon\u00f3w w dzie\u0144 powszedni na skutek jednego anonimu, jakoby dzwony \u201ezak\u0142\u00f3ca\u0142y spok\u00f3j\u201d.&nbsp;&nbsp; Pierwszy anonim dotycz\u0105cy [&hellip;]","protected":false},"author":1,"featured_media":0,"comment_status":"closed","ping_status":"closed","sticky":false,"template":"","format":"standard","meta":{"_acf_changed":false,"_monsterinsights_skip_tracking":false,"_monsterinsights_sitenote_active":false,"_monsterinsights_sitenote_note":"","_monsterinsights_sitenote_category":0,"ngg_post_thumbnail":0,"footnotes":"","_wp_rev_ctl_limit":""},"categories":[5],"tags":[132,414,98],"acf":[],"_links":{"self":[{"href":"https:\/\/www.bibula.com\/index.php?rest_route=\/wp\/v2\/posts\/108272"}],"collection":[{"href":"https:\/\/www.bibula.com\/index.php?rest_route=\/wp\/v2\/posts"}],"about":[{"href":"https:\/\/www.bibula.com\/index.php?rest_route=\/wp\/v2\/types\/post"}],"author":[{"embeddable":true,"href":"https:\/\/www.bibula.com\/index.php?rest_route=\/wp\/v2\/users\/1"}],"replies":[{"embeddable":true,"href":"https:\/\/www.bibula.com\/index.php?rest_route=%2Fwp%2Fv2%2Fcomments&post=108272"}],"version-history":[{"count":0,"href":"https:\/\/www.bibula.com\/index.php?rest_route=\/wp\/v2\/posts\/108272\/revisions"}],"wp:attachment":[{"href":"https:\/\/www.bibula.com\/index.php?rest_route=%2Fwp%2Fv2%2Fmedia&parent=108272"}],"wp:term":[{"taxonomy":"category","embeddable":true,"href":"https:\/\/www.bibula.com\/index.php?rest_route=%2Fwp%2Fv2%2Fcategories&post=108272"},{"taxonomy":"post_tag","embeddable":true,"href":"https:\/\/www.bibula.com\/index.php?rest_route=%2Fwp%2Fv2%2Ftags&post=108272"}],"curies":[{"name":"wp","href":"https:\/\/api.w.org\/{rel}","templated":true}]}}