{"id":108247,"date":"2019-06-04T14:08:36","date_gmt":"2019-06-04T18:08:36","guid":{"rendered":"http:\/\/www.bibula.com\/?p=108247"},"modified":"2019-06-04T14:08:39","modified_gmt":"2019-06-04T18:08:39","slug":"sandro-magister-sprawa-mccarricka-jeszcze-powazniejsza-niz-moglo-sie-zdawac","status":"publish","type":"post","link":"https:\/\/www.bibula.com\/?p=108247","title":{"rendered":"Sandro Magister: sprawa McCarricka jeszcze powa\u017cniejsza ni\u017c mog\u0142o si\u0119 zdawa\u0107"},"content":{"rendered":"\n<p><strong>Watykanista Sandro Magister ustosunkowa\u0142 si\u0119 do ostatnich wydarze\u0144 i wypowiedzi, mi\u0119dzy innymi papie\u017ca Franciszka, odno\u015bnie sprawy by\u0142ego ju\u017c kardyna\u0142a Theodore&#8217;a E. McCarricka. <\/strong><strong>&nbsp;<\/strong><\/p>\n<p>Ameryka\u0144ski duchowny, kt\u00f3ry w 2018 r. zrzek\u0142 si\u0119 godno\u015bci kardynalskiej, ostatecznie zosta\u0142 usuni\u0119ty ze stanu duchownego w lutym obecnego roku, po tym, jak Stolica Apostolska uzna\u0142a go \u201ewinnym solicytacji w sakramencie spowiedzi (nak\u0142aniania penitenta w trakcie spowiedzi do grzechu przeciw sz\u00f3stemu przykazaniu) oraz grzech\u00f3w przeciwko sz\u00f3stemu przykazaniu z ma\u0142oletnimi i doros\u0142ymi, z czynnikiem obci\u0105\u017caj\u0105cym wykorzystywania w\u0142adzy\u201d.<\/p>\n<p>Theodore Edgar McCarrick w latach 2000-2006 by\u0142 metropolit\u0105 archidiecezji waszyngto\u0144skiej. W 2001 r. zosta\u0142 kardyna\u0142em. Wcze\u015bniej, pomi\u0119dzy 1961 a 1963 rokiem duchowny pochodz\u0105cy z Nowego Jorku pe\u0142ni\u0142 funkcj\u0119 dziekana na Katolickim Uniwersytecie Ameryka\u0144skim. Prowadzi\u0142 r\u00f3wnie\u017c zaj\u0119cia na uczelni. W latach 1965-1969 by\u0142 prezydentem Katolickiego Uniwersytetu Portoryko. Od 1969 prowadzi\u0142 dzia\u0142alno\u015b\u0107 duszpastersk\u0105 w archidiecezji nowojorskiej, w szczeg\u00f3lno\u015bci zajmowa\u0142 si\u0119 sprawami edukacji katolickiej.<\/p>\n<p>W p\u00f3\u017aniejszym okresie by\u0142 sekretarzem arcybiskupa NJ, a w 1977 r. zosta\u0142 biskupem pomocniczym tej archidiecezji. W listopadzie przeniesiono go do diecezji Metuchen (New Jersey), a w maju 1986 zosta\u0142 arcybiskupem Newark. 12 lat p\u00f3\u017aniej obj\u0105\u0142 funkcj\u0119 prze\u0142o\u017conego (superiora) misji <em>sui iuris<\/em> w Turks i Caicos na Antylach.<\/p>\n<p>W listopadzie 2000 r. mianowano go arcybiskupem Waszyngtonu. Rok p\u00f3\u017aniej papie\u017c Jan Pawe\u0142 II wyni\u00f3s\u0142 go do godno\u015bci kardynalskiej, ale w maju 2006 r. papie\u017c Benedykt XVI przyj\u0105\u0142 jego rezygnacj\u0119 z funkcji arcybiskupa Waszyngtonu, z\u0142o\u017con\u0105 w zwi\u0105zku z osi\u0105gni\u0119ciem wieku emerytalnego (75 lat).<\/p>\n<h4>Tuszowane skandale<\/h4>\n<p>W czerwcu ub. roku Theodore McCarrick zosta\u0142 oskar\u017cony o molestowanie seksualne ch\u0142opc\u00f3w. Do skandalicznych czyn\u00f3w mia\u0142o doj\u015b\u0107 w latach 1971-1972 w nowojorskiej katedrze \u015bw. Patryka.<\/p>\n<p>Powo\u0142ana przez tamtejsz\u0105 archidiecezj\u0119 specjalna komisja uwiarygodni\u0142a otrzymane wcze\u015bniej informacje i przekaza\u0142a je do Watykanu, kt\u00f3ry zdecydowa\u0142 o natychmiastowym zakazie sprawowania pos\u0142ugi przez duchownego. Ten nie przyzna\u0142 si\u0119 do winy. W lipcu zesz\u0142ego roku papie\u017c Franciszek przyj\u0105\u0142 rezygnacj\u0119 McCarricka z zasiadania w Kolegium Kardyna\u0142\u00f3w, zawieszaj\u0105c go w sprawowaniu funkcji wynikaj\u0105cych ze \u015bwi\u0119ce\u0144. Nakaza\u0142 mu prowadzenie \u017cycia skupionego na modlitwie i pokucie w odosobnieniu, do zako\u0144czenia procesu kanonicznego. Potem pojawi\u0142y si\u0119 kolejne osoby, kt\u00f3re oskar\u017cy\u0142y hierarch\u0119, a w sierpniu 2018 r. abp Carlo Maria Vigan\u00f3 napisa\u0142 w li\u015bcie otwartym, \u017ce by\u0142y kardyna\u0142 dopuszcza\u0142 si\u0119 \u201eniemoralnego zachowania wobec ksi\u0119\u017cy i kleryk\u00f3w\u201d. W lutym br. Watykan zadecydowa\u0142 o usuni\u0119ciu go ze stanu kap\u0142a\u0144skiego.<\/p>\n<p>Ostatnio du\u017ce poruszenie wywo\u0142a\u0142y komentarze papie\u017ca Franciszka odno\u015bnie tej sprawy. Odnotowa\u0142a je dziennikarka Valentina Alazraki. Przeprowadzi\u0142a ona wywiad z papie\u017cem Franciszkiem dla meksyka\u0144skiej sieci telewizyjnej \u201eTelevisa\u201d. Rozmow\u0119 zapowiada\u0142 serwis Vatican News 28 maja. Tego samego dnia opublikowano \u201eRaport\u201d na temat relacji mi\u0119dzy McCarrickiem a w\u0142adzami Ko\u015bcio\u0142a, napisany przez by\u0142ego sekretarza ksi\u0119dza Antoniego J. Figuereido.<\/p>\n<p>Zar\u00f3wno raport, jak i s\u0142owa papie\u017ca &#8211; zdaniem watykanisty &#8211; czyni\u0105 spraw\u0119 McCarricka dalek\u0105 od rozwi\u0105zania i jeszcze bardziej powa\u017cn\u0105 ni\u017c kiedykolwiek. Wskazuje on na domniemane tuszowanie skandali seksualnych na najwy\u017cszym szczeblu w Ko\u015bciele.<\/p>\n<p>Ks. Figuereido podpar\u0142 dziesi\u0119\u0107 stron swojego raportu cytatami z list\u00f3w, e-maili i dokument\u00f3w, kt\u00f3re nigdy dot\u0105d nie zosta\u0142y ujawnione, a kt\u00f3rych autentyczno\u015b\u0107 potwierdzili eksperci.<\/p>\n<p>Okazuje si\u0119 po raz kolejny, \u017ce ograniczenia na\u0142o\u017cone na McCarricka podczas pontyfikatu Benedykta XVI zosta\u0142y mu przekazane nie tylko ustnie, ale r\u00f3wnie\u017c w formie listu w 2008 r. od kardyna\u0142a Giovanniego Battisty Re, \u00f3wczesnego prefekta Kongregacji ds. Biskup\u00f3w. Korespondencja trafi\u0142a do arcybiskupa Waszyngtonu, kardyna\u0142a Donalda Wuerla.<\/p>\n<p>Tymczasem hierarcha ten zawsze zaprzecza\u0142, \u017ce wiedzia\u0142 cokolwiek na temat nadu\u017cy\u0107 pope\u0142nionych przez McCarricka lub na\u0142o\u017conych na niego ogranicze\u0144. Co wi\u0119cej, okazuje si\u0119, \u017ce McCarrick notorycznie unika\u0142 przestrzegania tych ogranicze\u0144, zar\u00f3wno podczas pontyfikatu Benedykta XVI, jak i p\u00f3\u017aniej, gdy jeszcze zintensyfikowa\u0142 swoje podr\u00f3\u017ce po ca\u0142ym \u015bwiecie, w tym do Chin, zgodnie z tym, co podawa\u0142 watyka\u0144ski Sekretariat Stanu i kardyna\u0142 Pietro Parolin.<\/p>\n<p>Kolejn\u0105 wiadomo\u015bci\u0105 z raportu jest obrona samego siebie, kt\u00f3r\u0105 McCarrick z\u0142o\u017cy\u0142 w zwi\u0105zku z oskar\u017ceniami o wykorzystywanie seksualne w li\u015bcie z 2008 r. do \u00f3wczesnego sekretarza stanu Tarcisio Bertone. Przyzna\u0142, \u017ce nieroztropnie \u201edzieli\u0142 \u0142\u00f3\u017cko\u201d z kap\u0142anami i seminarzystami, \u201egdy diecezjalny Dom Letni by\u0142 przepe\u0142niony\u201d, ale nigdy nie pr\u00f3bowa\u0142 nawi\u0105za\u0107 z nimi stosunk\u00f3w seksualnych, poniewa\u017c uwa\u017ca\u0142 ich za \u201ecz\u0119\u015b\u0107 swojej rodziny\u201d, tak jak cz\u0119sto robi\u0142 to ze swoimi \u201ekuzynami, wujkami i innymi krewnymi\u201d \u015bpi\u0105c razem, ale zawsze zachowuj\u0105c czysto\u015b\u0107.<\/p>\n<p>Obrona samego siebie przez McCarricka zosta\u0142a uniewa\u017cniona.<\/p>\n<p>Wed\u0142ug Magistra, wci\u0105\u017c pozostaje nie wyja\u015bniona sprawa odpowiedzialno\u015bci wielu przedstawicieli w\u0142adz ko\u015bcielnych, kt\u00f3rzy wiedzieli o jego przest\u0119pstwach i nie zrobili tego, co do nich nale\u017ca\u0142o. I tak pozycja, na przyk\u0142ad, kardyna\u0142a Wuerla jest dzi\u015b, w obliczu informacji ujawnionych przez ks. Figuereido, trudniejsza ni\u017c wcze\u015bniej.<\/p>\n<p>Ale przede wszystkim nie wyja\u015bniono zachowania papie\u017ca Franciszka, kt\u00f3ry w wywiadzie dla \u201eTelevisa\u201d stara\u0142 si\u0119 uzasadni\u0107 swoje post\u0119powanie, pozostawiaj\u0105c jeszcze wi\u0119cej pyta\u0144 bez odpowiedzi.<\/p>\n<p>Tym, kt\u00f3ry oskar\u017cy\u0142 papie\u017ca Franciszka o ukrywanie nadu\u017cy\u0107 McCarricka, jest by\u0142y nuncjusz w Stanach Zjednoczonych, abp Carlo Maria Vigan\u00f2. Opublikowa\u0142 on pierwszy sw\u00f3j list na ten temat w nocy z 25 na 26 sierpnia ub. roku.<\/p>\n<p>W\u00f3wczas to papie\u017c Franciszek by\u0142 w Dublinie i mia\u0142 zamkn\u0105\u0107 \u015awiatowe Spotkanie Rodzin. W rezultacie kilka godzin p\u00f3\u017aniej, podczas konferencji prasowej, odbywaj\u0105cej si\u0119 na pok\u0142adzie samolotu lec\u0105cego do Rzymu, zosta\u0142 o to zapytany przez dziennikark\u0119 NBC Ann\u0119 Matrang\u0119.<\/p>\n<p>Vigan\u00f2 poinformowa\u0142, \u017ce 23 czerwca 2013 r., podczas kr\u00f3tkiego spotkania twarz\u0105 w twarz, papie\u017c Franciszek poprosi\u0142 go o opini\u0119 na temat kardyna\u0142a McCarricka, a on odpowiedzia\u0142 mu: \u201eje\u015bli spytasz Kongregacj\u0119 ds. Biskup\u00f3w, to znajduje si\u0119 tam grube dossier na jego temat. Psu\u0142 pokolenia kleryk\u00f3w i ksi\u0119\u017cy, a papie\u017c Benedykt poleci\u0142 mu wycofa\u0107 si\u0119 do \u017cycia na modlitwie i pokucie\u201d. Doda\u0142: \u201ePapie\u017c nie wyg\u0142osi\u0142 najmniejszego komentarza do tych moich bardzo powa\u017cnych s\u0142\u00f3w i nie okaza\u0142 na twarzy \u017cadnego wyrazu zdziwienia, jakby ju\u017c zna\u0142 t\u0119 spraw\u0119 od jakiego\u015b czasu i od razu zmieni\u0142 temat\u201d.<\/p>\n<h4>D\u0142ugie \u015bledztwo<\/h4>\n<p>Gdy Anna Matranga zapyta\u0142a biskupa Rzymu, czy to prawda, Franciszek stwierdzi\u0142, \u017ce \u201enie powie o tym ani s\u0142owa\u201d. Papie\u017c zaprosi\u0142 dziennikarzy, aby sami zbadali wiarygodno\u015b\u0107 oskar\u017ce\u0144 Vigan\u00f2 i wyci\u0105gn\u0119li swoje wnioski. Dopiero wtedy on mo\u017ce wypowie si\u0119 w tej kwestii.<\/p>\n<p><span class=\"pullquote\"><!-- ..Abp Carlo Maria Vigan\u00f2 odpowiedzia\u0142 natychmiast oskar\u017caj\u0105c papie\u017ca o k\u0142amstwo... Komu wi\u0119c wierzy\u0107 w tym momencie? Vigan\u00f2 czy Franciszkowi? --><\/span><\/p>\n<p>Kilka tygodni p\u00f3\u017aniej, w o\u015bwiadczeniu z 6 pa\u017adziernika, Franciszek poinformowa\u0142, \u017ce nakaza\u0142 \u201euwa\u017cne dalsze analizowanie ca\u0142ej dokumentacji obecnej w archiwach dykasterii i urz\u0119dach Stolicy Apostolskiej\u201d dotycz\u0105cej McCarricka. Przyrzek\u0142, \u017ce \u201eStolica Apostolska nie zawiedzie we w\u0142a\u015bciwym czasie, aby ujawni\u0107 wnioski ze sprawy\u201d.<\/p>\n<p>Ale min\u0119\u0142o ponad dziewi\u0119\u0107 miesi\u0119cy od wybuchu skandalu i nic z tego nie zosta\u0142o jeszcze opublikowane &#8211; komentuje Magister.<\/p>\n<p>29 maja kardyna\u0142 Parolin powiedzia\u0142, \u017ce \u015bledztwo jest w toku i \u201epo zako\u0144czeniu tych prac pojawi si\u0119 o\u015bwiadczenie\u201d. Jednak nie sprawia\u0142 on wra\u017cenia, jakoby to mog\u0142o \u201d\u2039\u201d\u2039nast\u0105pi\u0107 wkr\u00f3tce.<\/p>\n<p>W wywiadzie, jaki papie\u017c Franciszek udzieli\u0142 Valentinie Alazraki &#8211; to pierwsza jego wypowied\u017a na ten temat od wspomnianej konferencji prasowej, zorganizowanej na pok\u0142adzie samolotu 26 sierpnia &#8211; dezawuowa\u0142 \u201e\u015awiadectwa\u201d arcybiskupa Vigan\u00f2.<\/p>\n<p>Ostatnio m\u00f3wi\u0142, \u017ce nie przeczyta\u0142 ca\u0142ego listu. \u201eRzuci\u0142em okiem na to i ju\u017c wiedzia\u0142em, co to jest\u201d &#8211; komentowa\u0142. Ale w samolocie 26 sierpnia ub. r. Franciszek powiedzia\u0142, \u017ce przeczyta\u0142 ca\u0142e \u015bwiadectwo. Teraz da\u0142 do zrozumienia, \u017ce \u201d\u2039\u201d\u2039ma negatywne uprzedzenia wobec Vigan\u00f2, za\u015b wyrok s\u0119dziego z Mediolanu \u201etrzy lub cztery miesi\u0105ce p\u00f3\u017aniej\u201d w rodzinnych sprawach maj\u0105tkowych w\u0142oskiego hierarchy mia\u0142by potwierdza\u0107 s\u0142uszno\u015b\u0107 uprzedze\u0144 wobec by\u0142ego nuncjusza.<\/p>\n<p>Watykanista przypomina, \u017ce \u201ewyrok\u201d z Mediolanu, to wynik ugody zawartej w s\u0105dzie cywilnym w sprawie sporu mi\u0119dzy bra\u0107mi, dotycz\u0105cego dystrybucji znacznego spadku. Wieloletni sp\u00f3r rodzinny, o kt\u00f3rym papie\u017c m\u00f3wi\u0142, \u017ce wiedzia\u0142 od jakiego\u015b czasu, ale zawsze milcza\u0142 publicznie, nie mia\u0142 \u017cadnego zwi\u0105zku z dzia\u0142alno\u015bci\u0105 by\u0142ego nuncjusza.<\/p>\n<p>Franciszek na kluczowe pytanie, czy wiedzia\u0142 o z\u0142ych uczynkach McCarricka, odpar\u0142 w wywiadzie dla \u201eTelevisa\u201d w nast\u0119puj\u0105cy spos\u00f3b: \u201eO McCarricku nic oczywi\u015bcie nie wiedzia\u0142em, nic a nic. Wiele razy m\u00f3wi\u0142em, \u017ce nic nie wiedzia\u0142em, nie mia\u0142em poj\u0119cia. A kiedy [Vigan\u00f2] m\u00f3wi, \u017ce rozmawia\u0142 ze mn\u0105 tego dnia, \u017ce przyszed\u0142\u2026 Nie pami\u0119tam, czy m\u00f3wi\u0142 mi o tym, czy to prawda, czy nie. Nie mam poj\u0119cia! Wiesz, \u017ce nic nie wiedzia\u0142em o McCarricku, inaczej nie zachowa\u0142bym milczenia, prawda?\u201d<\/p>\n<p>\u201eU m\u0119\u017cczyzny o niezwyk\u0142ej pami\u0119ci, takiej, jak\u0105 cieszy si\u0119 Jorge Mario Bergoglio, ten zanik wydaje si\u0119 anormalny. A Vigan\u00f2 odpowiedzia\u0142 natychmiast, z tajnego miejsca, w kt\u00f3rym si\u0119 ukrywa, oskar\u017caj\u0105c papie\u017ca o k\u0142amstwo\u201d &#8211; pisze Magister.<\/p>\n<p>Komu wi\u0119c wierzy\u0107 w tym momencie? Vigan\u00f2 czy Franciszkowi? &#8211; zadaje pytanie publicysta, sugeruj\u0105c, \u017ce prawd\u0119 b\u0119dzie mo\u017cna pozna\u0107 tylko po udostepnieniu dokumentacji przechowywanej w Watykanie, nuncjaturze i diecezjach, w kt\u00f3rych s\u0142u\u017cy\u0142 McCarrick, to jest w Nowym Jorku, Metuchen, Newarku i Waszyngtonie.<\/p>\n<p>Na koniec Magister dywaguje, \u017ce je\u015bli prawd\u0105 jest, i\u017c papie\u017c Franciszek nigdy nie wiedzia\u0142 nic o z\u0142ym zachowaniu McCarricka, to pozostaje wyja\u015bni\u0107, jak to by\u0142o mo\u017cliwe, \u017ce w Watykanie i Stanach Zjednoczonych by\u0142o tak wielu starszych duchownych, kt\u00f3rzy byli tego \u015bwiadomi od wielu lat.<\/p>\n<p>Watykanista obawia si\u0119, \u017ce jeszcze d\u0142ugo przyjdzie nam czeka\u0107 na publikacj\u0119 wynik\u00f3w \u015bledztwa, og\u0142oszonego 6 pa\u017adziernika ub.r. i potwierdzonego w ostatnich dniach przez kardyna\u0142a Parolina.<\/p>\n<p>\u0179r\u00f3d\u0142o: magister.blogautore.espresso.repubblica.it, gosc.pl.<\/p>\n<p>AS<\/p>\n","protected":false},"excerpt":{"rendered":"Watykanista Sandro Magister ustosunkowa\u0142 si\u0119 do ostatnich wydarze\u0144 i wypowiedzi, mi\u0119dzy innymi papie\u017ca Franciszka, odno\u015bnie sprawy by\u0142ego ju\u017c kardyna\u0142a Theodore&#8217;a E. McCarricka. &nbsp; Ameryka\u0144ski duchowny, kt\u00f3ry w 2018 r. zrzek\u0142 si\u0119 godno\u015bci kardynalskiej, ostatecznie zosta\u0142 usuni\u0119ty ze stanu duchownego w lutym obecnego roku, po tym, jak Stolica Apostolska uzna\u0142a go \u201ewinnym solicytacji w sakramencie spowiedzi [&hellip;]","protected":false},"author":1,"featured_media":0,"comment_status":"closed","ping_status":"closed","sticky":false,"template":"","format":"standard","meta":{"_acf_changed":false,"_monsterinsights_skip_tracking":false,"_monsterinsights_sitenote_active":false,"_monsterinsights_sitenote_note":"","_monsterinsights_sitenote_category":0,"ngg_post_thumbnail":0,"footnotes":"","_wp_rev_ctl_limit":""},"categories":[3],"tags":[301,26,86,221,33],"acf":[],"_links":{"self":[{"href":"https:\/\/www.bibula.com\/index.php?rest_route=\/wp\/v2\/posts\/108247"}],"collection":[{"href":"https:\/\/www.bibula.com\/index.php?rest_route=\/wp\/v2\/posts"}],"about":[{"href":"https:\/\/www.bibula.com\/index.php?rest_route=\/wp\/v2\/types\/post"}],"author":[{"embeddable":true,"href":"https:\/\/www.bibula.com\/index.php?rest_route=\/wp\/v2\/users\/1"}],"replies":[{"embeddable":true,"href":"https:\/\/www.bibula.com\/index.php?rest_route=%2Fwp%2Fv2%2Fcomments&post=108247"}],"version-history":[{"count":0,"href":"https:\/\/www.bibula.com\/index.php?rest_route=\/wp\/v2\/posts\/108247\/revisions"}],"wp:attachment":[{"href":"https:\/\/www.bibula.com\/index.php?rest_route=%2Fwp%2Fv2%2Fmedia&parent=108247"}],"wp:term":[{"taxonomy":"category","embeddable":true,"href":"https:\/\/www.bibula.com\/index.php?rest_route=%2Fwp%2Fv2%2Fcategories&post=108247"},{"taxonomy":"post_tag","embeddable":true,"href":"https:\/\/www.bibula.com\/index.php?rest_route=%2Fwp%2Fv2%2Ftags&post=108247"}],"curies":[{"name":"wp","href":"https:\/\/api.w.org\/{rel}","templated":true}]}}