{"id":108233,"date":"2019-06-04T10:27:13","date_gmt":"2019-06-04T14:27:13","guid":{"rendered":"http:\/\/www.bibula.com\/?p=108233"},"modified":"2019-06-04T10:28:18","modified_gmt":"2019-06-04T14:28:18","slug":"austria-wydzialy-teologii-opanowane-przez-lewice-czego-beda-nauczac","status":"publish","type":"post","link":"https:\/\/www.bibula.com\/?p=108233","title":{"rendered":"Austria: wydzia\u0142y teologii opanowane przez lewic\u0119. Czego b\u0119d\u0105 naucza\u0107?"},"content":{"rendered":"\n<p><strong>Na austriackich wydzia\u0142ach teologicznych niezwykle popularna jest\u2026 ideologia skrajnie lewicowa. Zieloni, socjali\u015bci i komuni\u015bci maj\u0105 du\u017c\u0105 liczb\u0119 zwolennik\u00f3w. Czego naucza\u0107 b\u0119d\u0105 w przysz\u0142o\u015bci teolodzy o takich sympatiach politycznych?<\/strong><\/p>\n<p>Ju\u017c ca\u0142e dziesi\u0119ciolecia trwa proces psucia si\u0119 niemieckiej teologii. W opublikowanym niedawno li\u015bcie emerytowany papie\u017c Benedykt XVI pisa\u0142 wprost o wielkiej kl\u0119sce zw\u0142aszcza wsp\u00f3\u0142czesnej teologii moralnej. Teraz opublikowano dane dotycz\u0105ce preferencji wyborczych student\u00f3w teologii w Austrii. Okazuje si\u0119, \u017ce znaczna cz\u0119\u015b\u0107 tych, kt\u00f3rzy maj\u0105 odpowiada\u0107 w przysz\u0142o\u015bci za nauczanie katolickiej wiary, to zwolennicy otwarcie antychrystycznych opcji politycznych.<\/p>\n<p>Na austriackich uczelniach odby\u0142y si\u0119 w\u0142a\u015bnie wybory do w\u0142adz Austriackiego Stowarzyszenia Student\u00f3w. Cho\u0107 w skali og\u00f3lnouniwersyteckiej wygra\u0142a je grupa powi\u0105zana z chadecj\u0105, to na wydzia\u0142ach teologicznych prym wiedzie lewica.<\/p>\n<p>I tak w Prywatnej Wy\u017cszej Szkole Pedagogicznej Archidiecezji Wiednia a\u017c 27 proc. student\u00f3w zag\u0142osowa\u0142o na frakcj\u0119 Zielonych, 17,5 proc. na socjalist\u00f3w a 1,5 proc. na komunist\u00f3w. W ten spos\u00f3b lewica zyska\u0142a 47 proc. g\u0142os\u00f3w.<\/p>\n<p>Na Katolickim Prywatnym Uniwersytecie Teologicznym w Linzu Zieloni zdobyli ponad 32 proc. g\u0142os\u00f3w, socjali\u015bci niemal 12 proc., a komuni\u015bci 2,6 procent (razem 49,36 proc.).<\/p>\n<p>W Prywatnej Wy\u017cszej Szkole Pedagogicznej Fundacji Diecezji Graz-Seckau Zieloni otrzymali ponad 38 proc. g\u0142os\u00f3w, socjali\u015bci 13,5 proc., a komuni\u015bci 4,3 procent. Wreszcie w Prywatnej Wy\u017cszej Szkole Pedagogicznej Fundacji Diecezji Burgenland lewica otrzyma\u0142a \u0142\u0105cznie 59,15 proc. g\u0142os\u00f3w.<\/p>\n<p>Austriaccy Zieloni i socjali\u015bci, podobnie jak ich koledzy z innych pa\u0144stw europejskich, id\u0105 w awangardzie cywilizacji \u015bmierci. Formacje te forsuj\u0105 ideologi\u0119 gender, aborcj\u0119, eutanazj\u0119 i drastyczne rozbijanie tradycyjnych i naturalnych wi\u0119zi spajaj\u0105cych chrze\u015bcija\u0144skie spo\u0142eczno\u015bci.<\/p>\n<p>Pach<\/p>\n<p>\u0179r\u00f3d\u0142o: kath.net<\/p>\n<p class=\"zrodlo\">Za: <a href=\"https:\/\/www.pch24.pl\/austria--wydzialy-teologii-opanowane-przez-lewice--czego-beda-nauczac-,68714,i.html\">PoloniaChristiana &#8211; pch24.pl (2019-06-04)<\/a><\/p>\n<h4>&nbsp;<\/h4>\n<hr style=\"background-color: #000000; border-width: 0; color: #000000; height: 2px; line-height: 0; text-align: center; width: 100%;\">\n<h4>&nbsp;<\/h4>\n<blockquote>\n<p><strong>KOMENTARZ <em>BIBU\u0141Y<\/em><\/strong>: Nie wiemy co tak naprawd\u0119 znacz\u0105 okre\u015blenia &#8222;lewica&#8221; czy &#8222;prawica&#8221; i gdzie przebiega granica pomi\u0119dzy tymi sztucznymi poj\u0119ciami. Wiemy jednak, \u017ce trudno jest spotka\u0107 prawdziwie katolickich wyk\u0142adowc\u00f3w i student\u00f3w na nominalnie katolickich uczelniach, czy to w przywo\u0142anej wy\u017cej Austrii, czy w Polsce. Bo gdy sam Ko\u015bci\u00f3\u0142 swoj\u0105 liter\u0105 i duchem odrzuci\u0142 Tradycj\u0119, to nawet gdy kto\u015b pr\u00f3buje przylgn\u0105\u0107 do posoborowych wyk\u0142adni, m\u0119tlik my\u015blowy tworzy z niego w konsekwencji wyznawc\u0119 nowej, sprotestantyzowanej religii.<\/p>\n<\/blockquote>\n<h4>&nbsp;<\/h4>\n<hr style=\"background-color: #000000; border-width: 0; color: #000000; height: 2px; line-height: 0; text-align: center; width: 100%;\">\n<h4>&nbsp;<\/h4>\n","protected":false},"excerpt":{"rendered":"Na austriackich wydzia\u0142ach teologicznych niezwykle popularna jest\u2026 ideologia skrajnie lewicowa. Zieloni, socjali\u015bci i komuni\u015bci maj\u0105 du\u017c\u0105 liczb\u0119 zwolennik\u00f3w. Czego naucza\u0107 b\u0119d\u0105 w przysz\u0142o\u015bci teolodzy o takich sympatiach politycznych? Ju\u017c ca\u0142e dziesi\u0119ciolecia trwa proces psucia si\u0119 niemieckiej teologii. W opublikowanym niedawno li\u015bcie emerytowany papie\u017c Benedykt XVI pisa\u0142 wprost o wielkiej kl\u0119sce zw\u0142aszcza wsp\u00f3\u0142czesnej teologii moralnej. Teraz [&hellip;]","protected":false},"author":1,"featured_media":0,"comment_status":"closed","ping_status":"closed","sticky":false,"template":"","format":"standard","meta":{"_acf_changed":false,"_monsterinsights_skip_tracking":false,"ngg_post_thumbnail":0,"footnotes":"","_wp_rev_ctl_limit":""},"categories":[3],"tags":[244,33],"acf":[],"_links":{"self":[{"href":"https:\/\/www.bibula.com\/index.php?rest_route=\/wp\/v2\/posts\/108233"}],"collection":[{"href":"https:\/\/www.bibula.com\/index.php?rest_route=\/wp\/v2\/posts"}],"about":[{"href":"https:\/\/www.bibula.com\/index.php?rest_route=\/wp\/v2\/types\/post"}],"author":[{"embeddable":true,"href":"https:\/\/www.bibula.com\/index.php?rest_route=\/wp\/v2\/users\/1"}],"replies":[{"embeddable":true,"href":"https:\/\/www.bibula.com\/index.php?rest_route=%2Fwp%2Fv2%2Fcomments&post=108233"}],"version-history":[{"count":0,"href":"https:\/\/www.bibula.com\/index.php?rest_route=\/wp\/v2\/posts\/108233\/revisions"}],"wp:attachment":[{"href":"https:\/\/www.bibula.com\/index.php?rest_route=%2Fwp%2Fv2%2Fmedia&parent=108233"}],"wp:term":[{"taxonomy":"category","embeddable":true,"href":"https:\/\/www.bibula.com\/index.php?rest_route=%2Fwp%2Fv2%2Fcategories&post=108233"},{"taxonomy":"post_tag","embeddable":true,"href":"https:\/\/www.bibula.com\/index.php?rest_route=%2Fwp%2Fv2%2Ftags&post=108233"}],"curies":[{"name":"wp","href":"https:\/\/api.w.org\/{rel}","templated":true}]}}