{"id":108079,"date":"2019-05-26T16:55:03","date_gmt":"2019-05-26T20:55:03","guid":{"rendered":"http:\/\/www.bibula.com\/?p=108079"},"modified":"2021-03-29T15:45:39","modified_gmt":"2021-03-29T19:45:39","slug":"wrogowie-kosciola-przegrali-ale-jest-ich-coraz-wiecej","status":"publish","type":"post","link":"https:\/\/www.bibula.com\/?p=108079","title":{"rendered":"Wrogowie Ko\u015bcio\u0142a przegrali. Ale jest ich coraz wi\u0119cej"},"content":{"rendered":"<p><strong>Sukces wyborczy ugrupowa\u0144, kt\u00f3re w ostatnich tygodniach prze\u015bciga\u0142y si\u0119 w nienawi\u015bci do Ko\u015bcio\u0142a, \u017cycia ludzkiego i rodziny, ka\u017ce nam dzisiaj postawi\u0107 pytanie: kim jeste\u015bmy my, Polacy, \u017ce dajemy si\u0119 porwa\u0107 obietnicy zniszczenia tego, co stanowi najwi\u0119ksz\u0105 warto\u015b\u0107?<\/strong><\/p>\r\n<p>Na pewno znacie Pa\u0144stwo to uczucie, gdy dochodzi do niespodziewanego zdarzenia, po kt\u00f3rym dotychczasowe \u017cycie zmienia si\u0119 diametralnie. W\u00f3wczas cz\u0119sto doceniamy to, co by\u0142o wcze\u015bniej &#8211; \u00f3w b\u0142ogi spok\u00f3j przerywany raz zarazem drobnymi zaledwie problemami.<\/p>\r\n<p>Pami\u0119tam, \u017ce kiedy po raz pierwszy, w wieku nastu lat, czyta\u0142em \u201eZbrodni\u0119 i kar\u0119\u201d, niespecjalnie prze\u017cywa\u0142em nieco abstrakcyjny dla nastolatka sp\u00f3r Dostojewskiego z Nitzscheanisk\u0105 \u201ezbrodni\u0105 na Bogu\u201d. Znacznie wi\u0119ksze wra\u017cenie robi\u0142y na mnie losy nieszcz\u0119snego Raskolnikowa. To one porusza\u0142y strun\u0119 wra\u017cliwo\u015bci, nastoletniej emocjonalno\u015bci. Dokonawszy zbrodni na starej kobiecie i jej siostrze \u00f3w bohater Dostojewskiego odmienia radyklanie swoje, niezbyt mo\u017ce atrakcyjne, ale jednak w miar\u0119 spokojne \u017cycie. Nic ju\u017c nie by\u0142o potem takie samo. A gdy przyzna\u0142 si\u0119 do winy i wyjawi\u0142 prawd\u0119 zakochanej w nim po uszy Soni, ponownie wywr\u00f3ci\u0142 wszystko do g\u00f3ry nogami. Dawne relacje z bliskimi musia\u0142y si\u0119 zmieni\u0107. Zn\u00f3w co\u015b przesta\u0142o by\u0107 takie samo, jak dawniej.<\/p>\r\n<p>I teraz, od pewnego czasu, zn\u00f3w daje o sobie zna\u0107 to niezno\u015bnie uczucie, ale tym razem w odniesieniu do \u015bwiata rzeczywistego: wszystko si\u0119 zmieni\u0142o &#8211; nic ju\u017c nie b\u0119dzie takie samo. Ka\u017ce nam tak my\u015ble\u0107 w\u0142a\u015bnie wynik niedzielnych eurowybor\u00f3w.<\/p>\r\n<p><em><strong>Przyspieszenie <\/strong><\/em><\/p>\r\n<p>Nigdy dot\u0105d antyko\u015bcielna retoryka nie sta\u0142a si\u0119 jednym z g\u0142\u00f3wnych temat\u00f3w kampanii wyborczych. Owszem, by\u0142y partie deklaruj\u0105ce tzw. potrzeb\u0119 laicyzacji, proponuj\u0105c najbardziej brutalne, antykatolickie rozwi\u0105zania. Ale film \u201eTylko nie m\u00f3w nikomu\u201d, kt\u00f3ry mocnym przekazem emocjonalnym i autentyzmem historii celnie trafi\u0142 na gleb\u0119 epoki post \u201eKleru\u201d, epoki upowszechniaj\u0105cego si\u0119 przekonaniu o zepsutym Ko\u015bciele, sprawi\u0142, \u017ce owa antykatolicka machina ruszy\u0142a z ca\u0142ym impetem.<\/p>\r\n<p>\u201ePedofilia w Ko\u015bciele\u201d &#8211; ta zbitka, za spraw\u0105 popularno\u015bci filmu Sekielskich, upowszechni\u0142a si\u0119 na dobre. I rozbudzi\u0142a emocje, kt\u00f3r\u0105 szybko postanowili zagospodarowa\u0107 politycy. Wykorzystali oni cynicznie zar\u00f3wno cierpienie ofiar jak i grzechy ludzi Ko\u015bcio\u0142a &#8211; a przecie\u017c stanowi\u0105 one rany w sercu ca\u0142ej Wsp\u00f3lnoty &#8211; w najbardziej brutalny spos\u00f3b. W takich sytuacjach, i tego trzeba by\u0107 \u015bwiadomym, wystarczy iskra, by rozbucha\u0107 z\u0142e nastroje, wzbudzi\u0107 nienawi\u015b\u0107 projektowan\u0105 na wszystkich kap\u0142an\u00f3w czy katolik\u00f3w. Dowodem tego atak na Bogu ducha winnych kleryk\u00f3w, spaceruj\u0105cych alejkami krakowskich Plant. Politycy podj\u0119li temat grzech\u00f3w niekt\u00f3rych ksi\u0119\u017cy z w\u0142a\u015bciw\u0105 sobie zaciek\u0142o\u015bci\u0105, przerzucaj\u0105c si\u0119 win\u0105 za stan rzeczy, ujawniony w \u201eTylko nie m\u00f3w nikomu\u201d.<\/p>\r\n<p>By\u0107 mo\u017ce to przypadek, \u017ce w\u0142a\u015bnie po wrzuceniu tego obrazu na YouTube, PiS odnotowa\u0142 spadek w sonda\u017cach. Ale przecie\u017c kampania rozp\u0119tana przeciwko Ko\u015bcio\u0142owi, maj\u0105ca tak\u017ce celowa\u0107 w blisk\u0105 niekt\u00f3rym biskupom parti\u0119 Kaczy\u0144skiego, wybrzmiewa\u0142a nie tylko na partyjnych konwentyklach Koalicji Europejskiej, Lewicy Razem czy Wiosny, ale tak\u017ce wyziera\u0142a z ok\u0142adek \u201eGazety Wyborczej\u201d, \u201eNewsweeka\u201d, \u201ePolityki\u201d czy z program\u00f3w informacyjnych TVN.<\/p>\r\n<p>Owszem, powie kto\u015b, laicyzacja w Polsce nie jest kwesti\u0105 ostatnich tygodni czy miesi\u0119cy. Kto uwa\u017cnie s\u0142ucha\u0142 i bacznie si\u0119 przygl\u0105da\u0142, dostrzega\u0142 jej symptomy w kolejnych badaniach opinii publicznej na temat wiary, w chwilowym sukcesie antyklerykalnej partii Janusza Palikota, spadku powo\u0142a\u0144 czy coraz cz\u0119\u015bciej ziej\u0105cych pustk\u0105 ko\u015bcio\u0142ach. Jednak pierwszy raz w\u0142a\u015bnie w tegorocznej kampanii do europarlamentu, wulgarny antykatolicyzm sta\u0142 si\u0119 tematem spor\u00f3w, jedn\u0105 z g\u0142\u00f3wnych osi walki politycznej. Ta odwaga, z jak\u0105 liderzy walcz\u0105cy o centrum szermowali has\u0142ami antyko\u015bcielnymi, to najlepszy dow\u00f3d na to, \u017ce co\u015b nieodwracalnie si\u0119 zmieni\u0142o, co\u015b przyspieszy\u0142o. I nic ju\u017c nie b\u0119dzie takie samo.<\/p>\r\n<p><em><strong>Zej\u015b\u0107 na ziemi\u0119<\/strong><\/em><\/p>\r\n<p>Je\u015bli przypomnie\u0107 sobie chocia\u017cby sukces nies\u0142awnego Palikota, to warto pami\u0119ta\u0107, \u017ce wjecha\u0142 on do sejmu na grzbiecie kolejnych skandali. Pisali\u015bmy wtedy o trupie dziwol\u0105g\u00f3w, kt\u00f3rych wprowadza\u0142 do parlamentu, o marginesie spo\u0142ecznym, kt\u00f3rego mroczne elementy Palikot podni\u00f3s\u0142 do rangi pos\u0142\u00f3w. A jednak, dzisiaj ju\u017c w twarzach arbitr\u00f3w elegancji takich, jak Leszek Ja\u017cd\u017cewski, Robert Biedro\u0144, Donald Tusk czy Grzegorz Schetyna, dostrzegamy te same demony, kt\u00f3re wrzasn\u0119\u0142y z rado\u015bci\u0105, gdy w \u0142awach poselskich zasiad\u0142 Roman Kotli\u0144ski.<\/p>\r\n<p>I, naturalnie, \u0142atwo zaoponowa\u0107, \u017ce przecie\u017c dwa filmy nie mog\u0105 zmieni\u0107 obrazu polskiego spo\u0142ecze\u0144stwa ani tym bardziej kszta\u0142tu sceny politycznej. Tyle, \u017ce przegapili\u015bmy jedno: to spo\u0142ecze\u0144stwo zmienia si\u0119 od dawna i w\u0142a\u015bnie dlatego te filmy dokona\u0142y swojego dzie\u0142a. Je\u015bli kto\u015b \u017cy\u0142 lub \u017cyje jeszcze miazmatami istnienia ogromnej rzeszy \u201em\u0142odych-konserwatywnych\u201d czy pokolenia JPII &#8211; pora, by zszed\u0142 wreszcie na ziemi\u0119. I zacz\u0105\u0142 po niej twardo st\u0105pa\u0107. Polska zmienia si\u0119 nieodwracalnie. I zwyci\u0119stwo Zjednoczonej Prawicy niewiele tutaj zmienia. Wszak si\u0142y antyklerykalnej lewicy zyska\u0142y poklask mi\u0119dzy innymi za spraw\u0105 swojej twardej, antyko\u015bcielnej retoryki.<\/p>\r\n<p>Za eksplozj\u0119 ka\u017cdej rewolucji odpowiada jeden, pozornie nic nie znacz\u0105cy wobec jej prawdziwych przyczyn, punkt zapalny. Sukces frekwencyjny \u201eKleru\u201d i kilkudziesi\u0119ciomilionowa liczba wy\u015bwietle\u0144 filmu braci Sekielskich, to wydarzenia, kt\u00f3re podpali\u0142y lont. Gdyby Polska by\u0142a katolicka, zapewne \u201eTylko nie m\u00f3w nikomu\u201d ogl\u0105dane by\u0142oby r\u00f3wnie ch\u0119tnie, ale stanowi\u0142oby wezwanie do pokuty oraz reformy Ko\u015bcio\u0142a. Sekularyzuj\u0105ca si\u0119 Polska zareagowa\u0142a inaczej: eksplozj\u0105 poparcia dla radykalnych postulat\u00f3w Koalicji Europejskiej i Wiosny Biedronia.<\/p>\r\n<p><em><strong>Wulgaryzm, a nie O\u015bwiecenie<\/strong><\/em><\/p>\r\n<p>Kolejne komentarze lewicowych publicyst\u00f3w po filmie \u201eTylko nie m\u00f3w nikomu\u201d, przypomnijmy, pe\u0142ne by\u0142y entuzjazmu wobec nadchodz\u0105cego rzekomo do Polski O\u015bwiecenia, kt\u00f3rego nigdy podobno w naszym kraju nie by\u0142o. Z ca\u0142ym szacunkiem, ale festiwal wrogich wobec Ko\u015bcio\u0142a komentarzy, postulat\u00f3w powszechnego dost\u0119pu do aborcji, legalizacji homozwi\u0105zk\u00f3w czy adopcji dzieci przez pary homoseksualne, nie jest nawet marn\u0105 podr\u00f3bk\u0105 O\u015bwiecenia, lecz ponur\u0105 zapowiedzi\u0105 czas\u00f3w mroku, barbarzy\u0144stwa, rz\u0105d\u00f3w mot\u0142ochu dewastuj\u0105cego wszelki \u0142ad i porz\u0105dek.<\/p>\r\n<p>O\u015bwiecenie pozostawia\u0142o wsp\u00f3\u0142czesnym obietnic\u0119 czego\u015b nowego, obietnic\u0119 lepszego \u015bwiata. Nie brakowa\u0142o zreszt\u0105 po\u015br\u00f3d nawet ateistycznych koryfeuszy tamtej epoki szacunku dla tego, co \u015bwi\u0119te. Czy naprawd\u0119 ktokolwiek wierzy, \u017ce Biedro\u0144 lub Schetyna czytaj\u0105 Kanta lub rozwa\u017caj\u0105 czy koncepcje Rousseau przyjm\u0105 si\u0119 u urosn\u0105 na polskiej glebie?<\/p>\r\n<p>Przyw\u00f3dcy rewolucji, kt\u00f3ra nadchodzi nad Wis\u0142\u0119, sk\u0142adaj\u0105 nam przede wszystkim obietnic\u0119 wielkiego zniszczenia. Zap\u0142on\u0105 nasze domy, ko\u015bcio\u0142y, szko\u0142y i miejsca pracy. A zostan\u0105 tylko zgliszcza. Czy obietnica tych zgliszczy jest tak bardzo atrakcyjna dla wsp\u00f3\u0142czesnych Polak\u00f3w? Je\u015bli tak, to kim w takim razie jeste\u015bmy?<\/p>\r\n<p><em><strong>Tomasz Figura<\/strong><\/em><\/p>\r\n<p class=\"zrodlo\">Za: <a href=\"https:\/\/www.pch24.pl\/eurowybory-i-atak-na-kosciol--czy-jeszcze-bedzie-jak-kiedys-,68537,i.html\">PoloniaChristiana &#8211; pch24.pl (2019-05-26)<\/a><\/p>\r\n<h4>&nbsp;<\/h4>\r\n<hr style=\"background-color: #000000; border-width: 0; color: #000000; height: 2px; line-height: 0; text-align: center; width: 100%;\">\r\n<h4>&nbsp;<\/h4>\r\n<h2>6,1 proc. mimo licznych przeszk\u00f3d. Konfederacja wprowadzi do PE swoich pos\u0142\u00f3w<\/h2>\r\n<p><strong>W wyborach do Parlamentu Europejskiego &#8211; wedle sonda\u017cowych wynik\u00f3w &#8211; Konfederacja uzyska\u0142a 6,1 proc. g\u0142os\u00f3w wyborc\u00f3w. To prawdopodobnie pozwoli na wprowadzenie do europarlamentu trzech pos\u0142\u00f3w.<\/strong><\/p>\r\n<p>Konfederacja odczyta\u0142a sw\u00f3j wynik wyborczy jako sukces, wskazuj\u0105c na liczne problemy, jakie politycy tego ugrupowania napotykali w czasie kampanii wyborczej. To m.in. liczne oskar\u017cenia oraz pomijanie w mediach g\u0142\u00f3wnego nurtu.<\/p>\r\n<p>\u201e6,1 proc dla #Konfederacja w wyborach do Parlamentu Europejskiego. Atakowani zmasowan\u0105 propagand\u0105 i fal\u0105 oszczerstw, ale wsp\u00f3lnymi si\u0142ami dali\u015bmy rad\u0119! To dopiero pocz\u0105tek, pierwszy krok, kolejny b\u0119dzie podczas jesiennych wybor\u00f3w. Dzi\u0119kujemy wszystkim za g\u0142osy i wspania\u0142e wsparcie! Nie zawiedziemy Was, idziemy razem jako wielka koalicja propolska! #Dru\u017cynaKonfederacji\u201d &#8211; podkre\u015blono.<\/p>\r\n<p>&#8211; <em>Nasz sukces wida\u0107 po naszych znajomych, po naszych rodzinach i przyjacio\u0142ach i na ulicach, podczas spotka\u0144 z Polakami. W sonda\u017ce mo\u017cemy nie wierzy\u0107, ale my to widzimy w Polsce, widzimy, \u017ce spo\u0142ecze\u0144stwo uwierzy\u0142o w realizacj\u0119 idei prawicowej, idei konserwatywno-liberalnej, idei narodowej<\/em> &#8211; m\u00f3wi\u0142 Jakub Kulesza (KORWiN) podczas wieczoru wyborczego w Warszawie. Pose\u0142 prosi\u0142 dzia\u0142aczy i sympatyk\u00f3w Konfederacji, by dzisiaj \u015bwi\u0119towali, ale \u201eod jutra wzi\u0119li si\u0119 do jeszcze ci\u0119\u017cszej pracy\u201d, kt\u00f3ra doprowadzi \u201edo zmiany w Polsce, kt\u00f3re nast\u0105pi\u0105 ju\u017c tej jesieni\u201d.<\/p>\r\n<p><em>Dzi\u0119kuj\u0119 Wam wszystkim za poparcie! Przebili\u015bmy szklany sufit, popar\u0142o nas oko\u0142o 800 tys. Polak\u00f3w &#8211; na jesieni b\u0119dzie wi\u0119cej! Mimo, propagandy od prawa do lewa, mimo urabaniady medi\u00f3w publicznych i prywatnych &#8211; wy\u015blemy do Brukseli ludzi, kt\u00f3rzy b\u0119d\u0105 walczy\u0107 o Niepodleg\u0142o\u015b\u0107!<\/em> &#8211; napisa\u0142 na Facebooku Rober Winnicki z Ruchu Narodowego.<\/p>\r\n<p>https:\/\/twitter.com\/GodekKaja\/status\/1132724811820609536<\/p>\r\n<p>Z kolei Krzysztof Bosak oceni\u0142, \u017ce uzyskany wynik jest \u015bwietny i doda\u0142, \u017ce \u201ew\u0142a\u015bnie ukszta\u0142towa\u0142 si\u0119 w Polsce system czteropartyjny, w kt\u00f3rym Konfederacja jest g\u0142\u00f3wnym punktem odniesienia na ideowej prawicy\u201d.<\/p>\r\n<p>Wedle sonda\u017cy na mandat europos\u0142a mo\u017ce liczy\u0107 Jacek Wilk. Szans\u0119 na obj\u0119cie mandatu ma te\u017c Konrad Berkowicz. Czekamy na dalsze informacje.<\/p>\r\n<p>MA<\/p>\r\n<p class=\"zrodlo\">Za: <a href=\"https:\/\/www.pch24.pl\/6-1-proc--mimo-licznych-przeszkod--konfederacja-wprowadzi-do-pe-swoich-poslow,68536,i.html\">PoloniaChristiana &#8211; pch24.pl (2019-05-26)<\/a><\/p>\r\n<h4>&nbsp;<\/h4>\r\n<hr style=\"background-color: #000000; border-width: 0; color: #000000; height: 2px; line-height: 0; text-align: center; width: 100%;\">\r\n<h4>&nbsp;<\/h4>\r\n<h2>Grzegorz Braun ostro po sukcesie Konfederacji. \u201eTo my wywo\u0142ali\u015bmy do tablicy grup\u0119 trzymaj\u0105c\u0105 w\u0142adz\u0119 w Warszawie\u201d<\/h2>\r\n<p><strong>Konfederacja KORWiN Braun Liroy Narodowcy osi\u0105gn\u0119\u0142a bardzo dobry wynik w wyborach do Parlamentu Europejskiego. Wed\u0142ug wst\u0119pnych wynik\u00f3w exit poll przygotowanych przez IPSOS \u015brodowiska antyunijne uzyska\u0142y poparcie na poziomie 6,1 procent.<\/strong><\/p>\r\n<p>Je\u015bli wyniki exit poll si\u0119 potwierdz\u0105, Konfederacj\u0119 w europarlamencie b\u0119dzie reprezentowa\u0107 3 pos\u0142\u00f3w. Sukces jest tym wi\u0119kszy, \u017ce frekwencja wynios\u0142a a\u017c 43%, a wiadomo, \u017ce im wy\u017csza, tym bardziej sprzyja duopolowi POPiS.<\/p>\r\n<p>Na wieczorze wyborczym Konfederacji wyniki skomentowa\u0142 jeden z jej lider\u00f3w Grzegorz Braun.<\/p>\r\n<p>&#8211; <em>Koniec z przes\u0105dem zmarnowanego g\u0142osu. Jaka to dobra okoliczno\u015b\u0107, \u017ce mo\u017cemy gratulowa\u0107 zwyci\u0119stwa pisiorom, gdy\u017c nikt ju\u017c nie b\u0119dzie m\u00f3g\u0142 nam zarzuca\u0107, \u017ce podbieramy im g\u0142osy <\/em>&#8211; rozpocz\u0105\u0142 Braun.<\/p>\r\n<p>&#8211; <em>To my wywo\u0142ali\u015bmy do tablicy grup\u0119 trzymaj\u0105c\u0105 w\u0142adz\u0119 w Warszawie. Po latach udawania, \u017ce nie ma takiego tematu, zacz\u0119li wreszcie puszcza\u0107 b\u0105ble nosem roszcze\u0144 \u017cydowskim<\/em> &#8211; dodawa\u0142.<\/p>\r\n<p>&#8211; <em>Oto gor\u0105czkowo wrzucono do kampanii agend\u0119 LGBT. To pojawi\u0142o si\u0119 po tym, jak my weszli\u015bmy na t\u0119 scen\u0119. Szanowne, drogie, kochane pisiory. Mam nadziej\u0119, \u017ce ju\u017c jesieni\u0105 oddacie g\u0142osy na Konfederacj\u0119. Witam obozy Gazety Polskiej, witam ludzi od Kukiza, cieszymy si\u0119, \u017ce mo\u017cemy was przytuli\u0107 i mam nadziej\u0119, \u017ce jesieni\u0105 ju\u017c p\u00f3jdziemy razem<\/em> &#8211; podkre\u015bla\u0142.<\/p>\r\n<p>&#8211; <em>Konfederacja nie jest projektem egoist\u00f3w. Nie jest to projekt zamkni\u0119ty, lecz otwarty na wszystkich polskich patriot\u00f3w. Wszyscy, kt\u00f3rzy broni\u0105 sprawy bezpiecze\u0144stwa, wiary, rodziny i suwerenno\u015bci, s\u0105 mile widziani w szeregach Konfederacji. Zapraszamy!<\/em> &#8211; zako\u0144czy\u0142 Grzegorz Braun.<\/p>\r\n<p class=\"zrodlo\">Za: <a href=\"https:\/\/nczas.com\/2019\/05\/26\/grzegorz-braun-ostro-po-sukcesie-konfederacji-to-my-wywolalismy-do-tablicy-grupe-trzymajaca-wladze-w-warszawie\/\">Najwy\u017cszy Czas! (26\/05\/2019)<\/a><\/p>\r\n<h4>&nbsp;<\/h4>\r\n<hr style=\"background-color: #000000; border-width: 0; color: #000000; height: 2px; line-height: 0; text-align: center; width: 100%;\">\r\n<h4>&nbsp;<\/h4>","protected":false},"excerpt":{"rendered":"Sukces wyborczy ugrupowa\u0144, kt\u00f3re w ostatnich tygodniach prze\u015bciga\u0142y si\u0119 w nienawi\u015bci do Ko\u015bcio\u0142a, \u017cycia ludzkiego i rodziny, ka\u017ce nam dzisiaj postawi\u0107 pytanie: kim jeste\u015bmy my, Polacy, \u017ce dajemy si\u0119 porwa\u0107 obietnicy zniszczenia tego, co stanowi najwi\u0119ksz\u0105 warto\u015b\u0107? Na pewno znacie Pa\u0144stwo to uczucie, gdy dochodzi do niespodziewanego zdarzenia, po kt\u00f3rym dotychczasowe \u017cycie zmienia si\u0119 diametralnie. [&hellip;]","protected":false},"author":1,"featured_media":0,"comment_status":"closed","ping_status":"closed","sticky":false,"template":"","format":"standard","meta":{"_acf_changed":false,"_monsterinsights_skip_tracking":false,"_monsterinsights_sitenote_active":false,"_monsterinsights_sitenote_note":"","_monsterinsights_sitenote_category":0,"ngg_post_thumbnail":0,"footnotes":"","_wp_rev_ctl_limit":""},"categories":[8],"tags":[132,23,98],"acf":[],"_links":{"self":[{"href":"https:\/\/www.bibula.com\/index.php?rest_route=\/wp\/v2\/posts\/108079"}],"collection":[{"href":"https:\/\/www.bibula.com\/index.php?rest_route=\/wp\/v2\/posts"}],"about":[{"href":"https:\/\/www.bibula.com\/index.php?rest_route=\/wp\/v2\/types\/post"}],"author":[{"embeddable":true,"href":"https:\/\/www.bibula.com\/index.php?rest_route=\/wp\/v2\/users\/1"}],"replies":[{"embeddable":true,"href":"https:\/\/www.bibula.com\/index.php?rest_route=%2Fwp%2Fv2%2Fcomments&post=108079"}],"version-history":[{"count":1,"href":"https:\/\/www.bibula.com\/index.php?rest_route=\/wp\/v2\/posts\/108079\/revisions"}],"predecessor-version":[{"id":123968,"href":"https:\/\/www.bibula.com\/index.php?rest_route=\/wp\/v2\/posts\/108079\/revisions\/123968"}],"wp:attachment":[{"href":"https:\/\/www.bibula.com\/index.php?rest_route=%2Fwp%2Fv2%2Fmedia&parent=108079"}],"wp:term":[{"taxonomy":"category","embeddable":true,"href":"https:\/\/www.bibula.com\/index.php?rest_route=%2Fwp%2Fv2%2Fcategories&post=108079"},{"taxonomy":"post_tag","embeddable":true,"href":"https:\/\/www.bibula.com\/index.php?rest_route=%2Fwp%2Fv2%2Ftags&post=108079"}],"curies":[{"name":"wp","href":"https:\/\/api.w.org\/{rel}","templated":true}]}}