{"id":108034,"date":"2019-05-21T11:42:05","date_gmt":"2019-05-21T15:42:05","guid":{"rendered":"http:\/\/www.bibula.com\/?p=108034"},"modified":"2019-05-24T12:56:59","modified_gmt":"2019-05-24T16:56:59","slug":"wspolny-komunikat-bp-wita-huondera-i-ks-dawida-pagliaraniego-fsspx","status":"publish","type":"post","link":"https:\/\/www.bibula.com\/?p=108034","title":{"rendered":"Wsp\u00f3lny komunikat bp. Wita Huondera i ks. Dawida Pagliaraniego FSSPX"},"content":{"rendered":"<p>W poniedzia\u0142ek 20 maja 2019 r. papie\u017c Franciszek zwolni\u0142 bp. Wita (Vitusa) Huondera z obowi\u0105zk\u00f3w ordynariusza Coire w Szwajcarii, mianuj\u0105c w jego miejsce tymczasowego administratora tej diecezji.<\/p>\r\n<p>Zgodnie z wyra\u017can\u0105 od d\u0142u\u017cszego czasu wol\u0105, na miejsce swojej emerytury bp Huonder obra\u0142 jeden z dom\u00f3w Bractwa Kap\u0142a\u0144skiego \u015aw. Piusa X. Jedynym celem tej decyzji jest oddanie si\u0119 modlitwie i \u017cyciu w ciszy, sprawowanie wy\u0142\u0105cznie tradycyjnej Mszy \u015bw. oraz dzia\u0142anie na rzecz Tradycji katolickiej, jedynego \u015brodka odnowy Ko\u015bcio\u0142a.<\/p>\r\n<p>Bractwo \u015aw. Piusa X docenia odwa\u017cn\u0105 decyzj\u0119 bp. Huondera i cieszy si\u0119, \u017ce mo\u017ce ofiarowa\u0107 mu otoczenie duchowe i kap\u0142a\u0144skie, kt\u00f3rego tak bardzo pragnie. Oby inni mogli p\u00f3j\u015b\u0107 za tym przyk\u0142adem, aby \u201ewszystko odnowi\u0107 w Chrystusie\u201d.<\/p>\r\n<p>20 maja 2019<\/p>\r\n<p>bp Wit Huonder<br>\r\nemerytowany biskup Coire<\/p>\r\n<p>ks. Dawid Pagliarani FSSPX<br>\r\nprze\u0142o\u017cony generalny Bractwa \u015aw. Piusa X<\/p>\r\n<p>&nbsp;<\/p>\r\n<p><strong>\u0179r\u00f3d\u0142o<\/strong><\/p>\r\n<ul>\r\n\t<li><a href=\"https:\/\/fsspx.news\/fr\/news-events\/news\/communique-conjoint-47932\" rel=\"external noopener noreferrer\" data-wpel-link=\"external\" data-slimstat=\"5\">Communiqu\u00c3\u00a9 conjoint de Mgr Huonder et de M. l\u2019abb\u00c3\u00a9 Pagliarani<\/a><\/li>\r\n<\/ul>\r\n<p>&nbsp;<\/p>\r\n<p><img fetchpriority=\"high\" decoding=\"async\" class=\"aligncenter\" src=\"https:\/\/news.fsspx.pl\/wp-content\/uploads\/Coire-1.jpg\" width=\"597\" height=\"336\"><\/p>\r\n<p style=\"text-align: center;\"><em>Katedra w Coire<\/em><\/p>\r\n<p>&nbsp;<\/p>","protected":false},"excerpt":{"rendered":"W poniedzia\u0142ek 20 maja 2019 r. papie\u017c Franciszek zwolni\u0142 bp. Wita (Vitusa) Huondera z obowi\u0105zk\u00f3w ordynariusza Coire w Szwajcarii, mianuj\u0105c w jego miejsce tymczasowego administratora tej diecezji. Zgodnie z wyra\u017can\u0105 od d\u0142u\u017cszego czasu wol\u0105, na miejsce swojej emerytury bp Huonder obra\u0142 jeden z dom\u00f3w Bractwa Kap\u0142a\u0144skiego \u015aw. Piusa X. Jedynym celem tej decyzji jest oddanie [&hellip;]","protected":false},"author":1,"featured_media":0,"comment_status":"closed","ping_status":"closed","sticky":false,"template":"","format":"standard","meta":{"_acf_changed":false,"_monsterinsights_skip_tracking":false,"_monsterinsights_sitenote_active":false,"_monsterinsights_sitenote_note":"","_monsterinsights_sitenote_category":0,"ngg_post_thumbnail":0,"footnotes":"","_wp_rev_ctl_limit":""},"categories":[3],"tags":[119,32,24],"acf":[],"_links":{"self":[{"href":"https:\/\/www.bibula.com\/index.php?rest_route=\/wp\/v2\/posts\/108034"}],"collection":[{"href":"https:\/\/www.bibula.com\/index.php?rest_route=\/wp\/v2\/posts"}],"about":[{"href":"https:\/\/www.bibula.com\/index.php?rest_route=\/wp\/v2\/types\/post"}],"author":[{"embeddable":true,"href":"https:\/\/www.bibula.com\/index.php?rest_route=\/wp\/v2\/users\/1"}],"replies":[{"embeddable":true,"href":"https:\/\/www.bibula.com\/index.php?rest_route=%2Fwp%2Fv2%2Fcomments&post=108034"}],"version-history":[{"count":0,"href":"https:\/\/www.bibula.com\/index.php?rest_route=\/wp\/v2\/posts\/108034\/revisions"}],"wp:attachment":[{"href":"https:\/\/www.bibula.com\/index.php?rest_route=%2Fwp%2Fv2%2Fmedia&parent=108034"}],"wp:term":[{"taxonomy":"category","embeddable":true,"href":"https:\/\/www.bibula.com\/index.php?rest_route=%2Fwp%2Fv2%2Fcategories&post=108034"},{"taxonomy":"post_tag","embeddable":true,"href":"https:\/\/www.bibula.com\/index.php?rest_route=%2Fwp%2Fv2%2Ftags&post=108034"}],"curies":[{"name":"wp","href":"https:\/\/api.w.org\/{rel}","templated":true}]}}