{"id":108010,"date":"2019-05-20T14:01:04","date_gmt":"2019-05-20T18:01:04","guid":{"rendered":"http:\/\/www.bibula.com\/?p=108010"},"modified":"2021-03-29T15:45:29","modified_gmt":"2021-03-29T19:45:29","slug":"druga-irlandia-nad-wisla-polski-kosciele-nie-idz-ta-droga-wywiad","status":"publish","type":"post","link":"https:\/\/www.bibula.com\/?p=108010","title":{"rendered":"Druga Irlandia nad Wis\u0142\u0105? Polski Ko\u015bciele, nie id\u017a t\u0105 drog\u0105! [WYWIAD]"},"content":{"rendered":"<p><em><strong>W Irlandii mieli\u015bmy powa\u017cne trudno\u015bci z subkultur\u0105 homoseksualn\u0105. Powoduje ona wielkie problemy. Gdy dzia\u0142a w seminarium duchownym, przyci\u0105ga coraz wi\u0119cej homoseksualist\u00f3w. Staj\u0105 si\u0119 oni niezwykle wp\u0142ywowi i zaczynaj\u0105 prze\u015bladowa\u0107 prawowiernych seminarzyst\u00f3w &#8211; m\u00f3wi w rozmowie z PCh24.pl, Anthony Murphy, redaktor irlandzkiego dwutygodnika \u201eCatholic Voice\u201d oraz za\u0142o\u017cyciel Instytutu Lumen Fidei.<\/strong><strong>&nbsp;<\/strong><\/em><\/p>\r\n<p><strong>Przez media w Polsce przetacza si\u0119 ogromna dyskusja dotycz\u0105ca ujawnionych przypadk\u00f3w nadu\u017cy\u0107 seksualnych pope\u0142nianych przez osoby duchowne. Jak Pana zdaniem powinni\u015bmy, jako katolicy patrze\u0107 na tego typu doniesienia?<\/strong><\/p>\r\n<p>Skandal nadu\u017cy\u0107 seksualnych to, oczywi\u015bcie, ogromne z\u0142o. Musimy okaza\u0107 solidarno\u015b\u0107 z tymi, kt\u00f3rzy ucierpieli z jego powodu. Nie mo\u017cemy jednak pozwoli\u0107 na to, by Ko\u015bci\u00f3\u0142 sta\u0142 si\u0119 koz\u0142em ofiarnym czy jedyn\u0105 atakowan\u0105 instytucj\u0105. Ten problem jest w ka\u017cdej organizacji, w ca\u0142ym spo\u0142ecze\u0144stwie! Ka\u017cdy, nie tylko Ko\u015bci\u00f3\u0142, musi by\u0107 \u015bwiadom tego grzechu i mu si\u0119 przeciwstawia\u0107.<strong>&nbsp;<\/strong><\/p>\r\n<p><strong>Te same \u015brodowiska, kt\u00f3re tak ch\u0119tnie uderzaj\u0105 w Ko\u015bci\u00f3\u0142, milcz\u0105 o homoseksualnym tle wi\u0119kszo\u015bci nadu\u017cy\u0107. Mo\u017cna odnie\u015b\u0107 wra\u017cenie, \u017ce tak\u017ce hierarchowie niech\u0119tnie zwracaj\u0105 uwag\u0119 na ten aspekt. <\/strong><\/p>\r\n<p>Gdy idzie o sam Ko\u015bci\u00f3\u0142, to problem dotyczy homoseksualnego duchowie\u0144stwa. Jest niezwykle wa\u017cne, by Ko\u015bci\u00f3\u0142 u\u015bwiadomi\u0142 sobie problem homoseksualizacji kleru. Trzeba dzia\u0142a\u0107 w celu usuni\u0119cia z Ko\u015bcio\u0142a tej dekadencji i &#8211; jak to uj\u0105\u0142 papie\u017c Benedykt &#8211; tego brudu. Ci ksi\u0119\u017ca, kt\u00f3rzy maj\u0105 sk\u0142onno\u015bci homoseksualne, powinni by\u0107 usuwani ze stanu kap\u0142a\u0144skiego. Trzeba im ponadto pomaga\u0107 wie\u015b\u0107 w czysto\u015bci dobre, katolickie \u017cycie.<\/p>\r\n<p><strong>Prosz\u0119 podzieli\u0107 si\u0119 do\u015bwiadczeniami z Irlandii, gdzie problem nadu\u017cy\u0107 seksualnych pojawi\u0142 si\u0119 ju\u017c wcze\u015bniej. <\/strong><\/p>\r\n<p>Mieli\u015bmy powa\u017cne trudno\u015bci z subkultur\u0105 homoseksualn\u0105. Powoduje ona wielkie problemy. Gdy dzia\u0142a w seminarium duchownym, przyci\u0105ga coraz wi\u0119cej homoseksualist\u00f3w. Staj\u0105 si\u0119 oni niezwykle wp\u0142ywowi i zaczynaj\u0105 prze\u015bladowa\u0107 prawowiernych seminarzyst\u00f3w. Prowadzi to do wytworzenia toksycznego, truj\u0105cego \u015brodowiska. Sprawia, \u017ce formacja duchowa jest bardzo trudna. Homoseksualnemu ksi\u0119dzu jest niezwykle ci\u0119\u017cko g\u0142osi\u0107 nauczanie Ko\u015bcio\u0142a na temat ma\u0142\u017ce\u0144stwa i czysto\u015bci ze wzgl\u0119du na sk\u0142onno\u015bci, kt\u00f3re odczuwa. Co wi\u0119cej, jest mo\u017cliwe, \u017ce taki kap\u0142an b\u0119dzie szanta\u017cowany przez LGBT i lewic\u0119. To dla Ko\u015bcio\u0142a powa\u017cny problem. Musimy mu przeciwdzia\u0142a\u0107. Musimy prosi\u0107 biskup\u00f3w o czujno\u015b\u0107 i usuwanie homoseksualist\u00f3w z seminari\u00f3w.<\/p>\r\n<p><strong>\u015awieccy duchowni cz\u0119sto natrafiaj\u0105 na problemy \u201ekomunikacyjne\u201d kiedy chc\u0105 rozmawia\u0107 o trudnych sprawach ze swoimi pasterzami. W Irlandii mo\u017cna wr\u0119cz m\u00f3wi\u0107 o opuszczeniu wiernych zaanga\u017cowanych cho\u0107by w ruch <em>pro-life<\/em>?<\/strong><\/p>\r\n<p>Problem z Ko\u015bcio\u0142em w Irlandii jest taki, \u017ce biskupi i wielu duchownych wymy\u015blili nowe przykazanie. Brzmi ono: \u201enie powiniene\u015b obra\u017ca\u0107\u201d. Nie chc\u0105 podejmowa\u0107 kontrowersyjnych temat\u00f3w. Ksi\u0119\u017ca uwa\u017caj\u0105, \u017ce wyg\u0142aszanie mocnych homilii <em>pro-life<\/em> i g\u0142oszenie nauczania <em>pro-life<\/em> jest trudne. Mo\u017ce by\u0107 bowiem tak, \u017ce do ko\u015bcio\u0142a przyjd\u0105 osoby popieraj\u0105ce aborcj\u0119, a p\u00f3\u017aniej p\u00f3jd\u0105 na skarg\u0119 do biskupa. Ten powie ksi\u0119dzu, by nie by\u0142 kontrowersyjny, milcza\u0142 na ten temat i zostawi\u0142 to politykom. A przecie\u017c sprawa aborcji nie jest wy\u0142\u0105cznie polityczna. Aktywno\u015b\u0107 na rzecz <em>pro-life<\/em> ze strony polityk\u00f3w nazywaj\u0105cych si\u0119 katolikami czy w og\u00f3le chrze\u015bcijanami, jest bardzo istotna. Ochrona \u017cycia ludzkiego jest jednak spraw\u0105 religijn\u0105. Ko\u015bci\u00f3\u0142 musi broni\u0107 \u017cycia. Na planie duchowym Ko\u015bci\u00f3\u0142 musi modli\u0107 si\u0119 do naszej Pani o interwencj\u0119, o obron\u0119 oraz formowa\u0107 sumienia wyborc\u00f3w. Ko\u015bci\u00f3\u0142 to miejsce, w kt\u00f3rym ludzie zbieraj\u0105 si\u0119 co niedziel\u0119 na Msz\u0119, tak\u017ce w tygodniu &#8211; st\u0105d jest naprawd\u0119 znakomit\u0105 przestrzeni\u0105, by edukowa\u0107 wyborc\u00f3w w kwestii stanowiska w obronie ludzkiego \u017cycia. To, \u017ce Ko\u015bci\u00f3\u0142 g\u0142osi takie przes\u0142anie, jest absolutnie fundamentalne. Jak m\u00f3wi\u0142 wielokrotnie Jan Pawe\u0142 II, musimy broni\u0107 \u017cycia ludzkiego, broni\u0107 nienarodzonych, kt\u00f3rzy nie maj\u0105 g\u0142osu. Ko\u015bci\u00f3\u0142 musi by\u0107 g\u0142osem nienarodzonych.<\/p>\r\n<p><strong>Referenda, w kt\u00f3rych Irlandczycy zag\u0142osowali za aborcj\u0105 oraz wsparli postulaty \u201edyktatury lgbt +\u201d, chyba ostatecznie pokaza\u0142y, \u017ce \u201ekatolicka Irlandia\u201d to ju\u017c tylko wspomnienie\u2026 Co bolesne, kolejne etapy rewolucji dokonuj\u0105 si\u0119 na Zielonej Wyspie bez wyra\u017anego g\u0142osu sprzeciwu Ko\u015bcio\u0142a.<\/strong><\/p>\r\n<p>Kraj mo\u017ce by\u0107 katolicki tylko w\u00f3wczas, gdy kieruje si\u0119 katolickimi warto\u015bciami i Dziesi\u0119cioma Przykazaniami. Pami\u0119tajmy, \u017ce wi\u0119kszo\u015b\u0107 z tych ludzi, kt\u00f3rzy w Irlandii g\u0142osowali za aborcj\u0105, to katolicy, chodz\u0105cy na Msz\u0119. Ko\u015bci\u00f3\u0142 uciek\u0142 na peryferia, przesta\u0142 naucza\u0107 i katechizowa\u0107, formowa\u0107 ludzi. Wielu z tych, kt\u00f3rzy chodz\u0105 dzi\u015b w Irlandii na Msz\u0119, uwa\u017ca, \u017ce g\u0142osowanie za \u201ema\u0142\u017ce\u0144stwami\u201d homoseksualnymi czy za aborcj\u0105 jest w porz\u0105dku. Mog\u0105 ca\u0142y czas by\u0107 cz\u0142onkami Ko\u015bcio\u0142a, chodzi\u0107 do Komunii \u015bwi\u0119tej! To efekt milczenia biskup\u00f3w. Musimy powiedzie\u0107 to bardzo jasno: milczenie biskup\u00f3w jest tym samym, co wsp\u00f3\u0142praca z politykami popieraj\u0105cymi aborcj\u0119. Biskupi nie pouczaj\u0105, nie koryguj\u0105 tych, kt\u00f3rzy s\u0105 proaborcyjni lub opowiadaj\u0105 si\u0119 za \u201ema\u0142\u017ce\u0144stwami\u201d jednop\u0142ciowymi. Ko\u015bci\u00f3\u0142 musi by\u0107 tymczasem kompasem moralnym dla spo\u0142ecze\u0144stwa. Niekt\u00f3rzy ludzie m\u00f3wi\u0105, \u017ce by\u0142 w przesz\u0142o\u015bci zbyt wp\u0142ywowy, \u017ce zaszkodzi\u0142y mu skandale. To tylko preteksty, by nic nie robi\u0107. Wszyscy jeste\u015bmy grzesznikami, tak\u017ce duchowni. Nie jest to jednak \u017cadna wym\u00f3wka, by wycofa\u0107 si\u0119 ze spo\u0142ecze\u0144stwa i przej\u015b\u0107 w stan hibernacji. Musimy by\u0107 aktywni, musimy walczy\u0107 za Chrystusa, broni\u0107 w naszym spo\u0142ecze\u0144stwie chrze\u015bcija\u0144skich warto\u015bci.<\/p>\r\n<p><em><strong>Rozmawia\u0142 \u0141ukasz Karpiel<\/strong><\/em><\/p>","protected":false},"excerpt":{"rendered":"W Irlandii mieli\u015bmy powa\u017cne trudno\u015bci z subkultur\u0105 homoseksualn\u0105. Powoduje ona wielkie problemy. Gdy dzia\u0142a w seminarium duchownym, przyci\u0105ga coraz wi\u0119cej homoseksualist\u00f3w. Staj\u0105 si\u0119 oni niezwykle wp\u0142ywowi i zaczynaj\u0105 prze\u015bladowa\u0107 prawowiernych seminarzyst\u00f3w &#8211; m\u00f3wi w rozmowie z PCh24.pl, Anthony Murphy, redaktor irlandzkiego dwutygodnika \u201eCatholic Voice\u201d oraz za\u0142o\u017cyciel Instytutu Lumen Fidei.&nbsp; Przez media w Polsce przetacza si\u0119 [&hellip;]","protected":false},"author":1,"featured_media":0,"comment_status":"closed","ping_status":"closed","sticky":false,"template":"","format":"standard","meta":{"_acf_changed":false,"_monsterinsights_skip_tracking":false,"ngg_post_thumbnail":0,"footnotes":"","_wp_rev_ctl_limit":""},"categories":[3],"tags":[132,26,237,33],"acf":[],"_links":{"self":[{"href":"https:\/\/www.bibula.com\/index.php?rest_route=\/wp\/v2\/posts\/108010"}],"collection":[{"href":"https:\/\/www.bibula.com\/index.php?rest_route=\/wp\/v2\/posts"}],"about":[{"href":"https:\/\/www.bibula.com\/index.php?rest_route=\/wp\/v2\/types\/post"}],"author":[{"embeddable":true,"href":"https:\/\/www.bibula.com\/index.php?rest_route=\/wp\/v2\/users\/1"}],"replies":[{"embeddable":true,"href":"https:\/\/www.bibula.com\/index.php?rest_route=%2Fwp%2Fv2%2Fcomments&post=108010"}],"version-history":[{"count":1,"href":"https:\/\/www.bibula.com\/index.php?rest_route=\/wp\/v2\/posts\/108010\/revisions"}],"predecessor-version":[{"id":123967,"href":"https:\/\/www.bibula.com\/index.php?rest_route=\/wp\/v2\/posts\/108010\/revisions\/123967"}],"wp:attachment":[{"href":"https:\/\/www.bibula.com\/index.php?rest_route=%2Fwp%2Fv2%2Fmedia&parent=108010"}],"wp:term":[{"taxonomy":"category","embeddable":true,"href":"https:\/\/www.bibula.com\/index.php?rest_route=%2Fwp%2Fv2%2Fcategories&post=108010"},{"taxonomy":"post_tag","embeddable":true,"href":"https:\/\/www.bibula.com\/index.php?rest_route=%2Fwp%2Fv2%2Ftags&post=108010"}],"curies":[{"name":"wp","href":"https:\/\/api.w.org\/{rel}","templated":true}]}}