{"id":108,"date":"2006-02-22T00:00:00","date_gmt":"2006-02-22T00:00:00","guid":{"rendered":""},"modified":"-0001-11-30T00:00:00","modified_gmt":"-0001-11-30T04:00:00","slug":"","status":"publish","type":"post","link":"https:\/\/www.bibula.com\/?p=108","title":{"rendered":"Rektor wiede\u0144skiej katedry b\u0142ogos\u0142awi pary homoseksualne"},"content":{"rendered":"<p>Ksi\u0105dz Anton Faber, rektor wiede\u0144skiej katedralnej parafii Stephansdom, pob\u0142ogos\u0142awi\u0142 14 lutego br. par\u0119 homoseksualn\u0105 w ceremonii dla &#8222;zakochanych ludzi&#8221;. W wywiadzie udzielonym tego samego dnia dla austriackiego dziennika <em>Die Presse<\/em>, ks. Faber wyzna\u0142, \u017ce jego intencj\u0105 by\u0142o udzielenie b\u0142ogos\u0142awie\u0144stw, &#8222;szczeg\u00f3lnie wszystkim parom, narzeczonym i ludziom kochaj\u0105cym si\u0119&#8221;. Zapytany o pary homoseksualne, ks. Faber powiedzia\u0142, \u017ce nie mia\u0142 intencji odmawiania nikogo, kto zwr\u00f3ci si\u0119 o to. Ksi\u0105dz Faber doda\u0142, i\u017c jego pogl\u0105dy &#8222;opieraj\u0105 si\u0119 na solidnym katolickim gruncie i s\u0105 w 100 procentach w zgodzie z dyrektywami Konferencji Biskup\u00f3w Austriackich.&#8221;\r\n<p>\r\n<p>KOMENTARZ <em>BIBU\u0141Y<\/em>: \r\n<p>Gdzie jest prze\u0142o\u017cony ks. Fabera &#8211; kardyna\u0142 Christoph  Sch&ouml;nborn? Milczenie kard.    Sch&ouml;nborna &#8211; przypomnijmy, by\u0142ego sekretarza Komisji wprowadzaj\u0105cej w 1992 roku zreformowany i zliberalizowany, r\u00f3wnie\u017c w spojrzeniu na homoseksualizm, Katechizm Ko\u015bciola Katolickiego &#8211; jest znamienne i m\u00f3wi samo za siebie. Warto doda\u0107, i\u017c nie kto inny tylko kard. Sch&ouml;nborna (lat 61) by\u0142 typowany na nast\u0119pc\u0119 Jana Paw\u0142a II. Z racji m\u0142odego wieku i swych liberalnych pogl\u0105d\u00f3w, jest ca\u0142y czas powa\u017cnym kandydatem. Kandydatem do totalnej destrukcji papiestwa.   \r\n<p>\r\n\r\n","protected":false},"excerpt":{"rendered":"Ksi\u0105dz Anton Faber, rektor wiede\u0144skiej katedralnej parafii Stephansdom, pob\u0142ogos\u0142awi\u0142 14 lutego br. par\u0119 homoseksualn\u0105 w ceremonii dla &#8222;zakochanych ludzi&#8221;. W wywiadzie udzielonym tego samego dnia dla austriackiego dziennika Die Presse, ks. Faber wyzna\u0142, \u017ce jego intencj\u0105 by\u0142o udzielenie b\u0142ogos\u0142awie\u0144stw, &#8222;szczeg\u00f3lnie wszystkim parom, narzeczonym i ludziom kochaj\u0105cym si\u0119&#8221;. Zapytany o pary homoseksualne, ks. Faber powiedzia\u0142, \u017ce [&hellip;]","protected":false},"author":1,"featured_media":0,"comment_status":"closed","ping_status":"open","sticky":false,"template":"","format":"standard","meta":{"_acf_changed":false,"_monsterinsights_skip_tracking":false,"_monsterinsights_sitenote_active":false,"_monsterinsights_sitenote_note":"","_monsterinsights_sitenote_category":0,"ngg_post_thumbnail":0,"footnotes":"","_wp_rev_ctl_limit":""},"categories":[3],"tags":[],"acf":[],"_links":{"self":[{"href":"https:\/\/www.bibula.com\/index.php?rest_route=\/wp\/v2\/posts\/108"}],"collection":[{"href":"https:\/\/www.bibula.com\/index.php?rest_route=\/wp\/v2\/posts"}],"about":[{"href":"https:\/\/www.bibula.com\/index.php?rest_route=\/wp\/v2\/types\/post"}],"author":[{"embeddable":true,"href":"https:\/\/www.bibula.com\/index.php?rest_route=\/wp\/v2\/users\/1"}],"replies":[{"embeddable":true,"href":"https:\/\/www.bibula.com\/index.php?rest_route=%2Fwp%2Fv2%2Fcomments&post=108"}],"version-history":[{"count":0,"href":"https:\/\/www.bibula.com\/index.php?rest_route=\/wp\/v2\/posts\/108\/revisions"}],"wp:attachment":[{"href":"https:\/\/www.bibula.com\/index.php?rest_route=%2Fwp%2Fv2%2Fmedia&parent=108"}],"wp:term":[{"taxonomy":"category","embeddable":true,"href":"https:\/\/www.bibula.com\/index.php?rest_route=%2Fwp%2Fv2%2Fcategories&post=108"},{"taxonomy":"post_tag","embeddable":true,"href":"https:\/\/www.bibula.com\/index.php?rest_route=%2Fwp%2Fv2%2Ftags&post=108"}],"curies":[{"name":"wp","href":"https:\/\/api.w.org\/{rel}","templated":true}]}}