{"id":107894,"date":"2019-05-13T13:03:45","date_gmt":"2019-05-13T17:03:45","guid":{"rendered":"http:\/\/www.bibula.com\/?p=107894"},"modified":"2021-03-29T15:44:43","modified_gmt":"2021-03-29T19:44:43","slug":"o-czym-nie-mowi-film-tomasza-sekielskiego-zobacz-komentarze-zatroskanych-o-kosciol-i-furie-lewicy","status":"publish","type":"post","link":"https:\/\/www.bibula.com\/?p=107894","title":{"rendered":"O czym nie m\u00f3wi film Tomasza Sekielskiego? Zobacz komentarze zatroskanych o Ko\u015bci\u00f3\u0142 i furi\u0119 lewicy"},"content":{"rendered":"<p><strong>Film pt. \u201eTylko nie m\u00f3w nikomu\u201d wywo\u0142a\u0142 lawin\u0119 komentarzy. Osoby zatroskane o Ko\u015bci\u00f3\u0142 wskazuj\u0105 na sposoby walki z nadu\u017cyciami seksualnymi, jakich dopuszczali si\u0119 niekt\u00f3rzy duchowni, za\u015b lewica daje upust swojej antyklerykalnej furii. Prezentujemy fragmenty wybranych opinii na temat g\u0142o\u015bnego obrazu w re\u017cyserii Tomasza Sekielskiego.<\/strong><\/p>\r\n<p>W opublikowanej na portalu rmf24.pl recenzji filmu ksi\u0105dz Tadeusz Isakowicz-Zaleski zwr\u00f3ci\u0142 uwag\u0119 nie tylko na to, co w filmie jest, ale tak\u017ce na spraw\u0119, kt\u00f3rej nie om\u00f3wiono &#8211; to homoseksualizm cz\u0119\u015bci sprawc\u00f3w nadu\u017cy\u0107 wobec os\u00f3b nieletnich. \u201eBardzo wa\u017cnym problemem, wci\u0105\u017c zatajanym (i niepokazanym ani w tym filmie ani w filmie <em>Kler<\/em>), jest dzia\u0142alno\u015b\u0107 tzw. homo-lobby, w tym molestowanie kleryk\u00f3w i m\u0142odych ksi\u0119\u017cy przez swych prze\u0142o\u017conych. A to jest praprzyczyna wielu p\u0119kni\u0119\u0107 w Ko\u015bciele. To nie tylko wci\u0105\u017c niewyja\u015bnione skandale ze wspomnianym abp. Paetzem i ich tuszowanie przez nuncjusza papieskiego, p\u00f3\u017aniejszego prymasa, abp. J\u00f3zefa Kowalczyka, ale i wiele innych spraw. Je\u017celi i tutaj dojdzie do <em>grzechu zaniechania<\/em>, to kryzys b\u0119dzie coraz wi\u0119kszy\u201d &#8211; pisze duchowny.<\/p>\r\n<p>Warto odnotowa\u0107, \u017ce chocia\u017c w filmie w re\u017c. Tomasza Sekielskiego nie powiedziano wprost o zwi\u0105zkach olbrzymiej cz\u0119\u015bci nadu\u017cy\u0107 seksualnych z homoseksualizmem, to o sprawie wiadomo ju\u017c od kilku miesi\u0119cy, gdy\u017c pierwszy ze swoich list\u00f3w arcybiskup Carlo Maria Vigan\u00f2 opublikowa\u0142 we wrze\u015bniu 2018.<\/p>\r\n<p>Innym wa\u017cnym w\u0105tkiem, kt\u00f3ry nie zosta\u0142 pokazany w filmie, jest wsp\u00f3\u0142praca zaprezentowanych tam os\u00f3b z komunistyczn\u0105 S\u0142u\u017cb\u0105 Bezpiecze\u0144stwa. O tej kwestii re\u017cyser Sekielski nie poinformowa\u0142 w obrazie, a dopiero w rozmowach po premierze filmu. Niewykluczone, \u017ce ten fakt dotrze do mniejszej liczby odbiorc\u00f3w. R\u00f3wnie\u017c i w\u0105tek wsp\u00f3\u0142pracy niekt\u00f3rych duchownych z bezpiek\u0105 skomentowa\u0142 w swojej recenzji ks. Isakowicz-Zaleski.<\/p>\r\n<p>\u201eJeden z nie\u017cyj\u0105cy ju\u017c dzi\u015b arcybiskup\u00f3w powiedzia\u0142 mi po wydaniu ksi\u0105\u017cki <em>Ksi\u0119\u017ca wobec bezpieki<\/em>, \u017ce sprawa akt duchownych wsp\u00f3\u0142pracuj\u0105cych z komunistyczn\u0105 bezpiek\u0105, zosta\u0142a zaniedbana przez ksi\u0119\u017cy biskup\u00f3w na pocz\u0105tku lat 90. Wtedy bowiem polski episkopat, gdyby chcia\u0142 m\u00f3g\u0142 dosta\u0107 wszystkie akta do wgl\u0105du. Ale nie chcia\u0142. Arcybiskup m\u00f3wi\u0142 te\u017c, \u017ce na posiedzeniu Episkopatu abp Bronis\u0142aw D\u0105browski, \u00f3wczesny sekretarz Konferencji, przyni\u00f3s\u0142 gruby notes, w&nbsp; kt\u00f3rym wynotowane by\u0142y z tych akt nazwiska tajnych wsp\u00f3\u0142pracownik\u00f3w SB, po pi\u0119tna\u015bcie z ka\u017cdej diecezji. Zeszyt kr\u0105\u017cy\u0142 po sali, niekt\u00f3rzy z tych, co go czytali, czerwienieli na twarzy, ale ostatecznie zadecydowali, \u017ce nic z tym dalej nie zrobi\u0105. Co wi\u0119cej, niekt\u00f3rzy z tajnych wsp\u00f3\u0142pracownik\u00f3w jak np. TW o ps. <em>D\u0105browski<\/em> (ks. Wiktor Skworc), TW o ps. <em>Filozof<\/em> (ks. J\u00f3zef \u0179yci\u0144ski) czy TW o ps. <em>Fermo<\/em> (ks. Juliusz Paetz) zosta\u0142o arcybiskupami. Jednak nie da\u0142o si\u0119 tego ca\u0142kiem zatuszowa\u0107 i wszystkie te problemy wybuch\u0142y ze zdwojon\u0105 si\u0142\u0105 po kilkunastu latach\u201d &#8211; czytamy w tek\u015bcie duchownego zaanga\u017cowanego w PRL w dzia\u0142alno\u015b\u0107 antykomunistyczn\u0105. Zdaniem ks. Isakowicza-Zaleskiego brak reakcji w kwestii lustracji przypomina brak reakcji na problem pedofilii.<\/p>\r\n<p>Tymczasem realna reakcja jest niezwykle potrzebna &#8211; wynika ze s\u0142\u00f3w ks. prof. Paw\u0142a Bortkiewicza. &#8211; <em>Istotne jest to, \u017ce s\u0105 procedury, przepisy, sankcje ko\u015bcielne, kt\u00f3re wyznaczaj\u0105 normy karne w stosunku do przest\u0119pcy. Ale te normy s\u0105 bagatelizowane, zaniedbywane. I tutaj nie ma innej refleksji jak ta, \u017ce to si\u0119 musi bezwzgl\u0119dnie zmieni\u0107. Trzeba te\u017c zwr\u00f3ci\u0107 uwag\u0119 na ca\u0142o\u015b\u0107 kontekstu kulturowego, w kt\u00f3rym my ksi\u0119\u017ca \u017cyjemy, i w kt\u00f3rym \u017cyj\u0105 kandydaci do kap\u0142a\u0144stwa. To oznacza konieczno\u015b\u0107 przypominania norm etyki seksualnej autentycznie katolickiej, wedle zasad \u015bw. Paw\u0142a VI, \u015bw. Jana Paw\u0142a II, Benedykta XVI. Nie mo\u017cna tego zapomina\u0107<\/em> &#8211; m\u00f3wi duchowny w rozmowie z portalem \u201eDo Rzeczy\u201d.<\/p>\r\n<p>&#8211; <em>Trzeba podj\u0105\u0107 w spos\u00f3b realny, konsekwentny, bezwzgl\u0119dny procedury ko\u015bcielne przepisane w tym temacie. Ko\u015bci\u00f3\u0142 musi okaza\u0107 tutaj jasne stanowisko w przysz\u0142o\u015bci. To, \u017ce ten kierunek my\u015blenia generalnie jest obecny, \u015bwiadczy\u0142 cho\u0107by ten szczeg\u00f3lny akt pokuty Ko\u015bcio\u0142a w Polsce na pocz\u0105tku tegorocznego Wielkiego Postu. Mocne i przejmuj\u0105ce s\u0105 s\u0142owa Prymasa Polski i przewodnicz\u0105cego Konferencji Episkopatu. Jestem pewien, \u017ce za tymi s\u0142owami p\u00f3jd\u0105 czyny<\/em> &#8211; dodaje. W podobnym duchu m\u00f3wi w rozmowie z dorzeczy.pl dr Tomasz Terlikowski, kt\u00f3ry wskazuje na konieczno\u015b\u0107 oczyszczenia.<\/p>\r\n<p>&#8211; <em>Bez oczyszczenia, nie ma prawdziwego \u015bwiadectwa. To oczyszczenie musi wi\u0119c nast\u0105pi\u0107. A wiemy, \u017ce bardzo trudno jest oczyszcza\u0107 w\u0142asne \u015brodowisko. Bardzo trudno jest prze\u0142ama\u0107 solidarno\u015b\u0107 zawodow\u0105. Oczyszczenia Ko\u015bcio\u0142a nie da si\u0119 dokona\u0107 bez os\u00f3b \u015bwieckich. Tak\u017ce z tego wzgl\u0119du, \u017ce s\u0105 sprawy, na kt\u00f3rych osoby \u015bwieckie po prostu lepiej od duchownych si\u0119 znaj\u0105. Na przyk\u0142ad tak podnoszona kwestia tematu zwalczania nadu\u017cy\u0107 seksualnych. \u015awiecki seksuolog, czy psycholog b\u0119dzie w tym temacie lepszym ekspertem ni\u017c biskup. Biskup natomiast b\u0119dzie lepszym autorytetem w dziedzinie teologii. Bez w\u0105tpienia zaanga\u017cowanie \u015bwieckich jest obowi\u0105zkiem i konieczno\u015bci\u0105<\/em> &#8211; m\u00f3wi. Z kolei na Facebooku Tomasz Terlikowski zauwa\u017ca, \u017ce film w re\u017cyserii redaktora Sekielskiego to nie tylko dokument, ale tak\u017ce publicystyka. \u201eJest te\u017c element, kt\u00f3ry ten film <em>psuje<\/em>, nadaje mu niestety wyd\u017awi\u0119k publicystyczny. To wskazanie winnego w postaci \u015bw. Jana Paw\u0142a II, to wywody prof. Stanis\u0142awa Obirka. Owszem do\u015b\u0107, jak na niego, ostro\u017cne, umiarkowane, ale zupe\u0142nie niepotrzebnie upraszczaj\u0105ce histori\u0119, nadaj\u0105ce jej wymiar bie\u017c\u0105cej publicystyki, odci\u0105gaj\u0105ce od dramatu ofiar\u201d &#8211; pisze dr Terlikowski.<\/p>\r\n<p><iframe src=\"https:\/\/www.facebook.com\/plugins\/post.php?href=https%3A%2F%2Fwww.facebook.com%2Ftomasz.terlikowski%2Fposts%2F2719213541442168&amp;width=500\" scrolling=\"no\" data-gtm-yt-inspected-10013869_50=\"true\" data-mce-fragment=\"1\" width=\"500\" height=\"268\" frameborder=\"0\"><\/iframe><\/p>\r\n<p>Dokument zosta\u0142 skomentowa\u0142y tak\u017ce przez duchownych aktywnych w mediach spo\u0142eczno\u015bciowych. \u201eZacznijcie od ksi\u0119\u017cy <em>wymaga\u0107<\/em> kochania Eucharystii, modlitwy. Pro\u015bcie o wymowne homilie bez obni\u017cania moralno\u015bci. Popierajcie kap\u0142an\u00f3w, gdy musz\u0105 odm\u00f3wi\u0107 sakrament\u00f3w tym, kt\u00f3rzy nie wierz\u0105. Wspierajcie Chrystocentryzm w parafiach &#8211; a zwyrodnialcom odechce si\u0119 by\u0107 ksi\u0119\u017cmi\u201d &#8211; zauwa\u017ca na Twitterze ks. Daniel Wachowiak.<\/p>\r\n<p><blockquote class=\"twitter-tweet\" data-width=\"550\" data-dnt=\"true\"><p lang=\"pl\" dir=\"ltr\">Zacznijcie od ksi\u0119\u017cy &quot;wymaga\u0107&quot; kochania Eucharystii, modlitwy. Pro\u015bcie o wymowne homilie bez obni\u017cania moralno\u015bci. Popierajcie kap\u0142an\u00f3w, gdy musz\u0105 odm\u00f3wi\u0107 sakrament\u00f3w tym, kt\u00f3rzy nie wierz\u0105. Wspierajcie Chrystocentryzm w parafiach &#8211; a zwyrodnialcom odechce si\u0119 by\u0107 ksi\u0119\u017cmi.<\/p>&mdash; ks. Daniel Wachowiak (@DanielWachowiak) <a href=\"https:\/\/twitter.com\/DanielWachowiak\/status\/1127655186846109696?ref_src=twsrc%5Etfw\">May 12, 2019<\/a><\/blockquote><script async src=\"https:\/\/platform.twitter.com\/widgets.js\" charset=\"utf-8\"><\/script><\/p>\r\n<p>\u201eMarz\u0119, by do stanu duchownego przybywali nie ci, kt\u00f3rzy widz\u0105 w tym powo\u0142aniu zaw\u00f3d, gdzie mo\u017cna si\u0119 dobrze ustawi\u0107, ale wy\u0142\u0105cznie odwa\u017cni m\u0119\u017cczy\u017ani nieboj\u0105cy si\u0119 by\u0107 zranieni przez \u015bwiat. Bywa\u0142o r\u00f3\u017cnie. Z tego powodu cierpi dzi\u015b ca\u0142y Ko\u015bci\u00f3\u0142, bo w\u015br\u00f3d nas za wielu niewierz\u0105cych\u201d &#8211; dodaje w innym wpisie.<\/p>\r\n<p><blockquote class=\"twitter-tweet\" data-width=\"550\" data-dnt=\"true\"><p lang=\"pl\" dir=\"ltr\">Marz\u0119, by do stanu duchownego przybywali nie ci, kt\u00f3rzy widz\u0105 w tym powo\u0142aniu zaw\u00f3d, gdzie mo\u017cna si\u0119 dobrze ustawi\u0107, ale wy\u0142\u0105cznie odwa\u017cni m\u0119\u017cczy\u017ani nieboj\u0105cy si\u0119 by\u0107 zranieni przez \u015bwiat. Bywa\u0142o r\u00f3\u017cnie. Z tego powodu cierpi dzi\u015b ca\u0142y Ko\u015bci\u00f3\u0142, bo w\u015br\u00f3d nas za wielu niewierz\u0105cych.<\/p>&mdash; ks. Daniel Wachowiak (@DanielWachowiak) <a href=\"https:\/\/twitter.com\/DanielWachowiak\/status\/1127585287880749063?ref_src=twsrc%5Etfw\">May 12, 2019<\/a><\/blockquote><script async src=\"https:\/\/platform.twitter.com\/widgets.js\" charset=\"utf-8\"><\/script><\/p>\r\n<p>\u201e\u0179aden grzech pope\u0142niony przez kap\u0142ana nie podwa\u017ca znaczenia jakiegokolwiek przykazania. Wr\u0119cz przeciwnie, potwierdza sens i obowi\u0105zywalno\u015b\u0107 Dekalogu dla wszystkich\u201d &#8211; pisze z kolei ks. Janusz Chy\u0142a.<\/p>\r\n<p>https:\/\/twitter.com\/Janusz1967\/status\/1127695853341134848<\/p>\r\n<p>Z kolei facebookowy profil Templum Christi zwr\u00f3ci\u0142 uwag\u0119, \u017ce ko\u015bcielne przepisy dotycz\u0105ce karania duchownych dopuszczaj\u0105cych si\u0119 nadu\u017cy\u0107 seksualnych istnia\u0142y ju\u017c bardzo dawno temu. Administracja strony przypomnia\u0142a zar\u00f3wno dokument z roku 1965 jak i\u2026 1514. Opisane sankcje by\u0142y surowe co pokazuje, \u017ce nikt w Ko\u015bciele nie tolerowa\u0142 grzechu. \u201eProblemem Ko\u015bcio\u0142a nie jest to, \u017ce dopiero od niedawna posiada rozwi\u0105zania prawne dotycz\u0105ce karania przest\u0119pstw seksualnych, a w tym pedofilii. Problem polega na tym, \u017ce odszed\u0142 od tych w\u0142a\u015bciwych\u201d &#8211; czytamy.<\/p>\r\n<p><iframe src=\"https:\/\/www.facebook.com\/plugins\/post.php?href=https%3A%2F%2Fwww.facebook.com%2Ftemplumchristi%2Fphotos%2Fa.324482867653774%2F1840340066068039%2F%3Ftype%3D3&amp;width=500\" scrolling=\"no\" data-gtm-yt-inspected-10013869_50=\"true\" data-mce-fragment=\"1\" width=\"500\" height=\"631\" frameborder=\"0\"><\/iframe><\/p>\r\n<p>Na film Tomasza Sekielskiego zareagowali tak\u017ce hierarchowie Ko\u015bcio\u0142a w Polsce. &#8211; <em>Dzi\u0119kuj\u0119 wszystkim, kt\u00f3rzy maj\u0105 odwag\u0119 opowiedzie\u0107 o swoim cierpieniu. Przepraszam za ka\u017cd\u0105 ran\u0119 zadan\u0105 przez ludzi Ko\u015bcio\u0142a. Jako delegat Episkopatu ds. Ochrony Dzieci i M\u0142odzie\u017cy zrobi\u0119 wszystko co w mojej mocy, aby pom\u00f3c osobom pokrzywdzonym. Ujawnione informacje pokazuj\u0105 jak bardzo potrzebne s\u0105 przepisy najnowszego dokumentu papie\u017ca Franciszka (\u201eMotu Proprio\u201d Vos estis lux mundi). Trzeba wyja\u015bni\u0107 wszystkie sprawy. Nikt w Ko\u015bciele nie mo\u017ce uchyla\u0107 si\u0119 od odpowiedzialno\u015bci<\/em> &#8211; powiedzia\u0142 Prymas Polski arcybiskup metropolita gnie\u017anie\u0144ski Wojciech Polak.<\/p>\r\n<p><iframe id=\"638402578\" src=\"https:\/\/www.youtube.com\/embed\/1aBd2hL1aLc?enablejsapi=1&amp;origin=https%3A%2F%2Fwww.pch24.pl\" allowfullscreen=\"allowfullscreen\" data-gtm-yt-inspected-10013869_50=\"true\" data-mce-fragment=\"1\" width=\"560\" height=\"314\"><\/iframe><\/p>\r\n<p>\u201eZe wzruszeniem i smutkiem obejrza\u0142em dzisiaj film pana Sekielskiego, za kt\u00f3ry pragn\u0119 podzi\u0119kowa\u0107 re\u017cyserowi. W przewa\u017caj\u0105cej cz\u0119\u015bci tenor tego filmu zgadza si\u0119 z moimi&nbsp; do\u015bwiadczeniami, jakie wynios\u0142em z wielu rozm\u00f3w przeprowadzonych z pokrzywdzonymi. Jestem przekonany, \u017ce tak\u017ce ten film przyczyni si\u0119 do jeszcze dok\u0142adniejszego przestrzegania wytycznych dotycz\u0105cych ochrony dzieci i m\u0142odzie\u017cy w Ko\u015bciele, jak i do wprowadzenia w \u017cycie zasad prewencji w ka\u017cdej diecezji przez wszystkich ksi\u0119\u017cy biskup\u00f3w oraz do przestrzegania przedwczoraj og\u0142oszonego motu proprio papie\u017ca Franciszka. W imieniu ca\u0142ej Konferencji Episkopatu pragn\u0119 jak najmocniej przeprosi\u0107 wszystkie osoby pokrzywdzone. Zdaj\u0119 sobie spraw\u0119 z tego, \u017ce nic nie jest w stanie wynagrodzi\u0107 im krzywd, jakich doznali\u201d &#8211; napisa\u0142 z kolei przewodnicz\u0105cy KEP arcybiskup metropolita pozna\u0144ski Stanis\u0142aw G\u0105decki.<\/p>\r\n<p>G\u0142os w sprawie zabra\u0142y jednak nie tylko osoby zatroskane o Ko\u015bci\u00f3\u0142, ale i antyklerykalna lewica. W wyj\u0105tkowo agresywnym tonie wypowiedzia\u0142a si\u0119 Marta Lempart &#8211; feministka znana g\u0142\u00f3wnie z udzia\u0142u w \u201eczarnych protestach\u201d, a dzi\u015b aktywistka lewicowej formacji Roberta Biedronia Wiosna. \u201eJa nie jestem <em>wstrz\u0105\u015bni\u0119ta<\/em>, <em>poruszona<\/em>, <em>oburzona<\/em> filmem Sekielskiego. Jestem w\u015bciek\u0142a i nienawidz\u0119 Was, ko\u015bcielne potwory spod znaku omerty. Zgnijecie w pierdlu, a Wasze pomniki spadn\u0105. Niech si\u0119 Wam wszystkim do ko\u0144ca \u017cycia \u015bni Wasze katolickie piek\u0142o. L\u0119kajcie si\u0119. L\u0119kajcie si\u0119, jak cholera\u201d &#8211; pisze na FB. Warto odnotowa\u0107, \u017ce has\u0142o \u201el\u0119kajcie si\u0119\u201d zacz\u0119\u0142o w ostatnich godzinach \u201erobi\u0107 karier\u0119\u201d. Plugawa parafraza pi\u0119knych i g\u0142\u0119bokich s\u0142\u00f3w \u015bwi\u0119tego Jana Paw\u0142a II pojawi\u0142a si\u0119 m.in. na ok\u0142adce lewicowego tygodnika \u201eNewsweek\u201d.<\/p>\r\n<p>Lewicowe media czy sam film nie wskazuj\u0105 jednak prawdziwej drogi rozwi\u0105zania problemu. Znale\u017a\u0107 j\u0105 mo\u017cemy w niedawnym li\u015bcie Benedykta XVI. Papie\u017c w latach 2005-2013 zwr\u00f3ci\u0142 uwag\u0119 na \u017ar\u00f3d\u0142o kryzysu Ko\u015bcio\u0142a, kt\u00f3ry objawia si\u0119 zar\u00f3wno w istnieniu homoseksualnych mafii jak i w nadu\u017cyciach seksualnych wobec nieletnich, jakich dopuszczaj\u0105 si\u0119 niekt\u00f3rzy spo\u015br\u00f3d duchownych.<\/p>\r\n<p>Obserwuj\u0105c zar\u00f3wno ataki na katolicyzm jak i kryzys moralny dotykaj\u0105cy cz\u0119\u015bci kap\u0142an\u00f3w musimy pami\u0119ta\u0107 o s\u0142owach za\u0142o\u017cyciela Ko\u015bcio\u0142a &#8211; Syna Bo\u017cego Jezusa Chrystusa &#8211; kt\u00f3ry m\u00f3wi\u0142, \u017ce bramy piekielne nie przemog\u0105 Ko\u015bcio\u0142a. Dlatego te\u017c nie tra\u0107my nadziei i m\u00f3dlmy si\u0119 za kap\u0142an\u00f3w. Chocia\u017c w\u0105ska grupa spo\u015br\u00f3d ksi\u0119\u017cy zha\u0144bi\u0142a niezwyk\u0142\u0105 godno\u015b\u0107, jak\u0105 zostali obdarzeni, to pami\u0119tajmy, \u017ce nawet najpotworniejsze grzechy niekt\u00f3rych nie dyskwalifikuj\u0105 kap\u0142a\u0144stwa. Bez duchownych bowiem nie b\u0119dzie najwi\u0119kszej \u015bwi\u0119to\u015bci, jak\u0105 dysponuje Ko\u015bci\u00f3\u0142 &#8211; Naj\u015bwi\u0119tszego Sakramentu. Bro\u0144my wi\u0119c katolickiej moralno\u015bci i dobrych, pobo\u017cnych kap\u0142an\u00f3w, kt\u00f3rzy ka\u017cdego dnia sprawuj\u0105 pos\u0142ug\u0119 w konfesjonale, chrzcz\u0105, udzielaj\u0105 namaszczenia chorych, b\u0142ogos\u0142awi\u0105 ma\u0142\u017conkom i sprowadzaj\u0105 na o\u0142tarz Jezusa Chrystusa.<\/p>\r\n<p><em>Matko Ko\u015bcio\u0142a &#8211; m\u00f3dl si\u0119 za nami!<\/em><\/p>\r\n<p>MW\u0142<\/p>\r\n<p class=\"zrodlo\">Za: <a href=\"https:\/\/www.pch24.pl\/o-czym-nie-mowi-film-tomasza-sekielskiego--zobacz-komentarze-zatroskanych-o-kosciol-i-furie-lewicy,68193,i.html\">PoloniaChristiana &#8211; pch24.pl (2019-05-13)<\/a><\/p>\r\n<blockquote>\r\n<p>[<strong>Wybrane wypowiedzi internaut\u00f3w pod w\/w tekstem na stronie \u017ar\u00f3d\u0142owej:<\/strong>]<\/p>\r\n<p>Ten film o pedofilii kilku ksi\u0119\u017cy zosta\u0142 opublikowany w wigili\u0119 Tygodnie Modlitw o Powo\u0142ania. Przypadek czy szata\u0144ski &#8222;tydzie\u0144 zwalczania powo\u0142a\u0144&#8221;?<br>\r\n<em>ks. krakowski<\/em><br>\r\n<br>\r\n&#8222;wedle zasad \u015bw. Paw\u0142a VI, \u015bw. Jana Paw\u0142a II, Benedykta XVI. &#8222;\\\\ Dlaczego nie wed\u0142ug zasad PIUSA XI?<br>\r\n<em>Ry\u015b<\/em><br>\r\n<br>\r\nBrak lustracji w polskim Ko\u015bciele. Kiedy\u015b mia\u0142a ich na widelcu SB, bo wiedzieli o homoseksualnych sk\u0142onno\u015bciach pedofili. Teraz przez lata te\u017c by\u0142y haki na TW-homoseksualnych-podefili. W ko\u0144cu odpalaj\u0105 t\u0119 bomb\u0119. Dlaczego w tym momencie? Co si\u0119 dzieje takiego, \u017ce w\u0142\u015bnie teraz? Czy\u017cby si\u0119 przesila\u0142o?<br>\r\n<em>Mnemoniuk<\/em><br>\r\n<br>\r\nDlaczego taki film w og\u00f3le jest legalny? Co na to Prokurator Generalny!???<br>\r\n<em>Marana Tha<\/em><br>\r\n<br>\r\nPowraca, jak uporczywa, pijacka czkawka, poniechanie lustracji polskiego duchowie\u0144stwa. Sprawc\u00f3w zamilcz\u0119, w my\u015bl zasady, \u017ce o zmar\u0142ych m\u00f3wi si\u0119 dobrze lub wcale. Czy jest to tylko przypadek, \u017ce najg\u0142o\u015bniejsi z owych drapie\u017cnik\u00f3w seksualnych, byli zarazem TW?!<br>\r\n<em>Karol<\/em><br>\r\n<br>\r\nFilm pana Siekielskiego &#8211; z tego co czytam nakr\u0119cony ukryt\u0105 kamer\u0105. Czy takie nagrania mo\u017cna upublicznia\u0107 bez zgody nagrywanych os\u00f3b?<br>\r\n<em>razar<\/em><br>\r\n<br>\r\nTak w\u0142a\u015bnie wygl\u0105da herezja modernizmu<br>\r\n<em>Alex Wolf<\/em><br>\r\n<br>\r\n<\/p>\r\n<\/blockquote>\r\n<hr style=\"background-color: #000000; border-width: 0; color: #000000; height: 2px; line-height: 0; text-align: center; width: 100%;\">\r\n<h4>&nbsp;<\/h4>\r\n<blockquote>\r\n<p>CZYTAJ R\u00d3WNIE\u017b:<\/p>\r\n<ul>\r\n\t<li style=\"list-style-type: none;\">\r\n<ul>\r\n\t<li><a href=\"http:\/\/www.bibula.com\/?p=12396\" target=\"_blank\" rel=\"noopener\">Kryzys w Ko\u015bciele Powszechnym na przyk\u0142adzie sytuacji w Stanach Zjednoczonych [2002] <\/a><\/li>\r\n\t<li><a href=\"http:\/\/www.bibula.com\/?p=39258\" target=\"_blank\" rel=\"noopener\">&#8222;Poznacie ich po ich owocach\u2026\u201d Spojrzenie na dzisiejszy Ko\u015bci\u00f3\u0142 [2004]<\/a><\/li>\r\n<\/ul>\r\n<\/li>\r\n<\/ul>\r\n<\/blockquote>\r\n<h4>&nbsp;<\/h4>\r\n<hr style=\"background-color: #000000; border-width: 0; color: #000000; height: 2px; line-height: 0; text-align: center; width: 100%;\">\r\n<h4>&nbsp;<\/h4>","protected":false},"excerpt":{"rendered":"Film pt. \u201eTylko nie m\u00f3w nikomu\u201d wywo\u0142a\u0142 lawin\u0119 komentarzy. Osoby zatroskane o Ko\u015bci\u00f3\u0142 wskazuj\u0105 na sposoby walki z nadu\u017cyciami seksualnymi, jakich dopuszczali si\u0119 niekt\u00f3rzy duchowni, za\u015b lewica daje upust swojej antyklerykalnej furii. Prezentujemy fragmenty wybranych opinii na temat g\u0142o\u015bnego obrazu w re\u017cyserii Tomasza Sekielskiego. W opublikowanej na portalu rmf24.pl recenzji filmu ksi\u0105dz Tadeusz Isakowicz-Zaleski zwr\u00f3ci\u0142 [&hellip;]","protected":false},"author":1,"featured_media":0,"comment_status":"closed","ping_status":"closed","sticky":false,"template":"","format":"standard","meta":{"_acf_changed":false,"_monsterinsights_skip_tracking":false,"_monsterinsights_sitenote_active":false,"_monsterinsights_sitenote_note":"","_monsterinsights_sitenote_category":0,"ngg_post_thumbnail":0,"footnotes":"","_wp_rev_ctl_limit":""},"categories":[5],"tags":[26,92,98,86,36,33],"acf":[],"_links":{"self":[{"href":"https:\/\/www.bibula.com\/index.php?rest_route=\/wp\/v2\/posts\/107894"}],"collection":[{"href":"https:\/\/www.bibula.com\/index.php?rest_route=\/wp\/v2\/posts"}],"about":[{"href":"https:\/\/www.bibula.com\/index.php?rest_route=\/wp\/v2\/types\/post"}],"author":[{"embeddable":true,"href":"https:\/\/www.bibula.com\/index.php?rest_route=\/wp\/v2\/users\/1"}],"replies":[{"embeddable":true,"href":"https:\/\/www.bibula.com\/index.php?rest_route=%2Fwp%2Fv2%2Fcomments&post=107894"}],"version-history":[{"count":1,"href":"https:\/\/www.bibula.com\/index.php?rest_route=\/wp\/v2\/posts\/107894\/revisions"}],"predecessor-version":[{"id":123961,"href":"https:\/\/www.bibula.com\/index.php?rest_route=\/wp\/v2\/posts\/107894\/revisions\/123961"}],"wp:attachment":[{"href":"https:\/\/www.bibula.com\/index.php?rest_route=%2Fwp%2Fv2%2Fmedia&parent=107894"}],"wp:term":[{"taxonomy":"category","embeddable":true,"href":"https:\/\/www.bibula.com\/index.php?rest_route=%2Fwp%2Fv2%2Fcategories&post=107894"},{"taxonomy":"post_tag","embeddable":true,"href":"https:\/\/www.bibula.com\/index.php?rest_route=%2Fwp%2Fv2%2Ftags&post=107894"}],"curies":[{"name":"wp","href":"https:\/\/api.w.org\/{rel}","templated":true}]}}