{"id":107826,"date":"2019-05-07T10:56:57","date_gmt":"2019-05-07T14:56:57","guid":{"rendered":"http:\/\/www.bibula.com\/?p=107826"},"modified":"2019-05-07T10:56:57","modified_gmt":"2019-05-07T14:56:57","slug":"zdeptano-i-polamano-krzyz-w-polskim-kosciele","status":"publish","type":"post","link":"https:\/\/www.bibula.com\/?p=107826","title":{"rendered":"Zdeptano i po\u0142amano krzy\u017c w polskim ko\u015bciele"},"content":{"rendered":"<p><strong>W Kwidzyniu w katedrze \u015bw. Jana Ewangelisty dosz\u0142o do profanacji. Zdeptano i po\u0142amano krzy\u017c, a tak\u017ce do wody \u015bwi\u0119conej dolano alkohol. Sprawc\u00f3w do tej pory nie odnaleziono. Proboszcz prosi o modlitw\u0119 przeb\u0142agaln\u0105 za ten akt zniewagi wiary katolickiej. <\/strong><\/p>\r\n<p>Trzeciego maja, gdy Polscy katolicy obchodzili \u015bwi\u0119to Matki Bo\u017cej Kr\u00f3lowej Polski, a tak\u017ce 228. rocznic\u0119 uchwalenia Konstytucji 3. maja, dosz\u0142o do profanacji w jednej z polskich katedr. Nieznani sprawcy zdeptali krzy\u017c oraz dolali do kropielnicy z wod\u0105 \u015bwi\u0119con\u0105, alkohol.<\/p>\r\n<p><em>\u201eW godzinach popo\u0142udniowych w kruchcie przy wej\u015bciu znale\u017ali\u015bmy zniszczony i podeptany krzy\u017c, a do kropielnicy wlana zosta\u0142a jaka\u015b silnie pachn\u0105ca ciecz, najprawdopodobniej alkohol\u201d<\/em> &#8211; powiedzia\u0142 x. proboszcz Ignacy Najmowicz.<\/p>\r\n<p>Duchowny parafii \u015bw. Jana Ewangelisty t\u0142umaczy\u0142, \u017ce aktu profanacji dokonano w takim miejscu, gdzie nie si\u0119ga \u201ewzrok\u201d kamery, a tak\u017ce w czasie intensywnych odwiedzin turyst\u00f3w &#8211; <em>\u201eNie wiemy, kto jest sprawc\u0105, poniewa\u017c kamery, kt\u00f3re s\u0105 w naszej \u015bwi\u0105tyni, nie obejmuj\u0105 tego miejsca. W zwi\u0105zku z dniem wolnym wok\u00f3\u0142 kwidzy\u0144skiej katedry przechadza\u0142o si\u0119 wielu turyst\u00f3w i zwiedzaj\u0105cych, wi\u0119c to tak\u017ce utrudnia wskazanie sprawcy b\u0105d\u017a sprawc\u00f3w\u201d. <\/em><\/p>\r\n<p><em>\u201eNie wiemy tak\u017ce, co kierowa\u0142o takimi lud\u017ami. Nie wiemy, czy dokona\u0142 tego szaleniec, osoba chora, czy mo\u017ce op\u0119tana. Musia\u0142 si\u0119 jednak kierowa\u0107 jak\u0105\u015b nienawi\u015bci\u0105\u201d<\/em> &#8211; stwierdzi\u0142 x. Ignacy Najmowicz.<\/p>\r\n<p>Na nast\u0119pny dzie\u0144 po akcie profanacji krzy\u017ca, odbywa\u0142y si\u0119 nabo\u017ce\u0144stwa przeb\u0142agalne. Ksi\u0105dz proboszcz z parafii \u015bw. Jana Ewangelisty prosi tak\u017ce o modlitw\u0119 w intencji sprawc\u00f3w tego aktu barbarzy\u0144stwa, prosz\u0105c Boga o przebaczenie i nawr\u00f3cenie dla nich.<\/p>\r\n<p>gosc\/nczas<\/p>\r\n<p>Ca\u0142o\u015b\u0107: <a href=\"https:\/\/medianarodowe.com\/zdeptano-i-polamano-krzyz-w-polskim-kosciele\/\">medianarodowe.com (5 maja 2019)<\/a><\/p>\r\n<h4>&nbsp;<\/h4>\r\n<hr style=\"background-color: #000000; border-width: 0; color: #000000; height: 2px; line-height: 0; text-align: center; width: 100%;\">\r\n<h4>&nbsp;<\/h4>\r\n<h2>\u201eTygodnik Powszechny\u201d w s\u0142u\u017cbie LGTB. Czy Kuria powinna wym\u00f3wi\u0107 im lokal?<\/h2>\r\n<p>Pr\u00f3ba \u201echrzczenia\u201d LGTB przez \u201eTygodnik Powszechny\u201d chyba przebra\u0142a miar\u0119. Niegdy\u015b katolicki periodyk, opublikowa\u0142 teraz sprofanowany wizerunek \u201et\u0119czowej\u201d MB Cz\u0119stochowskiej i to pomimo jasnego stanowiska i pot\u0119pienia ze strony Episkopatu Polski.<\/p>\r\n<p>Temu \u015brodowisku zawsze wydawa\u0142o si\u0119, \u017ce jest awangard\u0105 \u201ekatolickiego post\u0119pu\u201d. Katolicyzm jednak zagubili i pozosta\u0142 tylko \u201epost\u0119p\u201d. Teraz \u201eTP\u201d broni na Twitterze autorki profanacji: \u201eDzi\u015b o sz\u00f3stej rano policja aresztowa\u0142a kobiet\u0119 za to, \u017ce aureole Matki Boskiej i Jezusa przedstawi\u0142a w kolorach t\u0119czy (na zdj.).<\/p>\r\n<p>Tymczasem w \u201eTP\u201d jezuita o. James Martin m\u00f3wi: \u201eJezus dzi\u015b sta\u0142by z osobami LGBT, bo one s\u0105 najbardziej marginalizowane\u201d. Wspomniany o. Martin to znany propagator postulat\u00f3w gejowskiego lobby.<\/p>\r\n<p>Publikowanie sprofanowanego obrazu MB przez dzia\u0142aj\u0105c\u0105 w \u201eWio\u015bnie\u201d neofitk\u0119 wojuj\u0105cego bezbo\u017cnictwa Joann\u0119 Scheuring Wielgus jeszcze mo\u017cna zrozumie\u0107. Zdaje si\u0119, \u017ce redakcja Tygodnika osi\u0105ga ten sam poziom. Akcja pisma spotka\u0142a si\u0119 z reakcj\u0105 polskich ksi\u0119\u017cy.<\/p>\r\n<p>Postulat rozdzielenia lokalu redakcji od kurii wydaje si\u0119 jak najbardziej s\u0142uszny\u2026<\/p>\r\n<p><blockquote class=\"twitter-tweet\" data-width=\"550\" data-dnt=\"true\"><p lang=\"pl\" dir=\"ltr\">Kolejny przyk\u0142ad na to, \u017ce <a href=\"https:\/\/twitter.com\/tygodnik?ref_src=twsrc%5Etfw\">@tygodnik<\/a> ju\u017c dawno wypar\u0142 si\u0119 Chrystusa <a href=\"https:\/\/t.co\/IzHww0IORh\">https:\/\/t.co\/IzHww0IORh<\/a><\/p>&mdash; ks. Tomasz Brussy (@TomaszBrussy) <a href=\"https:\/\/twitter.com\/TomaszBrussy\/status\/1125519576412893185?ref_src=twsrc%5Etfw\">May 6, 2019<\/a><\/blockquote><script async src=\"https:\/\/platform.twitter.com\/widgets.js\" charset=\"utf-8\"><\/script><\/p>\r\n<p><blockquote class=\"twitter-tweet\" data-width=\"550\" data-dnt=\"true\"><p lang=\"pl\" dir=\"ltr\">Obecny <a href=\"https:\/\/twitter.com\/tygodnik?ref_src=twsrc%5Etfw\">@tygodnik<\/a> to tylko pseudo-katolicka mutacja d. TP. Najpierw tuba GW Michnika, a p\u00f3\u017aniej na garnuszku ITI. Ju\u017c w 1991 r. kard. F. Macharski wycofa\u0142 asystenta ko\u015bcielnego. Najwy\u017cszy czas, aby redakcja mia\u0142a cywiln\u0105 odwag\u0119 wyprowadzi\u0107 si\u0119 z kurii <a href=\"https:\/\/twitter.com\/ArchKrakowska?ref_src=twsrc%5Etfw\">@ArchKrakowska<\/a>. <a href=\"https:\/\/twitter.com\/TomaszBrussy?ref_src=twsrc%5Etfw\">@TomaszBrussy<\/a> <a href=\"https:\/\/t.co\/bp3oSELsgJ\">https:\/\/t.co\/bp3oSELsgJ<\/a><\/p>&mdash; Isakowicz-Zaleski (@IsakowiczZalesk) <a href=\"https:\/\/twitter.com\/IsakowiczZalesk\/status\/1125632289805873152?ref_src=twsrc%5Etfw\">May 7, 2019<\/a><\/blockquote><script async src=\"https:\/\/platform.twitter.com\/widgets.js\" charset=\"utf-8\"><\/script><\/p>\r\n<p class=\"zrodlo\">Za: <a href=\"https:\/\/nczas.com\/2019\/05\/07\/tygodnik-powszechny-w-sluzbie-lgtb-czy-kuria-powinna-wymowic-im-lokal\/\">Najwy\u017cszy Czas! (07\/05\/2019)<\/a><\/p>\r\n<h4>&nbsp;<\/h4>\r\n<hr style=\"background-color: #000000; border-width: 0; color: #000000; height: 2px; line-height: 0; text-align: center; width: 100%;\">\r\n<h4>&nbsp;<\/h4>\r\n<h2>Internetowa wojna o wizerunek Matki Bo\u017cej. Polscy katolicy odpowiadaj\u0105 blu\u017aniercom<\/h2>\r\n<p><strong>\u201eMaryjo, Kr\u00f3lowo Polski, m\u00f3dl si\u0119 za nami\u201d &#8211; to wezwanie polskich katolik\u00f3w po\u0142\u0105czone z wizerunami Matki Bo\u017cej od kilkudziesi\u0119ciu godzin stanowi jedeno z najcz\u0119\u015bciej powtarzanych zda\u0144 w mediach spo\u0142eczno\u015bciowych. Polscy wierni w ten spos\u00f3b odpowiadaj\u0105 na \u017ca\u0142osn\u0105 i blu\u017aniercz\u0105 prowokacj\u0119 \u015brodowisk lewicowych, kt\u00f3re od ko\u0144ca kwietnia pr\u00f3buj\u0105 na si\u0142\u0119 wciska\u0107, gdzie to tylko mo\u017cliwe sprofanowany obraz Matki Bo\u017cej Cz\u0119stochowskiej w t\u0119czowej aureolii.<\/strong><\/p>\r\n<p>W nocy z 26 na 27 kwietnia nieznani sprawcy rozmie\u015bcili wok\u00f3\u0142 ko\u015bcio\u0142a parafii \u015bw. Maksymiliana Kolbego w P\u0142ocku (ko\u015bcio\u0142a \u015bw. Dominika) plakaty z wizerunkiem Matki Bo\u017cej Cz\u0119stochowskiej, na kt\u00f3rym Maryja i Dzieci\u0105tko Jezus mieli aureole w kolorach t\u0119czy. By\u0142 to ci\u0105g dalszy reakcji \u015brodowisk LGBT na wydarzenia, kt\u00f3re mia\u0142y miejsce w tej parafii w okresie Wielkiej Nocy. Na Grobie Pa\u0144skim pod has\u0142em \u201eZachowaj nas od ognia niewiary\u201d na ustawionych pod krzy\u017cem pude\u0142kach znalaz\u0142y si\u0119 m.in. napisy \u201eLGBT\u201d, \u201eGender\u201d, \u201eHomozboczenia\u201d. W kolejnych dniach w ko\u015bciele dochodzi\u0142o do prowokacji ze strony aktywist\u00f3w LGBT, a proboszcz parafii otrzymywa\u0142 telefoniczne gro\u017aby.<\/p>\r\n<p>W poniedzia\u0142ek minister Brudzi\u0144ski poinformowa\u0142 o zatrzymaniu kobiety podejrzanej o stworzenie blu\u017anierczej grafiki.<\/p>\r\n<p><blockquote class=\"twitter-tweet\" data-width=\"550\" data-dnt=\"true\"><p lang=\"pl\" dir=\"ltr\">Dzi\u015b rano <a href=\"https:\/\/twitter.com\/PolskaPolicja?ref_src=twsrc%5Etfw\">@PolskaPolicja<\/a> zatrzyma\u0142a osob\u0119 podejrzewan\u0105 o dokonanie profanacji wizerunku <a href=\"https:\/\/twitter.com\/hashtag\/MatkiBo%C5%BCejCzestochowskiej?src=hash&amp;ref_src=twsrc%5Etfw\">#MatkiBo\u017cejCzestochowskiej<\/a> w P\u0142ocku. Osoba ta by\u0142a wytypowana ju\u017c od kilku dni ale przebywa\u0142a za granic\u0105. Jeszcze dzi\u015b zostan\u0105 postawione jej zarzuty z art. 196 KK.<\/p>&mdash; Joachim Brudzi\u0144ski (@jbrudzinski) <a href=\"https:\/\/twitter.com\/jbrudzinski\/status\/1125346904336994306?ref_src=twsrc%5Etfw\">May 6, 2019<\/a><\/blockquote><script async src=\"https:\/\/platform.twitter.com\/widgets.js\" charset=\"utf-8\"><\/script><\/p>\r\n<p><blockquote class=\"twitter-tweet\" data-width=\"550\" data-dnt=\"true\"><p lang=\"pl\" dir=\"ltr\">Dzi\u0119kuj\u0119 <a href=\"https:\/\/twitter.com\/PolskaPolicja?ref_src=twsrc%5Etfw\">@PolskaPolicja<\/a> za sprawn\u0105 akcj\u0119 z wytypowaniem i zatrzymaniem osoby podejrzewanej o profancj\u0119 \u015bwi\u0119tego od wiek\u00f3w dla Polak\u00f3w wizerunku Matki Bo\u017cej. \u017badne bajanie o wolno\u015bci i \u201etolerancji\u201d NIKOMU nie daje prawa  do obra\u017cania uczu\u0107 ludzi wierz\u0105cych.<\/p>&mdash; Joachim Brudzi\u0144ski (@jbrudzinski) <a href=\"https:\/\/twitter.com\/jbrudzinski\/status\/1125351071692533760?ref_src=twsrc%5Etfw\">May 6, 2019<\/a><\/blockquote><script async src=\"https:\/\/platform.twitter.com\/widgets.js\" charset=\"utf-8\"><\/script><\/p>\r\n<p>Sprawa poruszy\u0142a polskich katolik\u00f3w, kt\u00f3rzy zacz\u0119li masowo zamieszcza\u0107 w mediach spo\u0142eczno\u015bciowych wizerunki Matki Bo\u017cej z Dzieci\u0105tkiem Jezus i kr\u00f3tkimi modlitwami.&nbsp;<\/p>\r\n<p>https:\/\/twitter.com\/MJMalinski\/status\/1125493357848027141<\/p>\r\n<p>Niestety tzw. \u015brodowiska post\u0119pu i wrogowie Ko\u015bcio\u0142a r\u00f3wnie\u017c rozpocz\u0119li internetow\u0105 akcj\u0119 polegaj\u0105c\u0105 na powielaniu blu\u017anierczego wizerunku Matki Bo\u017cej Cz\u0119stochowskiej w t\u0119czowej aureoli. Co gorsza zdecydowana wi\u0119kszo\u015b\u0107 lewicowych internaut\u00f3w&nbsp;\u201eokrasi\u0142a\u201d swoje posty perfidnymi i plugawymi komentarzami obra\u017caj\u0105cymi Matk\u0119 Bo\u017c\u0105, Pana Jezusa, Ko\u015bci\u00f3\u0142 i katolik\u00f3w. Znalaz\u0142o si\u0119 r\u00f3wnie\u017c wielu internaut\u00f3w wzywaj\u0105cych policj\u0119 i ministra Brudzi\u0144skiego do tego, aby ich aresztowano.&nbsp;\u201eJa te\u017c jestem blu\u017anierc\u0105, aresztujcie mnie\u201d, powtarzano jak mantr\u0119.<\/p>\r\n<p>https:\/\/twitter.com\/tomek_wyszynski\/status\/1125647214250987520<\/p>\r\n<p>https:\/\/twitter.com\/pawel_senkowski\/status\/1125516448057610240<\/p>\r\n<p>https:\/\/twitter.com\/Basiaw89\/status\/1125458385028157442<\/p>\r\n<p><blockquote class=\"twitter-tweet\" data-width=\"550\" data-dnt=\"true\"><p lang=\"pl\" dir=\"ltr\">Musimy si\u0119 liczy\u0107 z nieustann\u0105 walk\u0105 z imperium z\u0142a, kt\u00f3re wykorzystuje ka\u017cdy \u015brodek i okazj\u0119, aby o\u015bmieszy\u0107 wiar\u0119, wykpi\u0107 modl\u0105cych si\u0119, sprofanowa\u0107 symbole religijne. Trwajmy wi\u0119c przy Maryi, a Ona b\u0119dzie walczy\u0107 o nasz\u0105 godno\u015b\u0107, o godno\u015b\u0107 ka\u017cdego Polaka. Abp Tadeusz Wojda SAC<\/p>&mdash; Archidiecezja Bia\u0142ostocka (@BialArchi) <a href=\"https:\/\/twitter.com\/BialArchi\/status\/1125628506338152449?ref_src=twsrc%5Etfw\">May 7, 2019<\/a><\/blockquote><script async src=\"https:\/\/platform.twitter.com\/widgets.js\" charset=\"utf-8\"><\/script><\/p>\r\n<p>\u201eTak wygl\u0105da\u0142a wczoraj brama Pa\u0142acu Ostrowskiego we Wroc\u0142awiu po wizycie Marty Lenart wraz z innymi lewackimi terrorystami, brama i okolice obklejone wizerunkami Maryi z przerobiona aureola, sytuacja identyczna do tej z P\u0142ocka, czekamy na natychmiastow\u0105 reakcje organ\u00f3w \u015bcigania\u201d &#8211; pisa\u0142 na Twitterze Narodowy Lublin (nie zamieszczamy wpisu, gdy\u017c wida\u0107 na nim przyniesione przez lewicowc\u00f3w przerobione wizerunki Kr\u00f3lowej Polski).<\/p>\r\n<p>Dzia\u0142ania lewicy celnie podsumowa\u0142a internautka podpisuj\u0105ca si\u0119 nickiem eMAda.&nbsp;\u201eDzi\u0119ki p. ministrowi wizerunek Maryi zamie\u015bci\u0142y wczoraj aborterki, ateistki i dziennikarze medi\u00f3w wrogich katolikom. A skoro twierdzicie, \u017ce t\u0119cza to znak przymierza i mi\u0142o\u015bci, a nie homoseksualizmu, to rzeczywi\u015bcie trzeba uzna\u0107 to za cud\u201d, napisa\u0142a na Twitterze.<\/p>\r\n<p>\u0179r\u00f3d\u0142o: Twitter<\/p>\r\n<p>TK<\/p>\r\n<p class=\"zrodlo\">Za: <a href=\"https:\/\/www.pch24.pl\/internetowa-wojna-o-wizerunek-matki-bozej--polscy-katolicy-odpowiadaja-bluzniercom,68042,i.html\">PoloniaChristiana &#8211; pch24.pl (2019-05-07)<\/a><\/p>\r\n<h4>&nbsp;<\/h4>\r\n<hr style=\"background-color: #000000; border-width: 0; color: #000000; height: 2px; line-height: 0; text-align: center; width: 100%;\">\r\n<h4>&nbsp;<\/h4>\r\n<h2>Portal warszawskiego KIK: \u201et\u0119cza nas nie obra\u017ca\u201d. Ich mo\u017ce nie, ale miliony Polak\u00f3w &#8211; tak!<\/h2>\r\n<p>Portal Magazynu \u201eKontakt\u201d wzi\u0105\u0142 w obron\u0119 kobiet\u0119 podejrzan\u0105 o t\u0119czow\u0105 profanacj\u0119 wizerunku Matki Bo\u017cej Cz\u0119stochowskiej. Serwis jest wydawany przez warszawski Klub Inteligencji Katolickiej, za\u015b na dole widnieje napis: \u201eDofinansowano ze \u015brodk\u00f3w Ministra Kultury i Dziedzictwa Narodowego\u201d. Czy nie czas na dobr\u0105 zmian\u0119 w wydatkach resortu? Ale te\u017c czy nie czas, by biskupi upomnieli si\u0119 o w\u0142a\u015bciwsze dzia\u0142ania instytucji z nazwy katolickiej?<\/p>\r\n<p>Autor wpisu Stanis\u0142aw Krawczyk ju\u017c na wst\u0119pie twierdzi, \u017ce \u201epa\u0144stwo PiS\u201d (swoj\u0105 drog\u0105 czy mamy inne, r\u00f3wnoleg\u0142e pa\u0144stwo i konieczne jest zastrze\u017cenie, o kt\u00f3rym mowa?) \u201ewspiera dyskryminacj\u0119 i przemoc. R\u00f3wnocze\u015bnie blokuje pr\u00f3by opowiedzenia si\u0119 za grup\u0105, kt\u00f3rej spo\u0142eczne po\u0142o\u017cenie jest naprawd\u0119 trudne\u201d.<\/p>\r\n<p>Dalej na \u0142amach portalu KIK (\u201einternetowy dwutygodnik katolewicy spo\u0142ecznej\u201d) pojawiaj\u0105 si\u0119 s\u0142owa o\u2026 pokazowych represjach na tle religijnym. Autor niestety zapomnia\u0142, \u017ce m\u00f3wi\u0105cy o karach za \u201eobraz\u0119 uczu\u0107 religijnych\u201d artyku\u0142 196 Kodeksu karnego istnia\u0142 ju\u017c przed \u201epa\u0144stwem PiS\u201d, za\u015b ponoszenie odpowiedzialno\u015bci za czyny to fundament porz\u0105dku prawnego. KON STY TU CJA!<\/p>\r\n<p>W tek\u015bcie oczywi\u015bcie nie mog\u0142o zabrakn\u0105\u0107 dramaturgii. Niestety, nie mo\u017cemy powiedzie\u0107, by Stanis\u0142aw Krawczyk w pe\u0142ni osi\u0105gn\u0105\u0142 zamierzony cel. Z kolei ciekawostka (w ko\u0144cu to portal Klubu INTELIGENCJI Katolickiej, musi by\u0107 wi\u0119c b\u0142yskotliwie) o Portugalii z czas\u00f3w Salazara budzi mieszane uczucia. Czytamy bowiem: \u201eTego rodzaju dzia\u0142ania rz\u0105dzonego przez PiS pa\u0144stwa przypominaj\u0105 o tak ciemnych kartach historii, jak niekt\u00f3re dzia\u0142ania katolicko-nacjonalistycznej dyktatury Antonia Salazara. Owszem, Polsce jeszcze daleko do portugalskiego Nowego Pa\u0144stwa, ale nie jest to pow\u00f3d, by lekcewa\u017cy\u0107 kolejne kroki w jego stron\u0119\u201d. Czyli \u201epa\u0144stwo PiS\u201d przypomina dyktatur\u0119 Salazara, ale jednak nie przypomina, bo daleko, no, ale wicie, rozumicie, powody, te sprawy. No nie lekcewa\u017cmy, no nie. Absurd!<\/p>\r\n<p>Dalej Stanis\u0142aw Krawczyk zmienia temat, a my dowiadujemy si\u0119, \u017ce politycy PiS oraz biskupi \u201eprzemilczaj\u0105 skal\u0119 dyskryminacji i przemocy wobec os\u00f3b LGBT+ (tak samo zreszt\u0105 czyni wielu ksi\u0119\u017cy diecezjalnych, zakonnik\u00f3w, prawicowych i katolickich publicyst\u00f3w)\u201d oraz \u201euderzaj\u0105 w t\u0119 grup\u0119 i odrzucaj\u0105 pr\u00f3by jej obrony, pogarszaj\u0105c i tak trudn\u0105 ju\u017c sytuacj\u0119 os\u00f3b nieheteronormatywnych\u201d. W jaki spos\u00f3b to czyni\u0105? Autor zapewne wie, ale nie powie, gdy\u017c dowiadujemy si\u0119 tylko tyle, \u017ce przemilczaj\u0105 oraz uderzaj\u0105.<\/p>\r\n<p>Jednocze\u015bnie stwierdza, \u017ce wedle tych grup (polityk\u00f3w PiS, biskup\u00f3w, ksi\u0119\u017cy oraz prawicowych i katolickich publicyst\u00f3w) \u201ekilka t\u0119czowych pask\u00f3w na plakacie z wizerunkiem Maryi to przest\u0119pstwo straszniejsze od bezpo\u015brednich atak\u00f3w fizycznych i psychicznych\u201d. Niestety, i tym razem nie wiemy, kt\u00f3ry polityk, biskup lub publicysta pochwala przemoc wobec homoseksualist\u00f3w oraz czy aby Stanis\u0142aw Krawczyk jako \u201eprzemocy\u201d nie rozumie na przyk\u0142ad braku przywilej\u00f3w typu \u201ema\u0142\u017ce\u0144stwa\u201d jednop\u0142ciowe.<\/p>\r\n<p>Wiemy natomiast, \u017ce autor bagatelizuje profanacj\u0119 wizerunku, przed kt\u00f3rym przez wieki miliony Polak\u00f3w zanosi\u0142o modlitwy do Pana Boga za po\u015brednictwem naszej Kr\u00f3lowej, za\u015b przeciwnikom kpienia z obrazu zarzuca idolatri\u0119. Przywo\u0142uje przy tym Ksi\u0119g\u0119 Wyj\u015bcia, kt\u00f3ra \u201em\u00f3wi jasno, \u017ce wizerunkom nie nale\u017cy oddawa\u0107 czci nale\u017cnej Bogu\u201d oraz pisze, \u017ce \u201eoburzeni katolicy oraz odwo\u0142uj\u0105cy si\u0119 do ich uczu\u0107 biskupi, politycy i dziennikarze zachowuj\u0105 si\u0119 tak, jak gdyby symbol by\u0142 r\u00f3wnoznaczny z rzeczywisto\u015bci\u0105, do kt\u00f3rej ma si\u0119 odwo\u0142ywa\u0107\u201d. Niestety, Krawczyk nie dostrzega, \u017ce Polacy nie oddaj\u0105 czci wizerunkowi, a Matce Syna Bo\u017cego, kt\u00f3ra jest na nim przedstawiona. Swoj\u0105 drog\u0105 ciekawe, czy swoimi przemy\u015bleniami podzieli\u0142by si\u0119 tak\u017ce z papie\u017cem Franciszkiem, kt\u00f3ry b\u0119d\u0105c w Polsce w roku 2016 modli\u0142 si\u0119 przed obrazem Matki Bo\u017cej Cz\u0119stochowskiej.<\/p>\r\n<p>Na ko\u0144cu artyku\u0142u Stanis\u0142aw Krawczyk s\u0142usznie przypomina, \u017ce Kr\u00f3lestwo Chrystusa nie jest z tego \u015bwiata. Wyci\u0105ga jednak dziwne i zaskakuj\u0105ce wnioski. Twierdzi bowiem, \u017ce \u201emiejsce chrze\u015bcijan i chrze\u015bcijanek jest dzi\u015b nie u boku Joachima Brudzi\u0144skiego, lecz El\u017cbiety Podle\u015bnej. To nie t\u0119cza nas tu obra\u017ca\u201d. Czy jednak fakt, \u017ce Kr\u00f3lestwo Bo\u017ce nie jest z tego \u015bwiata oznacza, \u017ce mamy pozwoli\u0107 na profanacje i plugastwa? Czy nie wolno wyst\u0119powa\u0107 w obronie szacunku do wizerunku Naj\u015bwi\u0119tszej Maryi Panny? Przykazanie Bo\u017ce m\u00f3wi: \u201eczcij ojca swego i matk\u0119 swoj\u0105\u201d, za\u015b Maryja jest nasz\u0105 Matk\u0105, gdy\u017c Pan Jezus na Krzy\u017cu powiedzia\u0142 do ucznia: \u201eoto Matka twoja\u201d (J 19, 27). Ko\u015bci\u00f3\u0142 ju\u017c od wielu wiek\u00f3w rozumie te s\u0142owa w\u0142a\u015bnie jako uznanie Maryi za Matk\u0119 wszystkich ludzi. Ponadto czy nie powinni\u015bmy przypomina\u0107 wszystkim bli\u017anim, w tym homoseksualistom, \u017ce Kr\u00f3lestwo Chrystusa nie jest st\u0105d, a wi\u0119c nie nale\u017cy ulega\u0107 pokusom, a przeciwnie: trzeba si\u0119 im przeciwstawia\u0107, \u201ebo gdzie jest tw\u00f3j skarb, tam b\u0119dzie i serce twoje\u201d (Mt 6, 21)?<\/p>\r\n<p>\u0179r\u00f3d\u0142o: magazynkontakt.pl<\/p>\r\n<p><strong><em>Micha\u0142 Wa\u0142ach<\/em><\/strong><\/p>\r\n<p>7 maja na stronie kwartalnika \u201eWi\u0119\u017a\u201d znalaz\u0142 si\u0119 list podpisany przez niekt\u00f3rych przedstawicieli \u015brodowiska katolik\u00f3w otwartych. Skierowany zosta\u0142 do Konferencji Episkopatu Polski. Tuzy post\u0119powego \u015brodowiska nie tylko wyra\u017caj\u0105 sprzeciw wobec \u015bcigania sprawc\u00f3w profanacji przez policj\u0119, ale te\u017c pisz\u0105 o\u2026 \u201erzekomej profanacji\u201d.<\/p>\r\n<p>Co ciekawe, ju\u017c na wst\u0119pie widzimy swoist\u0105 uzurpacj\u0119, gdy\u017c tekst na stronie wiez.com.pl zosta\u0142 opisany jako \u201elist katolik\u00f3w do Konferencji Episkopatu Polski\u201d. Tymczasem zaprezentowane tam stanowisko nie reprezentuje wszystkich katolik\u00f3w &#8211; jest to list pewnej grupy, do kt\u00f3rej nale\u017c\u0105 m.in.: Halina Bortnowska (publicystka, Warszawa), prof. dr hab. Tadeusz Gadacz (filozof, Krak\u00f3w), Jakub Kiersnowski (prezes Klubu Inteligencji Katolickiej, Warszawa), Dominika Koz\u0142owska (redaktor naczelna miesi\u0119cznika \u201eZnak\u201d, Krak\u00f3w), Janusz Poniewierski (publicysta miesi\u0119cznika \u201eZnak\u201d, Krak\u00f3w), Jan Turnau (publicysta, Warszawa), Henryk Wujec (cz\u0142onek honorowy Klubu Inteligencji Katolickiej, Warszawa), Henryk Wo\u017aniakowski (prezes Wydawnictwa Znak, Krak\u00f3w), niekt\u00f3re inne osoby zwi\u0105zane z kwartalnikiem \u201eWi\u0119\u017a\u201d, \u201eZnakiem\u201d i inni.<\/p>\r\n<p class=\"zrodlo\">Za: <a href=\"https:\/\/www.pch24.pl\/portal-warszawskiego-kik--tecza-nas-nie-obraza--ich-moze-nie--ale-miliony-polakow---tak-,68044,i.html\">PoloniaChristiana &#8211; pch24.pl (2019-05-07)<\/a><\/p>\r\n<h4>&nbsp;<\/h4>\r\n<hr style=\"background-color: #000000; border-width: 0; color: #000000; height: 2px; line-height: 0; text-align: center; width: 100%;\">\r\n<h4>&nbsp;<\/h4>","protected":false},"excerpt":{"rendered":"W Kwidzyniu w katedrze \u015bw. Jana Ewangelisty dosz\u0142o do profanacji. Zdeptano i po\u0142amano krzy\u017c, a tak\u017ce do wody \u015bwi\u0119conej dolano alkohol. Sprawc\u00f3w do tej pory nie odnaleziono. Proboszcz prosi o modlitw\u0119 przeb\u0142agaln\u0105 za ten akt zniewagi wiary katolickiej. Trzeciego maja, gdy Polscy katolicy obchodzili \u015bwi\u0119to Matki Bo\u017cej Kr\u00f3lowej Polski, a tak\u017ce 228. rocznic\u0119 uchwalenia Konstytucji [&hellip;]","protected":false},"author":1,"featured_media":0,"comment_status":"closed","ping_status":"closed","sticky":false,"template":"","format":"standard","meta":{"_acf_changed":false,"_monsterinsights_skip_tracking":false,"_monsterinsights_sitenote_active":false,"_monsterinsights_sitenote_note":"","_monsterinsights_sitenote_category":0,"ngg_post_thumbnail":0,"footnotes":"","_wp_rev_ctl_limit":""},"categories":[8],"tags":[132,114,98],"acf":[],"_links":{"self":[{"href":"https:\/\/www.bibula.com\/index.php?rest_route=\/wp\/v2\/posts\/107826"}],"collection":[{"href":"https:\/\/www.bibula.com\/index.php?rest_route=\/wp\/v2\/posts"}],"about":[{"href":"https:\/\/www.bibula.com\/index.php?rest_route=\/wp\/v2\/types\/post"}],"author":[{"embeddable":true,"href":"https:\/\/www.bibula.com\/index.php?rest_route=\/wp\/v2\/users\/1"}],"replies":[{"embeddable":true,"href":"https:\/\/www.bibula.com\/index.php?rest_route=%2Fwp%2Fv2%2Fcomments&post=107826"}],"version-history":[{"count":0,"href":"https:\/\/www.bibula.com\/index.php?rest_route=\/wp\/v2\/posts\/107826\/revisions"}],"wp:attachment":[{"href":"https:\/\/www.bibula.com\/index.php?rest_route=%2Fwp%2Fv2%2Fmedia&parent=107826"}],"wp:term":[{"taxonomy":"category","embeddable":true,"href":"https:\/\/www.bibula.com\/index.php?rest_route=%2Fwp%2Fv2%2Fcategories&post=107826"},{"taxonomy":"post_tag","embeddable":true,"href":"https:\/\/www.bibula.com\/index.php?rest_route=%2Fwp%2Fv2%2Ftags&post=107826"}],"curies":[{"name":"wp","href":"https:\/\/api.w.org\/{rel}","templated":true}]}}