{"id":107771,"date":"2019-05-01T09:39:54","date_gmt":"2019-05-01T13:39:54","guid":{"rendered":"http:\/\/www.bibula.com\/?p=107771"},"modified":"2019-05-01T10:17:33","modified_gmt":"2019-05-01T14:17:33","slug":"liczba-imigrantow-zarobkowych-z-ukrainy-znow-rosnie","status":"publish","type":"post","link":"https:\/\/www.bibula.com\/?p=107771","title":{"rendered":"Liczba imigrant\u00f3w zarobkowych z Ukrainy zn\u00f3w ro\u015bnie"},"content":{"rendered":"<p><strong>Fala pracownik\u00f3w z Ukrainy nie maleje, a ich liczebno\u015b\u0107 w Polsce ponownie ro\u015bnie: w I kwartale br. o ponad 33 tys. os\u00f3b &#8211; informuje portal Bankier.pl, powo\u0142uj\u0105c si\u0119 na dane ZUS. Na koniec marca w Polsce ubezpieczenie spo\u0142eczne mia\u0142o 610 tys. obcokrajowc\u00f3w, z czego ponad 454 tys. to Ukrai\u0144cy.<\/strong><\/p>\r\n<p>Jak podaje portal Bankier.pl, po niespodziewanym spadku liczby Ukrai\u0144c\u00f3w ubezpieczonych w ZUS w IV kwartale ubieg\u0142ego roku, w pierwszych trzech miesi\u0105cach 2019 roku liczba ta ponownie wzros\u0142a.<\/p>\r\n<p>\u0141\u0105cznie w I kwartale br. liczba cudzoziemc\u00f3w ubezpieczonych w ZUS wzros\u0142a o 39 995 os\u00f3b. Ponad 80 proc. z nich stanowili Ukrai\u0144cy (33 841 os\u00f3b). Ponadto, przyby\u0142o te\u017c nieco ponad 2 tys. ubezpieczonych w Zak\u0142adzie Bia\u0142orusin\u00f3w, a tak\u017ce ponad tysi\u0105c Mo\u0142dawian oraz Gruzin\u00f3w.<\/p>\r\n<p>Wed\u0142ug danych ZUS, na koniec marca br. ubezpieczeniami spo\u0142ecznymi by\u0142o w Polsce obj\u0119tych 610 tys. cudzoziemc\u00f3w, z czego 3\/4 stanowili Ukrai\u0144cy (454,6 tys.). \u0141\u0105cznie z Bia\u0142orusinami (36,2 tys.) stanowili oni 80 proc. og\u00f3\u0142u ubezpieczonych. Trzecie miejsce zaj\u0119li przybysze z Mo\u0142dawii (8,9 tys.), a czwarte z Gruzji (8,2 tys.). Liczba imigrant\u00f3w zarobkowych z tego ostatniego kraje w ostatnim czasie bardzo szybko ro\u015bnie.<\/p>\r\n<p>Wcze\u015bniej informowali\u015bmy, \u017ce wed\u0142ug danych ministerstwa pracy, w ubieg\u0142ym roku w statystykach spad\u0142a liczba imigrant\u00f3w zarobkowych z Ukrainy. Jednak agencje zatrudnienia twierdz\u0105, \u017ce nap\u0142yw Ukrai\u0144c\u00f3w wcale nie zmala\u0142, lecz model zatrudniania cudzoziemc\u00f3w zmienia si\u0119 na d\u0142ugoterminowy.<\/p>\r\n<p><a href=\"https:\/\/kresy.pl\/wydarzenia\/rzad-pis-wyplaci-trzynasta-emeryture-takze-ukraincom\/\">Pisali\u015bmy r\u00f3wnie\u017c<\/a>, \u017ce rz\u0105d PiS tak napisa\u0142 ustaw\u0119 o tzw. trzynastej emeryturze Kaczy\u0144skiego, \u017ce jednorazowe \u015bwiadczenie otrzymaj\u0105 tak\u017ce tysi\u0105ce cudzoziemc\u00f3w &#8211; w tym ci, kt\u00f3rzy nawet nie mieszkaj\u0105 w Polsce. Dotyczy to m.in. Ukrai\u0144c\u00f3w.<\/p>\r\n<ul>\r\n\t<li>Przeczytaj: <a href=\"https:\/\/kresy.pl\/wydarzenia\/eurostat-polska-w-czolowce-w-ue-pod-wzgledem-legalnej-imigracji-szczegolnie-zarobkowej\/\">Eurostat: Polska w czo\u0142\u00f3wce w UE pod wzgl\u0119dem legalnej imigracji &#8211; szczeg\u00f3lnie zarobkowej<\/a><\/li>\r\n\t<li>Czytaj tak\u017ce: <a href=\"https:\/\/kresy.pl\/wydarzenia\/polityka\/bosak-o-masowej-imigracji-do-polski-prowadzi-do-powstania-panstwa-wielonarodowego\/\">Bosak o masowej imigracji do Polski &#8211; \u201eProwadzi do powstania pa\u0144stwa wielonarodowego\u201d<\/a><\/li>\r\n\t<li>Przeczytaj: <a href=\"https:\/\/kresy.pl\/wydarzenia\/dgp-skladki-ukraincow-ratuja-zus-dr-mech-to-bardzo-mylace-informacje\/\">DGP: sk\u0142adki Ukrai\u0144c\u00f3w ratuj\u0105 ZUS. Dr Mech: to bardzo myl\u0105ce informacje<\/a><\/li>\r\n\t<li>Czytaj tak\u017ce: <a href=\"https:\/\/kresy.pl\/publicystyka,opinie?zobacz\/ukrainizacja-polskiego-rynku-pracy-jest-nieunikniona-jestesmy-nakierowywani-na-gospodarcza-zapasc\">Ukrainizacja polskiego rynku pracy jest nieunikniona? \u201eJeste\u015bmy nakierowywani na gospodarcz\u0105 zapa\u015b\u0107\u201d<\/a><\/li>\r\n\t<li>Przeczytaj: <a href=\"https:\/\/kresy.pl\/wydarzenia\/500-dla-imigrantow-z-ukrainy-rz-oplaca-sie-im-sprowadzac-do-polski-cale-rodziny\/\">500+ dla imigrant\u00f3w z Ukrainy. \u201eRz\u201d: op\u0142aca si\u0119 im sprowadza\u0107 do Polski ca\u0142e rodziny<\/a><\/li>\r\n<\/ul>\r\n<p><a href=\"https:\/\/www.bankier.pl\/wiadomosc\/Znow-rosnie-liczba-Ukraincow-pracujacych-w-Polsce-7660949.html\">bankier.pl<\/a> \/ Kresy.pl<\/p>\r\n<p class=\"zrodlo\">Za: <a href=\"https:\/\/kresy.pl\/wydarzenia\/liczba-imigrantow-zarobkowych-z-ukrainy-znow-rosnie\/\">Kresy.pl (1 maja 2019)<\/a><\/p>\r\n<h4>&nbsp;<\/h4>\r\n<hr style=\"background-color: #000000; border-width: 0; color: #000000; height: 2px; line-height: 0; text-align: center; width: 100%;\">\r\n<h4>&nbsp;<\/h4>\r\n<h2>GUS: Liczba ludno\u015bci Polski maleje<\/h2>\r\n<p><strong>Liczba ludno\u015bci Polski w 2018 roku zmniejszy\u0142a si\u0119 o 22 tys. w por\u00f3wnaniu z rokiem poprzednim &#8211; podaje GUS. Urz\u0105d zwraca te\u017c uwag\u0119, \u017ce ponownie spad\u0142a liczba urodze\u0144 przy r\u00f3wnoczesnym wzro\u015bcie liczby zgon\u00f3w.<\/strong><\/p>\r\n<p>Wed\u0142ug danych podanych przez G\u0142\u00f3wny Urz\u0105d Statystyczny (GUS), w uj\u0119ciu rok do roku liczba ludno\u015bci Polski w 2018 roku zmniejszy\u0142a si\u0119 o 22 tys. os\u00f3b. Wed\u0142ug przygotowanego raportu na ten temat, w ko\u0144cu 2018 r. liczba ludno\u015bci Polski wynios\u0142a 38 411 tys., czyli o oko\u0142o 22 tys. mniej ni\u017c w ko\u0144cu 2017 roku.<\/p>\r\n<p>\u201eStopa ubytku rzeczywistego w minionym roku wynios\u0142a -0,06%, co oznacza, \u017ce na ka\u017cde 10 tys. ludno\u015bci uby\u0142o 6 os\u00f3b (w 2017 r. odnotowano nieznaczny przyrost rzeczywisty 0,001%)\u201d &#8211; czytamy w dokumencie na ten temat.<\/p>\r\n<p>W ocenie GUS, przebieg zjawisk demograficznych w 2018 roku nie uleg\u0142 zmianie w stosunku do obserwowanego przez minione 7 lat, a liczba ludno\u015bci Polski pocz\u0105wszy od 2012 roku zmniejsza si\u0119. Wyj\u0105tkiem by\u0142 tylko rok 2017, w kt\u00f3rym zanotowano nieznaczny wzrost (o niespe\u0142na tysi\u0105c os\u00f3b).<\/p>\r\n<p>Zaznaczono, \u017ce w ostatnich latach g\u0142\u00f3wny wp\u0142yw na zmiany w liczbie ludno\u015bci ma przyrost naturalny, kt\u00f3ry od 2013 roku pozostaje ujemny.<\/p>\r\n<p>\u201eW 2018 r. liczba urodze\u0144 by\u0142a ni\u017csza od liczby zgon\u00f3w o ok. 26 tys. Wsp\u00f3\u0142czynnik przyrostu naturalnego (na 1000 ludno\u015bci) wyni\u00f3s\u0142 -0,7; przed rokiem tak\u017ce by\u0142 ujemny, ale bliski zeru (-0,02\u201d\u00b0)\u201d &#8211; czytamy dalej.<\/p>\r\n<p>W ubieg\u0142ym roku zarejestrowano 388 tys. urodze\u0144 \u017cywych, co oznacza, \u017ce po dw\u00f3ch latach wzrostu liczba urodze\u0144 spad\u0142a; w tym przypadku o blisko 14 tys. Ponadto, w stosunku do 2017 roku o 0,4 promila zmniejszy\u0142 si\u0119 wsp\u00f3\u0142czynnik urodze\u0144, spadaj\u0105c do poziomu 10,1\u201d\u00b0. Zanotowano te\u017c wzrost liczby zgon\u00f3w w stosunku do roku poprzedzaj\u0105cego. Zmar\u0142o ponad 414 tys. os\u00f3b, czyli o ponad 11 tys. wi\u0119cej, ni\u017c w 2017 roku.<\/p>\r\n<p>\u201eW konsekwencji przyrost naturalny (r\u00f3\u017cnica mi\u0119dzy liczbami urodze\u0144 \u017cywych i zgon\u00f3w) by\u0142 ujemny i wyni\u00f3s\u0142 -26 tys. (w 2017 r. niespe\u0142na -1 tys.). Wsp\u00f3\u0142czynnik kszta\u0142towa\u0142 si\u0119 na poziomie -0,7\u201d\u00b0 w stosunku do -0,02\u201d\u00b0 w 2017 r. Oznacza to, \u017ce 2018 r., w wyniku ruchu naturalnego, na ka\u017cde 10 tys. ludno\u015bci kraju uby\u0142o 7 os\u00f3b. W miastach ju\u017c od ponad 20 lat notowany jest ubytek naturalny (z wyj\u0105tkiem lat 2008-2011), kt\u00f3ry w 2018 r. wyni\u00f3s\u0142 -26,6 tys. Na wsi przyrost naturalny jest nadal dodatni, ale coraz mniejszy &#8211; w minionym roku liczba urodze\u0144 przewy\u017cszy\u0142a liczb\u0119 zgon\u00f3w tylko o niespe\u0142na 0,6 tys.\u201d &#8211; pisze GUS.<\/p>\r\n<p>Jednocze\u015bnie, ludno\u015b\u0107 Polski coraz szybciej si\u0119 starzeje, na co wskazuj\u0105 tendencje zmian dotycz\u0105ce udzia\u0142u ludno\u015bci w wieku poprodukcyjnym (60 lat i wi\u0119cej w przypadku kobiet oraz 65 i wi\u0119cej w przypadku m\u0119\u017cczyzn). W latach 2000-2018 liczebno\u015b\u0107 takiej grupy os\u00f3b zwi\u0119kszy\u0142a si\u0119 o ponad 2,5 mln, do poziomu 8,2 mln. Jednocze\u015bnie, jej odsetek w og\u00f3le polskiego spo\u0142ecze\u0144stwa wzr\u00f3s\u0142 w tym okresie z niespe\u0142na 15% do ponad 21%.<\/p>\r\n<p>\u201eW przypadku tej grupy wieku r\u00f3\u017cnica udzia\u0142\u00f3w w og\u00f3lnych populacjach miast i wsi wynosi a\u017c 5 punkt\u00f3w procentowych. W 2018 r. w miastach odsetek ludno\u015bci w wieku poprodukcyjnym zwi\u0119kszy\u0142 si\u0119 do ponad 23%, a na terenach wiejskich do ponad 18%\u201d &#8211; podano w raporcie.<\/p>\r\n<ul>\r\n\t<li>Przeczytaj: <a href=\"https:\/\/kresy.pl\/wydarzenia\/polska\/gus-w-polsce-spada-liczba-urodzen-rosnie-umieralnosc-500-niewiele-pomoglo\/\">GUS: w Polsce spada liczba urodze\u0144, ro\u015bnie umieralno\u015b\u0107. 500+ niewiele pomog\u0142o<\/a><\/li>\r\n<\/ul>\r\n<p>Forsal.pl \/ ISBnews \/ Kresy.pl<\/p>\r\n<p class=\"zrodlo\">Za: <a href=\"https:\/\/kresy.pl\/wydarzenia\/gus-liczba-ludnosci-polski-maleje\/\">Kresy.pl (<span class=\"post-meta-infos\"><time class=\"date-container minor-meta updated\">1 maja 2019<\/time><\/span>)<\/a><\/p>\r\n<h4>&nbsp;<\/h4>\r\n<hr style=\"background-color: #000000; border-width: 0; color: #000000; height: 2px; line-height: 0; text-align: center; width: 100%;\">\r\n<h4>&nbsp;<\/h4>\r\n<h2>Polska sta\u0142a si\u0119 najwi\u0119kszym odbiorc\u0105 ukrai\u0144skich towar\u00f3w<\/h2>\r\n<p><strong>Spe\u0142ni\u0142y si\u0119 zapowiedzi m\u00f3wi\u0105ce, \u017ce Polska stanie si\u0119 w tym roku najwi\u0119kszym importerem towar\u00f3w z Ukrainy. Oficjalne dane za pierwszy kwarta\u0142 \u015bwiadcz\u0105, \u017ce najwi\u0119cej towar\u00f3w Ukraina wys\u0142a\u0142a w\u0142a\u015bnie do naszego kraju.<\/strong><\/p>\r\n<p>Jak zauwa\u017cono w poniedzia\u0142ek na rz\u0105dowej stronie kampanii Ukraine Now na Facebooku, Polska w pierwszym kwartale tego roku przegoni\u0142a Rosj\u0119 i sta\u0142a si\u0119 najwi\u0119kszym importerem towar\u00f3w z Ukrainy. Wed\u0142ug ukrai\u0144skiej Pa\u0144stwowej S\u0142u\u017cby Fiskalnej Ukraina wyeksportowa\u0142a do Polski towary warte 818 mln dolar\u00f3w, podczas gdy towary wys\u0142ane do Rosji by\u0142y warte 759 mln dolar\u00f3w.<\/p>\r\n<p><span id=\"ezoic-pub-ad-placeholder-111\" class=\"ezoic-adpicker-ad\"><\/span>Trzecim najwi\u0119kszym partnerem handlowym dla Ukrainy jest Egipt, kt\u00f3ry kupi\u0142 od tego kraju towary o warto\u015bci 652 mln dolar\u00f3w. W pierwszej pi\u0105tce s\u0105 jeszcze Chiny (640 mln dolar\u00f3w) i Turcja (638 mln dolar\u00f3w). Og\u00f3\u0142em Ukraina wyeksportowa\u0142a w I kwartale br. towary na sum\u0119 12,3 mld dolar\u00f3w, o 7 proc. wi\u0119cej ni\u017c w analogicznym okresie roku 2018. 5,27 mld dolar\u00f3w z tej sumy przypada\u0142o na pa\u0144stwa UE (o 5 proc. wi\u0119cej ni\u017c rok temu).<\/p>\r\n<p>Ukrai\u0144ski eksport do UE ro\u015bnie nieprzerwanie od 4 lat. Odwrotna sytuacja wyst\u0119puje w handu z Rosj\u0105 &#8211; od 2014 roku eksport ukrai\u0144skich towar\u00f3w do tego kraju spad\u0142 ponad 4-krotnie. Tylko w I kwartale tego roku zmniejszy\u0142 si\u0119 o 11 proc.<\/p>\r\n<p>W ukrai\u0144skim eksporcie dominuj\u0105 produkty przemys\u0142u metalurgicznego (2,8 mld dolar\u00f3w), produkty pochodzenia ro\u015blinnego (2,4 mld dolar\u00f3w) oraz maszyny i urz\u0105dzenia (1,1 mld dolar\u00f3w).<span id=\"ezoic-pub-ad-placeholder-110\" class=\"ezoic-adpicker-ad\"><\/span><\/p>\r\n<p><a href=\"https:\/\/kresy.pl\/wydarzenia\/regiony\/ukraina\/prasa-w-tym-roku-polska-stanie-sie-najwiekszym-odbiorca-ukrainskiego-eksportu\/\">Jak pisali\u015bmy<\/a>, w ubieg\u0142ym roku ukrai\u0144ski eksport do Polski wzr\u00f3s\u0142 o prawie 20 proc. Takie tempo dawa\u0142o podstawy do prognozowania, \u017ce Polska stanie si\u0119 w tym roku dla Ukrainy najwi\u0119kszym partnerem handlowym.<\/p>\r\n<p>Kresy.pl \/ Ukraine Now \/ Espreso<\/p>\r\n<p class=\"zrodlo\">Za: <a href=\"https:\/\/kresy.pl\/wydarzenia\/regiony\/ukraina\/polska-stala-sie-najwiekszym-odbiorca-ukrainskich-towarow\/\">Kresy.pl (30 kwietnia 2019)<\/a><\/p>\r\n<h4>&nbsp;<\/h4>\r\n<hr style=\"background-color: #000000; border-width: 0; color: #000000; height: 2px; line-height: 0; text-align: center; width: 100%;\">\r\n<h4>&nbsp;<\/h4>\r\n<h2>Masowe rozboje Ukrai\u0144c\u00f3w na Lubelszczy\u017anie! Bicie, podtapianie, przypalanie swoich ofiar<\/h2>\r\n<p><strong>Trzech Ukrai\u0144c\u00f3w stanie przed s\u0105dem za rozboje i terroryzowanie mieszka\u0144c\u00f3w Lubelszczyzny. Najm\u0142odszy z nich, kt\u00f3ry ma zaledwie 18 lat okaza\u0142 si\u0119 by\u0107 najbrutalniejszy w podej\u015bciu do ofiar. Fachowo zacierali \u015blady lecz i tak wpadli w r\u0119ce policji.<\/strong><\/p>\r\n<p>W czerwcu ubieg\u0142ego roku funkcjonariusze policji zatrzymali Ukrai\u0144c\u00f3w podczas rozboj\u00f3w w Beredyszczach powstrzymuj\u0105c zarazem masowe ataki na Polak\u00f3w. Byli z napadu na napad coraz brutalniejsi i coraz lepiej przygotowani. Fachowo zacierali \u015blady.<\/p>\r\n<p>Stan\u0105 przed S\u0105dem Okr\u0119gowym w Lublinie. Odpowiedz\u0105 za wyj\u0105tkowo brutalne rozboje, w kt\u00f3rych dopuszczali si\u0119 do torturowania swoich ofiar.<\/p>\r\n<p>Szef Klubu Gazety Polskiej w Wilnie tak\u017ce s\u0142u\u017cy\u0142 w Armii Czerwonej. Sakiewicz o tym milcza\u0142<\/p>\r\n<p>W miejscowo\u015bci Ocho\u017ca Kolonia niedaleko Che\u0142mna bandyci napadli na dom rodzinny. Poszkodowany Maciej S. zosta\u0142 zwi\u0105zany link\u0105 i rzucony na pod\u0142og\u0119. Po czym dw\u00f3ch oprawc\u00f3w narzucili mu poszewk\u0119 na g\u0142ow\u0119 oraz bili. Us\u0142ysza\u0142 krzyk \u017cony i da\u0142 2 000 z\u0142. Oprawcy s\u0105dzili, \u017ce jest handlarzem samochodami.<\/p>\r\n<p>Pytali o zielone Subaru. Podtapiali r\u00f3wnie\u017c w wannie. Gdy okaza\u0142o si\u0119, \u017ce m\u0119\u017cczyzna nie ma takiego auta zabrali pieni\u0105dze i uciekli z miejsca zdarzenia. P\u00f3\u017aniej okaza\u0142o si\u0119, \u017ce taki pojazd ma znajomy ma\u0142\u017ce\u0144stwa.<br>\r\nCoraz gro\u017aniejsze poczynania oprawc\u00f3w<\/p>\r\n<p>Nast\u0119pnym razem w Okszowie, zwi\u0105zano, bito i gro\u017cono obci\u0119ciem palc\u00f3w m\u0119\u017cczy\u017anie pytaj\u0105c si\u0119 o pieni\u0105dze. Poszkodowany mia\u0142 narzucony worek na g\u0142owie. Przypalono go r\u00f3wnie\u017c \u017celazkiem oraz z\u0142amano mu obojczyk.<\/p>\r\n<p>Jego partnerk\u0119 tak\u017ce pobito. Zaci\u0105gni\u0119to j\u0105 do \u0142azienki i gro\u017cono \u015bmierci\u0105. Kobieta prosi\u0142a by jej nie zabijano. Ukradli r\u00f3\u017cne cenne przedmioty ze z\u0142ota oraz drogocenn\u0105 kolekcj\u0119 militari\u00f3w. Straty oszacowano na 120 tysi\u0119cy z\u0142otych.<\/p>\r\n<p>Za trzecim razem tak\u017ce zaatakowano dom, gdzie ojca 10-letniego ch\u0142opca zwi\u0105zano i przypalano lok\u00f3wk\u0105 w r\u00f3\u017cnych miejscach na ciele. Jemu synowi gro\u017cono \u015bmierci\u0105. Napastnicy uciekli gdy m\u0119\u017cczyzna zacz\u0105\u0142 symulowa\u0107 napad serca. Ukradziono dobytek wart oko\u0142o 60 tysi\u0119cy z\u0142otych.<\/p>\r\n<p>Udzia\u0142 w napadach bra\u0142o w sumie 10 os\u00f3b w r\u00f3\u017cnych konfiguracjach, ustalili che\u0142mscy kryminalni.<\/p>\r\n<p>Ofiary nie by\u0142y w stanie rozpozna\u0107 wszystkich sprawc\u00f3w. Nie zostawili oni odcisk\u00f3w palc\u00f3w, ani \u015blad\u00f3w DNA. Dlatego akt oskar\u017cenia obejmuje jedynie trzy osoby. Zdaniem \u015bledczych we wszystkich trzech napadach uczestniczy\u0142 18-letni Maksym S. Czasami towarzyszyli mu Oleksandr F. i Oleksandr S. Grozi im do 12 lat wi\u0119zienia.<\/p>\r\n<p>dziennik wschodni<\/p>\r\n<p class=\"zrodlo\">Za: <a href=\"https:\/\/medianarodowe.com\/masowe-rozboje-ukraincow-na-lubelszczyznie\/\">medianarodowe (30 kwietnia 2019)<\/a><\/p>\r\n<h4>&nbsp;<\/h4>\r\n<hr style=\"background-color: #000000; border-width: 0; color: #000000; height: 2px; line-height: 0; text-align: center; width: 100%;\">\r\n<h4>&nbsp;<\/h4>","protected":false},"excerpt":{"rendered":"Fala pracownik\u00f3w z Ukrainy nie maleje, a ich liczebno\u015b\u0107 w Polsce ponownie ro\u015bnie: w I kwartale br. o ponad 33 tys. os\u00f3b &#8211; informuje portal Bankier.pl, powo\u0142uj\u0105c si\u0119 na dane ZUS. Na koniec marca w Polsce ubezpieczenie spo\u0142eczne mia\u0142o 610 tys. obcokrajowc\u00f3w, z czego ponad 454 tys. to Ukrai\u0144cy. Jak podaje portal Bankier.pl, po niespodziewanym [&hellip;]","protected":false},"author":1,"featured_media":0,"comment_status":"closed","ping_status":"closed","sticky":false,"template":"","format":"standard","meta":{"_acf_changed":false,"_monsterinsights_skip_tracking":false,"_monsterinsights_sitenote_active":false,"_monsterinsights_sitenote_note":"","_monsterinsights_sitenote_category":0,"ngg_post_thumbnail":0,"footnotes":"","_wp_rev_ctl_limit":""},"categories":[8],"tags":[203,76,98,52,167],"acf":[],"_links":{"self":[{"href":"https:\/\/www.bibula.com\/index.php?rest_route=\/wp\/v2\/posts\/107771"}],"collection":[{"href":"https:\/\/www.bibula.com\/index.php?rest_route=\/wp\/v2\/posts"}],"about":[{"href":"https:\/\/www.bibula.com\/index.php?rest_route=\/wp\/v2\/types\/post"}],"author":[{"embeddable":true,"href":"https:\/\/www.bibula.com\/index.php?rest_route=\/wp\/v2\/users\/1"}],"replies":[{"embeddable":true,"href":"https:\/\/www.bibula.com\/index.php?rest_route=%2Fwp%2Fv2%2Fcomments&post=107771"}],"version-history":[{"count":0,"href":"https:\/\/www.bibula.com\/index.php?rest_route=\/wp\/v2\/posts\/107771\/revisions"}],"wp:attachment":[{"href":"https:\/\/www.bibula.com\/index.php?rest_route=%2Fwp%2Fv2%2Fmedia&parent=107771"}],"wp:term":[{"taxonomy":"category","embeddable":true,"href":"https:\/\/www.bibula.com\/index.php?rest_route=%2Fwp%2Fv2%2Fcategories&post=107771"},{"taxonomy":"post_tag","embeddable":true,"href":"https:\/\/www.bibula.com\/index.php?rest_route=%2Fwp%2Fv2%2Ftags&post=107771"}],"curies":[{"name":"wp","href":"https:\/\/api.w.org\/{rel}","templated":true}]}}