{"id":107769,"date":"2019-05-01T09:29:18","date_gmt":"2019-05-01T13:29:18","guid":{"rendered":"http:\/\/www.bibula.com\/?p=107769"},"modified":"2019-05-01T09:29:18","modified_gmt":"2019-05-01T13:29:18","slug":"sensacyjne-wyniki-sondazu-konfederacja-deklasuje-politycznych-rywali-notujac-31-procent-poparcia","status":"publish","type":"post","link":"https:\/\/www.bibula.com\/?p=107769","title":{"rendered":"Sensacyjne wyniki sonda\u017cu. Konfederacja deklasuje politycznych rywali notuj\u0105c 31 procent poparcia"},"content":{"rendered":"<p><strong>Konfederacja KORWiN Braun Liroy Narodowcy mo\u017ce liczy\u0107 na 31 procentowe poparcie. Gdyby liczy\u0142y si\u0119 tylko g\u0142osy m\u0142odych m\u0119\u017cczyzn, ugrupowanie zwyci\u0119\u017cy\u0142oby zdecydowanie w nadchodz\u0105cych wyborach do Europarlamentu.<\/strong><\/p>\r\n<p>Sonda\u017c przeprowadzi\u0142 Kantar Public w dniach 4-9 kwietnia 2019 na pr\u00f3bie 788 os\u00f3b. Obejmowa\u0142 on grup\u0119 najm\u0142odszych wyborc\u00f3w uprawnionych do g\u0142osowania w wyborach do Parlamentu Europejskiego.<\/p>\r\n<p>Grupa zosta\u0142a okre\u015blona tak\u017ce pod k\u0105tem p\u0142ci. Stanowili j\u0105 m\u0119\u017cczy\u017ani w wieku 18-30 lat.<\/p>\r\n<p>Konfederacja KORWiN Braun Liroy Narodowcy deklasuje politycznych rywali w tej grupie uzyskuj\u0105c 31 procent poparcia.<\/p>\r\n<p>Na drugim miejscu jest PiS z 23 procentami poparcia, a na trzecim Wiosna, na kt\u00f3r\u0105 zamierza g\u0142osowa\u0107 18 procent wyborc\u00f3w.<\/p>\r\n<p>Bardzo s\u0142aby wynik w tej grupie wyborc\u00f3w zanotowa\u0142a Koalicja Europejska, kt\u00f3r\u0105 chce poprze\u0107 zaledwie 12 procent respondent\u00f3w.<\/p>\r\n<p>Wyniki ostatnich sonda\u017cy obejmuj\u0105ce wszystkich wyborc\u00f3w pokazuj\u0105, \u017ce Konfederacja KORWiN Braun Liroy Narodowcy przekroczy pr\u00f3g wyborczy w wyborach do Europarlamantu.<\/p>\r\n<p><blockquote class=\"twitter-tweet\" data-width=\"550\" data-dnt=\"true\"><p lang=\"nl\" dir=\"ltr\">Poland (European Election) Kantar Public poll:<br><br>18-30 male voters only<br><br>KON-EFDD\/NI: 31%<br>PiS-ECR: 23%<br>Wiosna-S&amp;D: 18%<br>KE (EPP\/ALDE\/S&amp;D\/G\/EFA): 12%<br>K&#39;15-EFDD\/ECR: 12%<br>LRAZ-*\/*\/S&amp;D: 5%<br><br>Field work: 4-9 April 2019<br>Sample size: 788<br><br>\u27a4<a href=\"https:\/\/t.co\/WMMN58m6v6\">https:\/\/t.co\/WMMN58m6v6<\/a><a href=\"https:\/\/twitter.com\/hashtag\/EP2019?src=hash&amp;ref_src=twsrc%5Etfw\">#EP2019<\/a> <a href=\"https:\/\/t.co\/7djpPAK3ex\">pic.twitter.com\/7djpPAK3ex<\/a><\/p>&mdash; Europe Elects (@EuropeElects) <a href=\"https:\/\/twitter.com\/EuropeElects\/status\/1123123328338792453?ref_src=twsrc%5Etfw\">April 30, 2019<\/a><\/blockquote><script async src=\"https:\/\/platform.twitter.com\/widgets.js\" charset=\"utf-8\"><\/script><\/p>\r\n<p class=\"zrodlo\">Za: <a href=\"https:\/\/nczas.com\/2019\/05\/01\/sensacyjne-wyniki-sondazu-konfederacja-deklasuje-politycznych-rywali-notujac-31-procent-poparcia\/\">Najwy\u017cszy Czas! (<span class=\"td-post-date td-post-date-no-dot\"><time class=\"entry-date updated td-module-date\" datetime=\"2019-05-01T13:35:55+00:00\">01\/05\/2019<\/time><\/span>)<\/a><\/p>\r\n<h4>&nbsp;<\/h4>\r\n<hr style=\"background-color: #000000; border-width: 0; color: #000000; height: 2px; line-height: 0; text-align: center; width: 100%;\">\r\n<h4>&nbsp;<\/h4>\r\n<h2>Oni ju\u017c wiedz\u0105! To dlatego trwa w\u015bciek\u0142y atak na Konfederacj\u0119!<\/h2>\r\n<p><strong>\u015amiali si\u0119, potem przemilczali, a teraz zwalczaj\u0105, poniewa\u017c w obozie Prawa i Sprawiedliwo\u015bci zapanowa\u0142a konsternacja po publikacjach kolejnych sonda\u017cy i wyniku Konfederacji Korwin Braun Liroy Narodowcy.<\/strong><\/p>\r\n<p>W ostatnim czasie \u201eWiadomo\u015bci\u201d TVP dopu\u015bci\u0142y si\u0119 kuriozalnego ataku na jednego z lider\u00f3w koalicji Krzysztofa Bosaka, a medialn\u0105 krucjat\u0119 od d\u0142u\u017cszego czasu prowadzi Tomasz Sakiewicz &#8211; redaktor naczelny \u201eGazety Polskiej\u201d i organizator Klub\u00f3w Gazety Polskiej, wspieraj\u0105cy otwarcie Prawo i Sprawiedliwo\u015b\u0107.<\/p>\r\n<p>Teraz ju\u017c wiadomo, sk\u0105d tak nag\u0142a, raptowna i diametralna zmiana wobec \u015brodowisk patriotycznych, kt\u00f3re zjednoczy\u0142y si\u0119 pod szyldem Konfederacji.<\/p>\r\n<p>\u201eSk\u0105d te w\u015bciek\u0142e ataki pisowskich medi\u00f3w na Konfederacj\u0119? Wed\u0142ug wewn\u0119trznych sonda\u017cy Nowogrodzkiej poparcie dla naszej propolskiej koalicji si\u0119ga teraz nawet 9%. PiSy szczekaj\u0105, Konfederacja jedzie dalej!\u201d &#8211; czytamy na profilu Konfederacji.<\/p>\r\n<p>Podczas relacji na \u017cywo Janusz Korwin-Mikke powiedzia\u0142: \u201e<em>Kampania si\u0119 jeszcze nie zacz\u0119\u0142a, a ju\u017c w tej chwili wida\u0107, \u017ce wytaczaj\u0105 na nas pot\u0119\u017cne dzia\u0142a. Wed\u0142ug sonda\u017cy, kt\u00f3re zna rz\u0105d to jest oko\u0142o 9%. To jest na pocz\u0105tek, narazie po\u0142owa ludzi jeszcze nie wie, \u017ce istnieje Konfederacja. Niech nas atakuj\u0105<\/em>\u201e.<\/p>\r\n<blockquote>\r\n<p>Sk\u0105d te w\u015bciek\u0142e ataki pisowskich medi\u00f3w na Konfederacj\u0119? Wed\u0142ug wewn\u0119trznych sonda\u017cy Nowogrodzkiej poparcie dla naszej propolskiej koalicji si\u0119ga teraz nawet 9%.<br>\r\nPiSy szczekaj\u0105, Konfederacja jedzie dalej! <a href=\"https:\/\/twitter.com\/hashtag\/Dru%C5%BCynaKonfederacji?src=hash&amp;ref_src=twsrc%5Etfw\">#Dru\u017cynaKonfederacji<\/a><a href=\"https:\/\/t.co\/qcMHnXYiuX\">https:\/\/t.co\/qcMHnXYiuX<\/a><\/p>\r\n<p>\u201d\u201d Korwin Braun Liroy Narodowcy (@KONFEDERACJA_) <a href=\"https:\/\/twitter.com\/KONFEDERACJA_\/status\/1123343596210487302?ref_src=twsrc%5Etfw\">30 kwietnia 2019<\/a><\/p>\r\n<\/blockquote>\r\n<p><em>\u0179r\u00f3d\u0142o: Janusz Korwin-Mikke\/Facebook<\/em><\/p>\r\n<p class=\"zrodlo\">Za: <a href=\"https:\/\/nczas.com\/2019\/05\/01\/oni-juz-wiedza-to-dlatego-trwa-wsciekly-atak-na-konfederacje\/\">Najwy\u017cszy Czas! (01\/05\/2019)<\/a><\/p>\r\n<h4>&nbsp;<\/h4>\r\n<hr style=\"background-color: #000000; border-width: 0; color: #000000; height: 2px; line-height: 0; text-align: center; width: 100%;\">\r\n<h4>&nbsp;<\/h4>\r\n<h2>Kaja Godek ujawnia, dlaczego PiS-owskie media nienawidz\u0105 Konfederacji Korwin Braun Liroy Narodowcy. \u201eWcale nie \u00abniejasno\u015bci\u00bb i jakie\u015b fotki w necie\u201d<\/h2>\r\n<p>Tomasz Sakiewicz i jego skrajnie propartyjne media od kilku dni nie ustaj\u0105 w dokonywaniu atak\u00f3w na Konfederacj\u0119 bezczelnymi fakenewsami. Opr\u00f3cz standardowej ruskiej agentury i rzekomego pobierania pieni\u0119dzy z Kremla, posz\u0142o te\u017c nawi\u0105zanie do Targowicy. Kaja Godek odnios\u0142a si\u0119 na Twitterze do tych bredni.<\/p>\r\n<p>\u201eWiecie co przeszkadza mediom PiSu w @KONFEDERACJA_?\u201d &#8211; pyta\u0142a Internaut\u00f3w Godek.<\/p>\r\n<p>\u201eWcale nie \u00abniejasno\u015bci\u00bb i jakie\u015b fotki w necie, tylko poni\u017csze postulaty\u201d &#8211; stwierdzi\u0142a wymieniaj\u0105c Zatrzymaj Aborcj\u0119, Stop Dewiacji, NIE dla Konwencji Stambulskiej, Stop447, niskie podatki, bon o\u015bwiatowy, NIE dla pakietu klimatycznego, Stop UE.<\/p>\r\n<p>https:\/\/twitter.com\/GodekKaja\/status\/1123339994284929024<\/p>\r\n<p>\u0179r\u00f3d\u0142a: Twitter\/nczas.com<\/p>\r\n<p class=\"zrodlo\">Za: <a href=\"https:\/\/nczas.com\/2019\/05\/01\/kaja-godek-ujawnia-dlaczego-pis-owskie-media-nienawidza-konfederacji-korwin-braun-liroy-narodowcy-wcale-nie-niejasnosci-i-jakies-fotki-w-necie\/\">Najwy\u017cszy Czas! (01\/05\/2019)<\/a><\/p>\r\n<h4>&nbsp;<\/h4>\r\n<hr style=\"background-color: #000000; border-width: 0; color: #000000; height: 2px; line-height: 0; text-align: center; width: 100%;\">\r\n<h4>&nbsp;<\/h4>","protected":false},"excerpt":{"rendered":"Konfederacja KORWiN Braun Liroy Narodowcy mo\u017ce liczy\u0107 na 31 procentowe poparcie. Gdyby liczy\u0142y si\u0119 tylko g\u0142osy m\u0142odych m\u0119\u017cczyzn, ugrupowanie zwyci\u0119\u017cy\u0142oby zdecydowanie w nadchodz\u0105cych wyborach do Europarlamentu. Sonda\u017c przeprowadzi\u0142 Kantar Public w dniach 4-9 kwietnia 2019 na pr\u00f3bie 788 os\u00f3b. Obejmowa\u0142 on grup\u0119 najm\u0142odszych wyborc\u00f3w uprawnionych do g\u0142osowania w wyborach do Parlamentu Europejskiego. Grupa zosta\u0142a okre\u015blona [&hellip;]","protected":false},"author":1,"featured_media":0,"comment_status":"closed","ping_status":"closed","sticky":false,"template":"","format":"standard","meta":{"_acf_changed":false,"_monsterinsights_skip_tracking":false,"_monsterinsights_sitenote_active":false,"_monsterinsights_sitenote_note":"","_monsterinsights_sitenote_category":0,"ngg_post_thumbnail":0,"footnotes":"","_wp_rev_ctl_limit":""},"categories":[8],"tags":[98,20],"acf":[],"_links":{"self":[{"href":"https:\/\/www.bibula.com\/index.php?rest_route=\/wp\/v2\/posts\/107769"}],"collection":[{"href":"https:\/\/www.bibula.com\/index.php?rest_route=\/wp\/v2\/posts"}],"about":[{"href":"https:\/\/www.bibula.com\/index.php?rest_route=\/wp\/v2\/types\/post"}],"author":[{"embeddable":true,"href":"https:\/\/www.bibula.com\/index.php?rest_route=\/wp\/v2\/users\/1"}],"replies":[{"embeddable":true,"href":"https:\/\/www.bibula.com\/index.php?rest_route=%2Fwp%2Fv2%2Fcomments&post=107769"}],"version-history":[{"count":0,"href":"https:\/\/www.bibula.com\/index.php?rest_route=\/wp\/v2\/posts\/107769\/revisions"}],"wp:attachment":[{"href":"https:\/\/www.bibula.com\/index.php?rest_route=%2Fwp%2Fv2%2Fmedia&parent=107769"}],"wp:term":[{"taxonomy":"category","embeddable":true,"href":"https:\/\/www.bibula.com\/index.php?rest_route=%2Fwp%2Fv2%2Fcategories&post=107769"},{"taxonomy":"post_tag","embeddable":true,"href":"https:\/\/www.bibula.com\/index.php?rest_route=%2Fwp%2Fv2%2Ftags&post=107769"}],"curies":[{"name":"wp","href":"https:\/\/api.w.org\/{rel}","templated":true}]}}